{"id":9513,"date":"2022-11-21T14:55:41","date_gmt":"2022-11-21T14:55:41","guid":{"rendered":"https:\/\/formantia.es\/blog\/?p=9513"},"modified":"2023-02-14T19:41:10","modified_gmt":"2023-02-14T19:41:10","slug":"convocatoria-para-el-ingreso-del-puesto-de-trabajo-de-tecnico-en-cuidados-auxiliares-de-enfermeria-t-c-a-e-para-el-servicio-navarro-de-salud-osasunbidea-21-11-2022","status":"publish","type":"post","link":"https:\/\/formantia.es\/blog\/convocatoria-para-el-ingreso-del-puesto-de-trabajo-de-tecnico-en-cuidados-auxiliares-de-enfermeria-t-c-a-e-para-el-servicio-navarro-de-salud-osasunbidea-21-11-2022\/","title":{"rendered":"Convocatoria para el ingreso del puesto de trabajo de T\u00e9cnico en Cuidados Auxiliares de Enfermer\u00eda (T.C.A.E.) para el Servicio Navarro de Salud-Osasunbidea."},"content":{"rendered":"\t\t<div data-elementor-type=\"wp-post\" data-elementor-id=\"9513\" class=\"elementor elementor-9513\" data-elementor-post-type=\"post\">\n\t\t\t\t\t\t<section class=\"elementor-section elementor-top-section elementor-element elementor-element-b73a0bc elementor-section-boxed elementor-section-height-default elementor-section-height-default\" data-id=\"b73a0bc\" data-element_type=\"section\">\n\t\t\t\t\t\t<div class=\"elementor-container elementor-column-gap-default\">\n\t\t\t\t\t<div class=\"elementor-column elementor-col-100 elementor-top-column elementor-element elementor-element-fbd9720\" data-id=\"fbd9720\" data-element_type=\"column\">\n\t\t\t<div class=\"elementor-widget-wrap elementor-element-populated\">\n\t\t\t\t\t\t<div class=\"elementor-element elementor-element-f487157 elementor-widget elementor-widget-image\" data-id=\"f487157\" data-element_type=\"widget\" data-widget_type=\"image.default\">\n\t\t\t\t<div class=\"elementor-widget-container\">\n\t\t\t\t\t\t\t\t\t\t\t\t\t\t\t<img fetchpriority=\"high\" decoding=\"async\" width=\"640\" height=\"640\" src=\"https:\/\/formantia.es\/blog\/wp-content\/uploads\/2022\/11\/Formantia-TCAE-Navarra-12-plazas-1024x1024.jpeg\" class=\"attachment-large size-large wp-image-9514\" alt=\"Formantia TCAE Navarra 12 plazas\" srcset=\"https:\/\/formantia.es\/blog\/wp-content\/uploads\/2022\/11\/Formantia-TCAE-Navarra-12-plazas-1024x1024.jpeg 1024w, https:\/\/formantia.es\/blog\/wp-content\/uploads\/2022\/11\/Formantia-TCAE-Navarra-12-plazas-300x300.jpeg 300w, https:\/\/formantia.es\/blog\/wp-content\/uploads\/2022\/11\/Formantia-TCAE-Navarra-12-plazas-150x150.jpeg 150w, https:\/\/formantia.es\/blog\/wp-content\/uploads\/2022\/11\/Formantia-TCAE-Navarra-12-plazas-768x768.jpeg 768w, https:\/\/formantia.es\/blog\/wp-content\/uploads\/2022\/11\/Formantia-TCAE-Navarra-12-plazas.jpeg 1080w\" sizes=\"(max-width: 640px) 100vw, 640px\" \/>\t\t\t\t\t\t\t\t\t\t\t\t\t\t\t<\/div>\n\t\t\t\t<\/div>\n\t\t\t\t\t<\/div>\n\t\t<\/div>\n\t\t\t\t\t<\/div>\n\t\t<\/section>\n\t\t\t\t<section class=\"elementor-section elementor-top-section elementor-element elementor-element-0a72fa9 elementor-section-boxed elementor-section-height-default elementor-section-height-default\" data-id=\"0a72fa9\" data-element_type=\"section\">\n\t\t\t\t\t\t<div class=\"elementor-container elementor-column-gap-default\">\n\t\t\t\t\t<div class=\"elementor-column elementor-col-100 elementor-top-column elementor-element elementor-element-30774af\" data-id=\"30774af\" data-element_type=\"column\">\n\t\t\t<div class=\"elementor-widget-wrap elementor-element-populated\">\n\t\t\t\t\t\t<div class=\"elementor-element elementor-element-4346fdf elementor-widget elementor-widget-text-editor\" data-id=\"4346fdf\" data-element_type=\"widget\" data-widget_type=\"text-editor.default\">\n\t\t\t\t<div class=\"elementor-widget-container\">\n\t\t\t\t\t\t\t\t\t<p>Publicada la RESOLUCI\u00d3N 2645E\/2022, de 9 de noviembre, del director gerente del Servicio Navarro de Salud-Osasunbidea, por la que se aprueba la convocatoria para el ingreso, mediante concurso-oposici\u00f3n, de un m\u00e1ximo de 12 plazas del puesto de trabajo de t\u00e9cnico en cuidados auxiliares de enfermer\u00eda (T.C.A.E.) para el Servicio Navarro de Salud-Osasunbidea.<\/p>\t\t\t\t\t\t\t\t<\/div>\n\t\t\t\t<\/div>\n\t\t\t\t\t<\/div>\n\t\t<\/div>\n\t\t\t\t\t<\/div>\n\t\t<\/section>\n\t\t\t\t<section class=\"elementor-section elementor-top-section elementor-element elementor-element-52dd60d elementor-section-boxed elementor-section-height-default elementor-section-height-default\" data-id=\"52dd60d\" data-element_type=\"section\">\n\t\t\t\t\t\t<div class=\"elementor-container elementor-column-gap-default\">\n\t\t\t\t\t<div class=\"elementor-column elementor-col-100 elementor-top-column elementor-element elementor-element-ee63f51\" data-id=\"ee63f51\" data-element_type=\"column\">\n\t\t\t<div class=\"elementor-widget-wrap elementor-element-populated\">\n\t\t\t\t\t\t<div class=\"elementor-element elementor-element-d62e80f elementor-widget elementor-widget-text-editor\" data-id=\"d62e80f\" data-element_type=\"widget\" data-widget_type=\"text-editor.default\">\n\t\t\t\t<div class=\"elementor-widget-container\">\n\t\t\t\t\t\t\t\t\t<p style=\"text-align: center;\"><span style=\"color: #000080;\"><strong>\ud83d\udc49<a href=\"https:\/\/bon.navarra.es\/es\/anuncio\/-\/texto\/2022\/230\/18\"> Acceder a la Resoluci\u00f3n<\/a><\/strong><\/span><\/p>\t\t\t\t\t\t\t\t<\/div>\n\t\t\t\t<\/div>\n\t\t\t\t\t<\/div>\n\t\t<\/div>\n\t\t\t\t\t<\/div>\n\t\t<\/section>\n\t\t\t\t<section class=\"elementor-section elementor-top-section elementor-element elementor-element-f605ba2 elementor-section-boxed elementor-section-height-default elementor-section-height-default\" data-id=\"f605ba2\" data-element_type=\"section\">\n\t\t\t\t\t\t<div class=\"elementor-container elementor-column-gap-default\">\n\t\t\t\t\t<div class=\"elementor-column elementor-col-100 elementor-top-column elementor-element elementor-element-0a34a52\" data-id=\"0a34a52\" data-element_type=\"column\">\n\t\t\t<div class=\"elementor-widget-wrap elementor-element-populated\">\n\t\t\t\t\t\t<div class=\"elementor-element elementor-element-0d3cf7e elementor-widget elementor-widget-heading\" data-id=\"0d3cf7e\" data-element_type=\"widget\" data-widget_type=\"heading.default\">\n\t\t\t\t<div class=\"elementor-widget-container\">\n\t\t\t\t\t<h2 class=\"elementor-heading-title elementor-size-default\">N\u00ba plazas convocadas: 12 plazas<\/h2>\t\t\t\t<\/div>\n\t\t\t\t<\/div>\n\t\t\t\t\t<\/div>\n\t\t<\/div>\n\t\t\t\t\t<\/div>\n\t\t<\/section>\n\t\t\t\t<section class=\"elementor-section elementor-top-section elementor-element elementor-element-068afc0 elementor-section-boxed elementor-section-height-default elementor-section-height-default\" data-id=\"068afc0\" data-element_type=\"section\">\n\t\t\t\t\t\t<div class=\"elementor-container elementor-column-gap-default\">\n\t\t\t\t\t<div class=\"elementor-column elementor-col-100 elementor-top-column elementor-element elementor-element-79d264e\" data-id=\"79d264e\" data-element_type=\"column\">\n\t\t\t<div class=\"elementor-widget-wrap elementor-element-populated\">\n\t\t\t\t\t\t<div class=\"elementor-element elementor-element-e815392 elementor-widget elementor-widget-text-editor\" data-id=\"e815392\" data-element_type=\"widget\" data-widget_type=\"text-editor.default\">\n\t\t\t\t<div class=\"elementor-widget-container\">\n\t\t\t\t\t\t\t\t\t<p>La provisi\u00f3n de los puestos de T.C.A.E. convocados se distribuye de la siguiente forma:<\/p>\t\t\t\t\t\t\t\t<\/div>\n\t\t\t\t<\/div>\n\t\t\t\t\t<\/div>\n\t\t<\/div>\n\t\t\t\t\t<\/div>\n\t\t<\/section>\n\t\t\t\t<section class=\"elementor-section elementor-top-section elementor-element elementor-element-a344026 elementor-section-boxed elementor-section-height-default elementor-section-height-default\" data-id=\"a344026\" data-element_type=\"section\">\n\t\t\t\t\t\t<div class=\"elementor-container elementor-column-gap-default\">\n\t\t\t\t\t<div class=\"elementor-column elementor-col-100 elementor-top-column elementor-element elementor-element-f65be57\" data-id=\"f65be57\" data-element_type=\"column\">\n\t\t\t<div class=\"elementor-widget-wrap elementor-element-populated\">\n\t\t\t\t\t\t<div class=\"elementor-element elementor-element-1bf7f69 elementor-widget elementor-widget-text-editor\" data-id=\"1bf7f69\" data-element_type=\"widget\" data-widget_type=\"text-editor.default\">\n\t\t\t\t<div class=\"elementor-widget-container\">\n\t\t\t\t\t\t\t\t\t<p>\u2705 9 plazas para el turno libre.<\/p><p>\u2705 2 plazas reservadas para el turno de personas con discapacidad.<\/p><p>\u2705 1 plaza reservada para el turno de mujeres v\u00edctimas de violencia de g\u00e9nero.<\/p>\t\t\t\t\t\t\t\t<\/div>\n\t\t\t\t<\/div>\n\t\t\t\t\t<\/div>\n\t\t<\/div>\n\t\t\t\t\t<\/div>\n\t\t<\/section>\n\t\t\t\t<section class=\"elementor-section elementor-top-section elementor-element elementor-element-905bf96 elementor-section-boxed elementor-section-height-default elementor-section-height-default\" data-id=\"905bf96\" data-element_type=\"section\">\n\t\t\t\t\t\t<div class=\"elementor-container elementor-column-gap-default\">\n\t\t\t\t\t<div class=\"elementor-column elementor-col-100 elementor-top-column elementor-element elementor-element-0d1ce84\" data-id=\"0d1ce84\" data-element_type=\"column\">\n\t\t\t<div class=\"elementor-widget-wrap elementor-element-populated\">\n\t\t\t\t\t\t<div class=\"elementor-element elementor-element-d407e69 elementor-widget elementor-widget-heading\" data-id=\"d407e69\" data-element_type=\"widget\" data-widget_type=\"heading.default\">\n\t\t\t\t<div class=\"elementor-widget-container\">\n\t\t\t\t\t<h2 class=\"elementor-heading-title elementor-size-default\">Plazo de inscripci\u00f3n<\/h2>\t\t\t\t<\/div>\n\t\t\t\t<\/div>\n\t\t\t\t\t<\/div>\n\t\t<\/div>\n\t\t\t\t\t<\/div>\n\t\t<\/section>\n\t\t\t\t<section class=\"elementor-section elementor-top-section elementor-element elementor-element-9b85928 elementor-section-boxed elementor-section-height-default elementor-section-height-default\" data-id=\"9b85928\" data-element_type=\"section\">\n\t\t\t\t\t\t<div class=\"elementor-container elementor-column-gap-default\">\n\t\t\t\t\t<div class=\"elementor-column elementor-col-100 elementor-top-column elementor-element elementor-element-6d96d44\" data-id=\"6d96d44\" data-element_type=\"column\">\n\t\t\t<div class=\"elementor-widget-wrap elementor-element-populated\">\n\t\t\t\t\t\t<div class=\"elementor-element elementor-element-8a5464f elementor-widget elementor-widget-text-editor\" data-id=\"8a5464f\" data-element_type=\"widget\" data-widget_type=\"text-editor.default\">\n\t\t\t\t<div class=\"elementor-widget-container\">\n\t\t\t\t\t\t\t\t\t<p>La presentaci\u00f3n de solicitudes deber\u00e1 realizarse en el plazo de <strong>15 d\u00edas naturales contados a partir del d\u00eda siguiente al de su publicaci\u00f3n en el Bolet\u00edn Oficial de Navarra<\/strong>. Este plazo ser\u00e1 improrrogable.<\/p>\t\t\t\t\t\t\t\t<\/div>\n\t\t\t\t<\/div>\n\t\t\t\t\t<\/div>\n\t\t<\/div>\n\t\t\t\t\t<\/div>\n\t\t<\/section>\n\t\t\t\t<section class=\"elementor-section elementor-top-section elementor-element elementor-element-4a46dfc elementor-section-boxed elementor-section-height-default elementor-section-height-default\" data-id=\"4a46dfc\" data-element_type=\"section\">\n\t\t\t\t\t\t<div class=\"elementor-container elementor-column-gap-default\">\n\t\t\t\t\t<div class=\"elementor-column elementor-col-100 elementor-top-column elementor-element elementor-element-ecfa101\" data-id=\"ecfa101\" data-element_type=\"column\">\n\t\t\t<div class=\"elementor-widget-wrap elementor-element-populated\">\n\t\t\t\t\t\t<div class=\"elementor-element elementor-element-b471962 elementor-widget elementor-widget-spacer\" data-id=\"b471962\" data-element_type=\"widget\" data-widget_type=\"spacer.default\">\n\t\t\t\t<div class=\"elementor-widget-container\">\n\t\t\t\t\t\t\t<div class=\"elementor-spacer\">\n\t\t\t<div class=\"elementor-spacer-inner\"><\/div>\n\t\t<\/div>\n\t\t\t\t\t\t<\/div>\n\t\t\t\t<\/div>\n\t\t\t\t\t<\/div>\n\t\t<\/div>\n\t\t\t\t\t<\/div>\n\t\t<\/section>\n\t\t\t\t<section class=\"elementor-section elementor-top-section elementor-element elementor-element-b21ecea elementor-section-boxed elementor-section-height-default elementor-section-height-default\" data-id=\"b21ecea\" data-element_type=\"section\">\n\t\t\t\t\t\t<div class=\"elementor-container elementor-column-gap-default\">\n\t\t\t\t\t<div class=\"elementor-column elementor-col-100 elementor-top-column elementor-element elementor-element-dd07edc\" data-id=\"dd07edc\" data-element_type=\"column\">\n\t\t\t<div class=\"elementor-widget-wrap elementor-element-populated\">\n\t\t\t\t\t\t<div class=\"elementor-element elementor-element-a1ae899 elementor-widget elementor-widget-text-editor\" data-id=\"a1ae899\" data-element_type=\"widget\" data-widget_type=\"text-editor.default\">\n\t\t\t\t<div class=\"elementor-widget-container\">\n\t\t\t\t\t\t\t\t\t<p style=\"text-align: center;\"><strong>Si quieres estar informada de todo lo concerniente a este proceso y de las pr\u00f3ximas convocatorias suscr\u00edbete ahora a nuestra Newsletter.<\/strong><\/p>\t\t\t\t\t\t\t\t<\/div>\n\t\t\t\t<\/div>\n\t\t\t\t\t<\/div>\n\t\t<\/div>\n\t\t\t\t\t<\/div>\n\t\t<\/section>\n\t\t\t\t<section class=\"elementor-section elementor-top-section elementor-element elementor-element-fd7a070 elementor-section-boxed elementor-section-height-default elementor-section-height-default\" data-id=\"fd7a070\" data-element_type=\"section\">\n\t\t\t\t\t\t<div class=\"elementor-container elementor-column-gap-default\">\n\t\t\t\t\t<div class=\"elementor-column elementor-col-100 elementor-top-column elementor-element elementor-element-066812b\" data-id=\"066812b\" data-element_type=\"column\">\n\t\t\t<div class=\"elementor-widget-wrap elementor-element-populated\">\n\t\t\t\t\t\t<div class=\"elementor-element elementor-element-aa504aa elementor-align-center elementor-widget elementor-widget-button\" data-id=\"aa504aa\" data-element_type=\"widget\" data-widget_type=\"button.default\">\n\t\t\t\t<div class=\"elementor-widget-container\">\n\t\t\t\t\t\t\t\t\t<div class=\"elementor-button-wrapper\">\n\t\t\t\t\t<a class=\"elementor-button elementor-button-link elementor-size-sm\" href=\"https:\/\/formantia.es\/newsletter\">\n\t\t\t\t\t\t<span class=\"elementor-button-content-wrapper\">\n\t\t\t\t\t\t\t\t\t<span class=\"elementor-button-text\">Quiero estar informada<\/span>\n\t\t\t\t\t<\/span>\n\t\t\t\t\t<\/a>\n\t\t\t\t<\/div>\n\t\t\t\t\t\t\t\t<\/div>\n\t\t\t\t<\/div>\n\t\t\t\t\t<\/div>\n\t\t<\/div>\n\t\t\t\t\t<\/div>\n\t\t<\/section>\n\t\t\t\t<\/div>\n\t\t","protected":false},"excerpt":{"rendered":"<p>Publicada la RESOLUCI\u00d3N 2645E\/2022, de 9 de noviembre, del director gerente del Servicio Navarro de Salud-Osasunbidea, por la que se aprueba la convocatoria para el ingreso, mediante concurso-oposici\u00f3n, de un m\u00e1ximo de 12 plazas del puesto de trabajo de t\u00e9cnico en cuidados auxiliares de enfermer\u00eda (T.C.A.E.) para el Servicio Navarro de Salud-Osasunbidea. ? Acceder a [&hellip;]<\/p>\n","protected":false},"author":9,"featured_media":0,"comment_status":"closed","ping_status":"open","sticky":false,"template":"","format":"standard","meta":{"_seopress_robots_primary_cat":"","footnotes":""},"categories":[184],"tags":[40],"class_list":["post-9513","post","type-post","status-publish","format-standard","hentry","category-convocatorias","tag-tcae","entry"],"_links":{"self":[{"href":"https:\/\/formantia.es\/blog\/wp-json\/wp\/v2\/posts\/9513","targetHints":{"allow":["GET"]}}],"collection":[{"href":"https:\/\/formantia.es\/blog\/wp-json\/wp\/v2\/posts"}],"about":[{"href":"https:\/\/formantia.es\/blog\/wp-json\/wp\/v2\/types\/post"}],"author":[{"embeddable":true,"href":"https:\/\/formantia.es\/blog\/wp-json\/wp\/v2\/users\/9"}],"replies":[{"embeddable":true,"href":"https:\/\/formantia.es\/blog\/wp-json\/wp\/v2\/comments?post=9513"}],"version-history":[{"count":10,"href":"https:\/\/formantia.es\/blog\/wp-json\/wp\/v2\/posts\/9513\/revisions"}],"predecessor-version":[{"id":9531,"href":"https:\/\/formantia.es\/blog\/wp-json\/wp\/v2\/posts\/9513\/revisions\/9531"}],"wp:attachment":[{"href":"https:\/\/formantia.es\/blog\/wp-json\/wp\/v2\/media?parent=9513"}],"wp:term":[{"taxonomy":"category","embeddable":true,"href":"https:\/\/formantia.es\/blog\/wp-json\/wp\/v2\/categories?post=9513"},{"taxonomy":"post_tag","embeddable":true,"href":"https:\/\/formantia.es\/blog\/wp-json\/wp\/v2\/tags?post=9513"}],"curies":[{"name":"wp","href":"https:\/\/api.w.org\/{rel}","templated":true}]}}