{"id":9159,"date":"2022-09-01T09:01:32","date_gmt":"2022-09-01T09:01:32","guid":{"rendered":"https:\/\/formantia.es\/blog\/?p=9159"},"modified":"2023-02-14T19:43:58","modified_gmt":"2023-02-14T19:43:58","slug":"2022-09-01-teap-para-comunidad-valenciana-lugar-fecha-y-hora-de-las-pruebas-listado-definitivo-de-personas-aspirantes-admitidas-y-excluidas","status":"publish","type":"post","link":"https:\/\/formantia.es\/blog\/2022-09-01-teap-para-comunidad-valenciana-lugar-fecha-y-hora-de-las-pruebas-listado-definitivo-de-personas-aspirantes-admitidas-y-excluidas\/","title":{"rendered":"T.S. en Anatom\u00eda Patol\u00f3gica para Comunidad Valenciana: Listado definitivo de admitidos y excluidos + Lugar, fecha y hora de la prueba."},"content":{"rendered":"\t\t<div data-elementor-type=\"wp-post\" data-elementor-id=\"9159\" class=\"elementor elementor-9159\" data-elementor-post-type=\"post\">\n\t\t\t\t\t\t<section class=\"elementor-section elementor-top-section elementor-element elementor-element-a72f05a elementor-section-boxed elementor-section-height-default elementor-section-height-default\" data-id=\"a72f05a\" data-element_type=\"section\">\n\t\t\t\t\t\t<div class=\"elementor-container elementor-column-gap-default\">\n\t\t\t\t\t<div class=\"elementor-column elementor-col-100 elementor-top-column elementor-element elementor-element-d754188\" data-id=\"d754188\" data-element_type=\"column\">\n\t\t\t<div class=\"elementor-widget-wrap elementor-element-populated\">\n\t\t\t\t\t\t<div class=\"elementor-element elementor-element-2553845 elementor-widget elementor-widget-image\" data-id=\"2553845\" data-element_type=\"widget\" data-widget_type=\"image.default\">\n\t\t\t\t<div class=\"elementor-widget-container\">\n\t\t\t\t\t\t\t\t\t\t\t\t\t\t\t<img fetchpriority=\"high\" decoding=\"async\" width=\"640\" height=\"640\" src=\"https:\/\/formantia.es\/blog\/wp-content\/uploads\/2022\/09\/TEAP-para-Comunidad-Valenciana-Lugar-fecha-y-hora-Listado-admitidos-y-exlcuidos-1.png\" class=\"attachment-large size-large wp-image-9172\" alt=\"1 de septiembre de 2022, publicado el lugar, fecha y hora de la puebla, as\u00ed como el listado admitidos y excluido.\" srcset=\"https:\/\/formantia.es\/blog\/wp-content\/uploads\/2022\/09\/TEAP-para-Comunidad-Valenciana-Lugar-fecha-y-hora-Listado-admitidos-y-exlcuidos-1.png 1024w, https:\/\/formantia.es\/blog\/wp-content\/uploads\/2022\/09\/TEAP-para-Comunidad-Valenciana-Lugar-fecha-y-hora-Listado-admitidos-y-exlcuidos-1-300x300.png 300w, https:\/\/formantia.es\/blog\/wp-content\/uploads\/2022\/09\/TEAP-para-Comunidad-Valenciana-Lugar-fecha-y-hora-Listado-admitidos-y-exlcuidos-1-150x150.png 150w, https:\/\/formantia.es\/blog\/wp-content\/uploads\/2022\/09\/TEAP-para-Comunidad-Valenciana-Lugar-fecha-y-hora-Listado-admitidos-y-exlcuidos-1-768x768.png 768w\" sizes=\"(max-width: 640px) 100vw, 640px\" \/>\t\t\t\t\t\t\t\t\t\t\t\t\t\t\t<\/div>\n\t\t\t\t<\/div>\n\t\t\t\t\t<\/div>\n\t\t<\/div>\n\t\t\t\t\t<\/div>\n\t\t<\/section>\n\t\t\t\t<section class=\"elementor-section elementor-top-section elementor-element elementor-element-eb9a69f elementor-section-boxed elementor-section-height-default elementor-section-height-default\" data-id=\"eb9a69f\" data-element_type=\"section\">\n\t\t\t\t\t\t<div class=\"elementor-container elementor-column-gap-default\">\n\t\t\t\t\t<div class=\"elementor-column elementor-col-100 elementor-top-column elementor-element elementor-element-4a72a66\" data-id=\"4a72a66\" data-element_type=\"column\">\n\t\t\t<div class=\"elementor-widget-wrap elementor-element-populated\">\n\t\t\t\t\t\t<div class=\"elementor-element elementor-element-260b555 elementor-widget elementor-widget-text-editor\" data-id=\"260b555\" data-element_type=\"widget\" data-widget_type=\"text-editor.default\">\n\t\t\t\t<div class=\"elementor-widget-container\">\n\t\t\t\t\t\t\t\t\t<p>Publicada la Resoluci\u00f3n del 27 de julio de 2022, de la directora general de Recursos Humanos, por la que se aprueban el <strong>listado definitivo de personas aspirantes admitidas y excluidas<\/strong> en el concurso-oposici\u00f3n para la provisi\u00f3n de vacantes de <a href=\"https:\/\/formantia.es\/oposiciones\/tecnico-anatomia-patologica\/tecnico-de-anatomia-patologica-valencia\">T. S. en Anatom\u00eda Patol\u00f3gica para la Conseller\u00eda de Sanidad Universal y Salud P\u00fablica<\/a>, as\u00ed como el <strong>lugar, fecha y hora de la prueba.\u00a0<\/strong><\/p>\t\t\t\t\t\t\t\t<\/div>\n\t\t\t\t<\/div>\n\t\t\t\t\t<\/div>\n\t\t<\/div>\n\t\t\t\t\t<\/div>\n\t\t<\/section>\n\t\t\t\t<section class=\"elementor-section elementor-top-section elementor-element elementor-element-cc1ef3a elementor-section-boxed elementor-section-height-default elementor-section-height-default\" data-id=\"cc1ef3a\" data-element_type=\"section\">\n\t\t\t\t\t\t<div class=\"elementor-container elementor-column-gap-default\">\n\t\t\t\t\t<div class=\"elementor-column elementor-col-100 elementor-top-column elementor-element elementor-element-7941bdb\" data-id=\"7941bdb\" data-element_type=\"column\">\n\t\t\t<div class=\"elementor-widget-wrap elementor-element-populated\">\n\t\t\t\t\t\t<div class=\"elementor-element elementor-element-e39925d elementor-widget elementor-widget-text-editor\" data-id=\"e39925d\" data-element_type=\"widget\" data-widget_type=\"text-editor.default\">\n\t\t\t\t<div class=\"elementor-widget-container\">\n\t\t\t\t\t\t\t\t\t<div class=\"page\" title=\"Page 1\"><div class=\"layoutArea\"><div class=\"column\"><p>El lugar, fecha y hora de la prueba se hab\u00eda publicado <a href=\"https:\/\/formantia.es\/blog\/2022-07-22-t-s-en-anatomia-patologica-para-valencia-publicada-la-fecha-hora-y-lugar-de-la-prueba\/\">anteriormente<\/a>.<\/p><p>Se recoge de nuevo, junto con el listado definitivo de aspirantes excluidos y admitidos en la <a href=\"https:\/\/dogv.gva.es\/datos\/2022\/09\/01\/pdf\/2022_7329.pdf\">presente resoluci\u00f3n.\u00a0<\/a><\/p><ul><li><strong>Lugar<\/strong>: Universitat de Vale\u0300ncia.\u00a0Aulario Sur del Campus dels Tarongers.\u00a0Avenida de los Naranjos, s\/n, 46022 Vale\u0300ncia.<br \/><strong>Fecha<\/strong>: domingo, 6 de noviembre de 2022.<br \/><strong>Hora<\/strong>: 09.00 h.<\/li><\/ul><\/div><\/div><\/div>\t\t\t\t\t\t\t\t<\/div>\n\t\t\t\t<\/div>\n\t\t\t\t<div class=\"elementor-element elementor-element-493f007 elementor-widget elementor-widget-text-editor\" data-id=\"493f007\" data-element_type=\"widget\" data-widget_type=\"text-editor.default\">\n\t\t\t\t<div class=\"elementor-widget-container\">\n\t\t\t\t\t\t\t\t\t<ul><li>Puedes consultar el listado de aspirantes admitidos y excluidos en el siguiente enlace: <a href=\"https:\/\/dogv.gva.es\/datos\/2022\/09\/01\/pdf\/2022_7329.pdf\" data-wplink-edit=\"true\">enlace<\/a>.<\/li><\/ul>\t\t\t\t\t\t\t\t<\/div>\n\t\t\t\t<\/div>\n\t\t\t\t\t<\/div>\n\t\t<\/div>\n\t\t\t\t\t<\/div>\n\t\t<\/section>\n\t\t\t\t<section class=\"elementor-section elementor-top-section elementor-element elementor-element-cec2ed3 elementor-section-boxed elementor-section-height-default elementor-section-height-default\" data-id=\"cec2ed3\" data-element_type=\"section\">\n\t\t\t\t\t\t<div class=\"elementor-container elementor-column-gap-default\">\n\t\t\t\t\t<div class=\"elementor-column elementor-col-100 elementor-top-column elementor-element elementor-element-85b7b4e\" data-id=\"85b7b4e\" data-element_type=\"column\">\n\t\t\t<div class=\"elementor-widget-wrap elementor-element-populated\">\n\t\t\t\t\t\t<div class=\"elementor-element elementor-element-1367f28 elementor-share-buttons--view-icon-text elementor-share-buttons--skin-gradient elementor-share-buttons--shape-square elementor-grid-0 elementor-share-buttons--color-official elementor-widget elementor-widget-share-buttons\" data-id=\"1367f28\" data-element_type=\"widget\" data-widget_type=\"share-buttons.default\">\n\t\t\t\t<div class=\"elementor-widget-container\">\n\t\t\t\t\t\t\t<div class=\"elementor-grid\" role=\"list\">\n\t\t\t\t\t\t\t\t<div class=\"elementor-grid-item\" role=\"listitem\">\n\t\t\t\t\t\t<div class=\"elementor-share-btn elementor-share-btn_facebook\" role=\"button\" tabindex=\"0\" aria-label=\"Compartir en facebook\">\n\t\t\t\t\t\t\t\t\t\t\t\t\t\t\t<span class=\"elementor-share-btn__icon\">\n\t\t\t\t\t\t\t\t<i class=\"fab fa-facebook\" aria-hidden=\"true\"><\/i>\t\t\t\t\t\t\t<\/span>\n\t\t\t\t\t\t\t\t\t\t\t\t\t\t\t\t\t\t\t\t\t\t<div class=\"elementor-share-btn__text\">\n\t\t\t\t\t\t\t\t\t\t\t\t\t\t\t\t\t\t\t<span class=\"elementor-share-btn__title\">\n\t\t\t\t\t\t\t\t\t\tFacebook\t\t\t\t\t\t\t\t\t<\/span>\n\t\t\t\t\t\t\t\t\t\t\t\t\t\t\t\t\t<\/div>\n\t\t\t\t\t\t\t\t\t\t\t\t\t<\/div>\n\t\t\t\t\t<\/div>\n\t\t\t\t\t\t\t\t\t<div class=\"elementor-grid-item\" role=\"listitem\">\n\t\t\t\t\t\t<div class=\"elementor-share-btn elementor-share-btn_whatsapp\" role=\"button\" tabindex=\"0\" aria-label=\"Compartir en whatsapp\">\n\t\t\t\t\t\t\t\t\t\t\t\t\t\t\t<span class=\"elementor-share-btn__icon\">\n\t\t\t\t\t\t\t\t<i class=\"fab fa-whatsapp\" aria-hidden=\"true\"><\/i>\t\t\t\t\t\t\t<\/span>\n\t\t\t\t\t\t\t\t\t\t\t\t\t\t\t\t\t\t\t\t\t\t<div class=\"elementor-share-btn__text\">\n\t\t\t\t\t\t\t\t\t\t\t\t\t\t\t\t\t\t\t<span class=\"elementor-share-btn__title\">\n\t\t\t\t\t\t\t\t\t\tWhatsApp\t\t\t\t\t\t\t\t\t<\/span>\n\t\t\t\t\t\t\t\t\t\t\t\t\t\t\t\t\t<\/div>\n\t\t\t\t\t\t\t\t\t\t\t\t\t<\/div>\n\t\t\t\t\t<\/div>\n\t\t\t\t\t\t\t\t\t<div class=\"elementor-grid-item\" role=\"listitem\">\n\t\t\t\t\t\t<div class=\"elementor-share-btn elementor-share-btn_telegram\" role=\"button\" tabindex=\"0\" aria-label=\"Compartir en telegram\">\n\t\t\t\t\t\t\t\t\t\t\t\t\t\t\t<span class=\"elementor-share-btn__icon\">\n\t\t\t\t\t\t\t\t<i class=\"fab fa-telegram\" aria-hidden=\"true\"><\/i>\t\t\t\t\t\t\t<\/span>\n\t\t\t\t\t\t\t\t\t\t\t\t\t\t\t\t\t\t\t\t\t\t<div class=\"elementor-share-btn__text\">\n\t\t\t\t\t\t\t\t\t\t\t\t\t\t\t\t\t\t\t<span class=\"elementor-share-btn__title\">\n\t\t\t\t\t\t\t\t\t\tTelegram\t\t\t\t\t\t\t\t\t<\/span>\n\t\t\t\t\t\t\t\t\t\t\t\t\t\t\t\t\t<\/div>\n\t\t\t\t\t\t\t\t\t\t\t\t\t<\/div>\n\t\t\t\t\t<\/div>\n\t\t\t\t\t\t<\/div>\n\t\t\t\t\t\t<\/div>\n\t\t\t\t<\/div>\n\t\t\t\t\t<\/div>\n\t\t<\/div>\n\t\t\t\t\t<\/div>\n\t\t<\/section>\n\t\t\t\t<\/div>\n\t\t","protected":false},"excerpt":{"rendered":"<p>Consulta aqu\u00ed el listado definitivo de aspirantes admitidos y excluidos del concurso-oposici\u00f3n de TEAP para el Servicio de Salud de la Comunidad Valenciana. <\/p>\n","protected":false},"author":8,"featured_media":0,"comment_status":"closed","ping_status":"open","sticky":false,"template":"","format":"standard","meta":{"_seopress_robots_primary_cat":"","footnotes":""},"categories":[186],"tags":[],"class_list":["post-9159","post","type-post","status-publish","format-standard","hentry","category-noticias","entry"],"_links":{"self":[{"href":"https:\/\/formantia.es\/blog\/wp-json\/wp\/v2\/posts\/9159","targetHints":{"allow":["GET"]}}],"collection":[{"href":"https:\/\/formantia.es\/blog\/wp-json\/wp\/v2\/posts"}],"about":[{"href":"https:\/\/formantia.es\/blog\/wp-json\/wp\/v2\/types\/post"}],"author":[{"embeddable":true,"href":"https:\/\/formantia.es\/blog\/wp-json\/wp\/v2\/users\/8"}],"replies":[{"embeddable":true,"href":"https:\/\/formantia.es\/blog\/wp-json\/wp\/v2\/comments?post=9159"}],"version-history":[{"count":14,"href":"https:\/\/formantia.es\/blog\/wp-json\/wp\/v2\/posts\/9159\/revisions"}],"predecessor-version":[{"id":9363,"href":"https:\/\/formantia.es\/blog\/wp-json\/wp\/v2\/posts\/9159\/revisions\/9363"}],"wp:attachment":[{"href":"https:\/\/formantia.es\/blog\/wp-json\/wp\/v2\/media?parent=9159"}],"wp:term":[{"taxonomy":"category","embeddable":true,"href":"https:\/\/formantia.es\/blog\/wp-json\/wp\/v2\/categories?post=9159"},{"taxonomy":"post_tag","embeddable":true,"href":"https:\/\/formantia.es\/blog\/wp-json\/wp\/v2\/tags?post=9159"}],"curies":[{"name":"wp","href":"https:\/\/api.w.org\/{rel}","templated":true}]}}