{"id":6503,"date":"2022-06-13T08:20:41","date_gmt":"2022-06-13T08:20:41","guid":{"rendered":"https:\/\/formantia.es\/blog\/?p=6503"},"modified":"2022-07-08T09:57:04","modified_gmt":"2022-07-08T09:57:04","slug":"enfermeria-resumen-de-las-nuevas-ofertas-publicas-de-empleo","status":"publish","type":"post","link":"https:\/\/formantia.es\/blog\/enfermeria-resumen-de-las-nuevas-ofertas-publicas-de-empleo\/","title":{"rendered":"Enfermer\u00eda: Nuevas Ofertas P\u00fablicas de Empleo 2022 por comunidades"},"content":{"rendered":"\t\t<div data-elementor-type=\"wp-post\" data-elementor-id=\"6503\" class=\"elementor elementor-6503\" data-elementor-post-type=\"post\">\n\t\t\t\t\t\t<section class=\"elementor-section elementor-top-section elementor-element elementor-element-6631452 elementor-section-boxed elementor-section-height-default elementor-section-height-default\" data-id=\"6631452\" data-element_type=\"section\">\n\t\t\t\t\t\t<div class=\"elementor-container elementor-column-gap-default\">\n\t\t\t\t\t<div class=\"elementor-column elementor-col-100 elementor-top-column elementor-element elementor-element-053c677\" data-id=\"053c677\" data-element_type=\"column\">\n\t\t\t<div class=\"elementor-widget-wrap elementor-element-populated\">\n\t\t\t\t\t\t<div class=\"elementor-element elementor-element-a80f8f6 elementor-widget elementor-widget-image\" data-id=\"a80f8f6\" data-element_type=\"widget\" data-widget_type=\"image.default\">\n\t\t\t\t<div class=\"elementor-widget-container\">\n\t\t\t\t\t\t\t\t\t\t\t\t\t\t\t<img fetchpriority=\"high\" decoding=\"async\" width=\"640\" height=\"640\" src=\"https:\/\/formantia.es\/blog\/wp-content\/uploads\/2022\/06\/ENFERMERIA-\u00a1NUEVAS-ofertas-publicas-de-empleo-2022-1024x1024.png\" class=\"attachment-large size-large wp-image-6505\" alt=\"Resumen ofertas p\u00fablicas de empleo 2022 por comunidad\" srcset=\"https:\/\/formantia.es\/blog\/wp-content\/uploads\/2022\/06\/ENFERMERIA-\u00a1NUEVAS-ofertas-publicas-de-empleo-2022-1024x1024.png 1024w, https:\/\/formantia.es\/blog\/wp-content\/uploads\/2022\/06\/ENFERMERIA-\u00a1NUEVAS-ofertas-publicas-de-empleo-2022-300x300.png 300w, https:\/\/formantia.es\/blog\/wp-content\/uploads\/2022\/06\/ENFERMERIA-\u00a1NUEVAS-ofertas-publicas-de-empleo-2022-150x150.png 150w, https:\/\/formantia.es\/blog\/wp-content\/uploads\/2022\/06\/ENFERMERIA-\u00a1NUEVAS-ofertas-publicas-de-empleo-2022-768x768.png 768w, https:\/\/formantia.es\/blog\/wp-content\/uploads\/2022\/06\/ENFERMERIA-\u00a1NUEVAS-ofertas-publicas-de-empleo-2022.png 1080w\" sizes=\"(max-width: 640px) 100vw, 640px\" \/>\t\t\t\t\t\t\t\t\t\t\t\t\t\t\t<\/div>\n\t\t\t\t<\/div>\n\t\t\t\t\t<\/div>\n\t\t<\/div>\n\t\t\t\t\t<\/div>\n\t\t<\/section>\n\t\t\t\t<section class=\"elementor-section elementor-top-section elementor-element elementor-element-424d631 elementor-section-boxed elementor-section-height-default elementor-section-height-default\" data-id=\"424d631\" data-element_type=\"section\">\n\t\t\t\t\t\t<div class=\"elementor-container elementor-column-gap-default\">\n\t\t\t\t\t<div class=\"elementor-column elementor-col-100 elementor-top-column elementor-element elementor-element-d1dc39b\" data-id=\"d1dc39b\" data-element_type=\"column\">\n\t\t\t<div class=\"elementor-widget-wrap elementor-element-populated\">\n\t\t\t\t\t\t<div class=\"elementor-element elementor-element-9bd5235 elementor-widget elementor-widget-text-editor\" data-id=\"9bd5235\" data-element_type=\"widget\" data-widget_type=\"text-editor.default\">\n\t\t\t\t<div class=\"elementor-widget-container\">\n\t\t\t\t\t\t\t\t\t<p>\u00a1Se acab\u00f3 el baile de n\u00fameros! En este post encontrar\u00e1s las plazas de <a href=\"https:\/\/formantia.es\/oposiciones\/enfermeria\">enfermer\u00eda<\/a> ofertadas por cada comunidad aut\u00f3noma en las \u00faltimas OPEs 2022.<\/p><p>Estas plazas deber\u00e1n ser convocadas a lo largo del este a\u00f1os 2022.<\/p><p>Recuerda que estos datos est\u00e1n sujetos a revisi\u00f3n y por tanto son susceptibles de posibles modificaciones o correcciones.\u00a0<\/p>\t\t\t\t\t\t\t\t<\/div>\n\t\t\t\t<\/div>\n\t\t\t\t<div class=\"elementor-element elementor-element-dbf15e8 elementor-widget elementor-widget-image\" data-id=\"dbf15e8\" data-element_type=\"widget\" data-widget_type=\"image.default\">\n\t\t\t\t<div class=\"elementor-widget-container\">\n\t\t\t\t\t\t\t\t\t\t\t\t\t\t\t<img decoding=\"async\" width=\"640\" height=\"640\" src=\"https:\/\/formantia.es\/blog\/wp-content\/uploads\/2022\/06\/Plazas-de-enfermeria-ofertadas-OPE-2022--1024x1024.png\" class=\"attachment-large size-large wp-image-6870\" alt=\"Plazas ofertadas OPE 2022 Enfermer\u00eda\" srcset=\"https:\/\/formantia.es\/blog\/wp-content\/uploads\/2022\/06\/Plazas-de-enfermeria-ofertadas-OPE-2022--1024x1024.png 1024w, https:\/\/formantia.es\/blog\/wp-content\/uploads\/2022\/06\/Plazas-de-enfermeria-ofertadas-OPE-2022--300x300.png 300w, https:\/\/formantia.es\/blog\/wp-content\/uploads\/2022\/06\/Plazas-de-enfermeria-ofertadas-OPE-2022--150x150.png 150w, https:\/\/formantia.es\/blog\/wp-content\/uploads\/2022\/06\/Plazas-de-enfermeria-ofertadas-OPE-2022--768x768.png 768w, https:\/\/formantia.es\/blog\/wp-content\/uploads\/2022\/06\/Plazas-de-enfermeria-ofertadas-OPE-2022-.png 1080w\" sizes=\"(max-width: 640px) 100vw, 640px\" \/>\t\t\t\t\t\t\t\t\t\t\t\t\t\t\t<\/div>\n\t\t\t\t<\/div>\n\t\t\t\t<div class=\"elementor-element elementor-element-6ad7667 elementor-widget elementor-widget-heading\" data-id=\"6ad7667\" data-element_type=\"widget\" data-widget_type=\"heading.default\">\n\t\t\t\t<div class=\"elementor-widget-container\">\n\t\t\t\t\t<h2 class=\"elementor-heading-title elementor-size-default\">Plazas de Enfermer\u00eda convocadas 2022: <\/h2>\t\t\t\t<\/div>\n\t\t\t\t<\/div>\n\t\t\t\t\t<\/div>\n\t\t<\/div>\n\t\t\t\t\t<\/div>\n\t\t<\/section>\n\t\t\t\t<section class=\"elementor-section elementor-top-section elementor-element elementor-element-ef9b056 elementor-section-boxed elementor-section-height-default elementor-section-height-default\" data-id=\"ef9b056\" data-element_type=\"section\">\n\t\t\t\t\t\t<div class=\"elementor-container elementor-column-gap-default\">\n\t\t\t\t\t<div class=\"elementor-column elementor-col-100 elementor-top-column elementor-element elementor-element-2ce3731\" data-id=\"2ce3731\" data-element_type=\"column\">\n\t\t\t<div class=\"elementor-widget-wrap elementor-element-populated\">\n\t\t\t\t\t\t<section class=\"elementor-section elementor-inner-section elementor-element elementor-element-96dd0a5 elementor-section-boxed elementor-section-height-default elementor-section-height-default\" data-id=\"96dd0a5\" data-element_type=\"section\">\n\t\t\t\t\t\t<div class=\"elementor-container elementor-column-gap-default\">\n\t\t\t\t\t<div class=\"elementor-column elementor-col-50 elementor-inner-column elementor-element elementor-element-c83d309\" data-id=\"c83d309\" data-element_type=\"column\">\n\t\t\t<div class=\"elementor-widget-wrap elementor-element-populated\">\n\t\t\t\t\t\t<div class=\"elementor-element elementor-element-bb324aa elementor-widget elementor-widget-heading\" data-id=\"bb324aa\" data-element_type=\"widget\" data-widget_type=\"heading.default\">\n\t\t\t\t<div class=\"elementor-widget-container\">\n\t\t\t\t\t<h2 class=\"elementor-heading-title elementor-size-small\">Concurso-Oposici\u00f3n<\/h2>\t\t\t\t<\/div>\n\t\t\t\t<\/div>\n\t\t\t\t<div class=\"elementor-element elementor-element-947c378 elementor-widget elementor-widget-text-editor\" data-id=\"947c378\" data-element_type=\"widget\" data-widget_type=\"text-editor.default\">\n\t\t\t\t<div class=\"elementor-widget-container\">\n\t\t\t\t\t\t\t\t\t<ul><li><a href=\"https:\/\/formantia.es\/oposiciones\/enfermeria\/enfermeria-generico\">Arag\u00f3n<\/a> 108 plazas<\/li><li><a href=\"https:\/\/formantia.es\/oposiciones\/enfermeria\/enfermeria-generico\">Asturias<\/a> 0 plazas<\/li><li><a href=\"https:\/\/formantia.es\/oposiciones\/enfermeria\/enfermeria-generico\">Baleares<\/a> 807 plazas<\/li><li><a href=\"https:\/\/formantia.es\/oposiciones\/enfermeria\/enfermeria-generico\">Canarias<\/a> 427 plazas<\/li><li><a href=\"https:\/\/formantia.es\/oposiciones\/enfermeria\/enfermeria-generico\">Cantabria<\/a> 47 plazas<\/li><li><a href=\"https:\/\/formantia.es\/oposiciones\/enfermeria\/enfermeria-sescam-castilla-la-mancha\">Castilla-La Mancha<\/a> 454 plazas<\/li><li><a href=\"https:\/\/formantia.es\/oposiciones\/enfermeria\/enfermeria-generico\">Castilla y Le\u00f3n<\/a> 433 plazas<\/li><li><a href=\"https:\/\/formantia.es\/oposiciones\/enfermeria\/enfermeria-para-sergas\">Galicia \u00a0230\u00a0plazas<\/a><\/li><li><a href=\"https:\/\/formantia.es\/oposiciones\/enfermeria\/enfermeria-generico\">La Rioja<\/a> 32 plazas<\/li><li><a href=\"https:\/\/formantia.es\/oposiciones\/enfermeria\/enfermeria-generico\">Extremadura<\/a> 0 plazas<\/li><li><a href=\"https:\/\/formantia.es\/oposiciones\/enfermeria\/enfermeria-generico\">Murcia<\/a> 377 plazas<\/li><li><a href=\"https:\/\/formantia.es\/oposiciones\/enfermeria\/enfermeria-servasa\">Valencia<\/a> \u00a0 0 plazas<\/li><li><em>Madrid: pendiente.<\/em><\/li><li><em>Andaluc\u00eda: pendiente.<\/em><\/li><li><em>Navarra: pendiente.<\/em><\/li><li><em>Pa\u00eds Vasco: pendiente.<\/em><\/li><li><em>Ceuta y Melilla:\u00a0pendiente.<\/em><\/li><\/ul>\t\t\t\t\t\t\t\t<\/div>\n\t\t\t\t<\/div>\n\t\t\t\t\t<\/div>\n\t\t<\/div>\n\t\t\t\t<div class=\"elementor-column elementor-col-50 elementor-inner-column elementor-element elementor-element-4254215\" data-id=\"4254215\" data-element_type=\"column\">\n\t\t\t<div class=\"elementor-widget-wrap elementor-element-populated\">\n\t\t\t\t\t\t<div class=\"elementor-element elementor-element-e99e279 elementor-widget elementor-widget-heading\" data-id=\"e99e279\" data-element_type=\"widget\" data-widget_type=\"heading.default\">\n\t\t\t\t<div class=\"elementor-widget-container\">\n\t\t\t\t\t<h2 class=\"elementor-heading-title elementor-size-small\">Concurso<\/h2>\t\t\t\t<\/div>\n\t\t\t\t<\/div>\n\t\t\t\t<div class=\"elementor-element elementor-element-f2cac20 elementor-widget elementor-widget-text-editor\" data-id=\"f2cac20\" data-element_type=\"widget\" data-widget_type=\"text-editor.default\">\n\t\t\t\t<div class=\"elementor-widget-container\">\n\t\t\t\t\t\t\t\t\t<ul><li><a href=\"https:\/\/formantia.es\/oposiciones\/enfermeria\/enfermeria-generico\">Arag\u00f3n<\/a> 134 plazas<\/li><li><a href=\"https:\/\/formantia.es\/oposiciones\/enfermeria\/enfermeria-generico\">Asturias<\/a> 959 plazas<\/li><li><a href=\"https:\/\/formantia.es\/oposiciones\/enfermeria\/enfermeria-generico\">Baleares<\/a> 375 plazas<\/li><li><a href=\"https:\/\/formantia.es\/oposiciones\/enfermeria\/enfermeria-generico\">Canarias<\/a> 1894 plazas<\/li><li><a href=\"https:\/\/formantia.es\/oposiciones\/enfermeria\/enfermeria-generico\">Cantabria<\/a> 768 plazas<\/li><li><a href=\"https:\/\/formantia.es\/oposiciones\/enfermeria\/enfermeria-sescam-castilla-la-mancha\">Castilla-La Mancha<\/a> 324 plazas<\/li><li><a href=\"https:\/\/formantia.es\/oposiciones\/enfermeria\/enfermeria-generico\">Castilla y Le\u00f3n<\/a> 1114 plazas<\/li><li><a href=\"https:\/\/formantia.es\/oposiciones\/enfermeria\/enfermeria-para-sergas\">Galicia<\/a> 459 plazas<\/li><li><a href=\"https:\/\/formantia.es\/oposiciones\/enfermeria\/enfermeria-generico\">La Rioja<\/a> \u00a077 \u00a0plazas<\/li><li><a href=\"https:\/\/formantia.es\/oposiciones\/enfermeria\/enfermeria-generico\">Extremadura<\/a> \u00a0387 plazas<\/li><li><a href=\"https:\/\/formantia.es\/oposiciones\/enfermeria\/enfermeria-generico\">Murcia<\/a> 0 \u00a0plazas<\/li><li><a href=\"https:\/\/formantia.es\/oposiciones\/enfermeria\/enfermeria-servasa\">Valencia<\/a> \u00a03103 plazas<\/li><li><em>Madrid: pendiente.<\/em><\/li><li><em>Andaluc\u00eda: pendiente.<\/em><\/li><li><em>Navarra: pendiente.<\/em><\/li><li><em>Pa\u00eds Vasco: pendiente.<\/em><\/li><li><em>Ceuta y Melilla:\u00a0pendiente.<\/em><\/li><\/ul>\t\t\t\t\t\t\t\t<\/div>\n\t\t\t\t<\/div>\n\t\t\t\t\t<\/div>\n\t\t<\/div>\n\t\t\t\t\t<\/div>\n\t\t<\/section>\n\t\t\t\t<div class=\"elementor-element elementor-element-cd90557 elementor-widget elementor-widget-text-editor\" data-id=\"cd90557\" data-element_type=\"widget\" data-widget_type=\"text-editor.default\">\n\t\t\t\t<div class=\"elementor-widget-container\">\n\t\t\t\t\t\t\t\t\t<p>Como ves, existen comunidades en las que las plazas est\u00e1n pendientes de concretar.<\/p><p>Puedes consultar los los detalles de cada Oferta de Empleo P\u00fablico a continuaci\u00f3n:\u00a0<\/p><ul><li>Madrid: <a href=\"https:\/\/formantia.es\/blog\/2022-06-10-oferta-publica-de-empleo-en-madrid\/\">m\u00e1s detalles.\u00a0<\/a><\/li><li>Andaluc\u00eda: <a href=\"https:\/\/formantia.es\/blog\/2022-06-13-oferta-publica-de-empleo-en-andalucia\/\">m\u00e1s detalles.\u00a0<\/a><\/li><li>Navarra: <a href=\"https:\/\/formantia.es\/blog\/2022-06-13-oferta-publica-de-empleo-en-navarra\/\">m\u00e1s detalles.<\/a><\/li><li>Pa\u00eds Vasco: <a href=\"https:\/\/formantia.es\/blog\/2022-06-13-oferta-publica-de-empleo-en-pais-vasco\/\">m\u00e1s detalles.<\/a><\/li><li>Catalu\u00f1a: <a href=\"https:\/\/formantia.es\/blog\/2022-06-13-ope-cataluna-estabilizacion\/\">m\u00e1s detalles.<\/a><\/li><li>Ceuta y Melilla<\/li><\/ul>\t\t\t\t\t\t\t\t<\/div>\n\t\t\t\t<\/div>\n\t\t\t\t\t<\/div>\n\t\t<\/div>\n\t\t\t\t\t<\/div>\n\t\t<\/section>\n\t\t\t\t<section class=\"elementor-section elementor-top-section elementor-element elementor-element-be14a24 elementor-section-boxed elementor-section-height-default elementor-section-height-default\" data-id=\"be14a24\" data-element_type=\"section\">\n\t\t\t\t\t\t<div class=\"elementor-container elementor-column-gap-default\">\n\t\t\t\t\t<div class=\"elementor-column elementor-col-100 elementor-top-column elementor-element elementor-element-98048ab\" data-id=\"98048ab\" data-element_type=\"column\">\n\t\t\t<div class=\"elementor-widget-wrap elementor-element-populated\">\n\t\t\t\t\t\t<div class=\"elementor-element elementor-element-738df1e elementor-widget elementor-widget-text-editor\" data-id=\"738df1e\" data-element_type=\"widget\" data-widget_type=\"text-editor.default\">\n\t\t\t\t<div class=\"elementor-widget-container\">\n\t\t\t\t\t\t\t\t\t<section class=\"elementor-section elementor-top-section elementor-element elementor-element-39e4d40 elementor-section-boxed elementor-section-height-default elementor-section-height-default\" data-id=\"39e4d40\" data-element_type=\"section\"><div class=\"elementor-container elementor-column-gap-default\"><div class=\"elementor-row\"><div class=\"elementor-column elementor-col-100 elementor-top-column elementor-element elementor-element-27a44a8\" data-id=\"27a44a8\" data-element_type=\"column\"><div class=\"elementor-column-wrap elementor-element-populated\"><div class=\"elementor-widget-wrap\"><div class=\"elementor-element elementor-element-e3bf5cf elementor-widget elementor-widget-heading\" data-id=\"e3bf5cf\" data-element_type=\"widget\" data-widget_type=\"heading.default\"><div class=\"elementor-widget-container\"><h4 class=\"elementor-heading-title elementor-size-medium\">Entonces, \u00bfesto quiere decir que deber\u00eda empezar a preparar mi oposici\u00f3n?<\/h4><\/div><\/div><\/div><\/div><\/div><\/div><\/div><\/section><section class=\"elementor-section elementor-top-section elementor-element elementor-element-8903387 elementor-section-boxed elementor-section-height-default elementor-section-height-default\" data-id=\"8903387\" data-element_type=\"section\"><div class=\"elementor-container elementor-column-gap-default\"><div class=\"elementor-row\"><div class=\"elementor-column elementor-col-100 elementor-top-column elementor-element elementor-element-050cd81\" data-id=\"050cd81\" data-element_type=\"column\"><div class=\"elementor-column-wrap elementor-element-populated\"><div class=\"elementor-widget-wrap\"><div class=\"elementor-element elementor-element-b259d40 elementor-widget elementor-widget-text-editor\" data-id=\"b259d40\" data-element_type=\"widget\" data-widget_type=\"text-editor.default\"><div class=\"elementor-widget-container\"><div class=\"elementor-text-editor elementor-clearfix\"><p>Efectivamente, si tu objetivo es conseguir una de estas plazas,\u00a0entonces \u00a0\u00a1no lo dudes!<\/p><p style=\"text-align: center;\"><strong>\u00a1Ahora es el momento!<\/strong><\/p><p>Esto no es m\u00e1s que el pistoletazo de salida, <strong>\u00a1tu futuro empieza ahora!<\/strong><\/p><p>Es la se\u00f1al que necesitabas para empezar a prepararte.\u00a0<\/p><\/div><\/div><\/div><div class=\"elementor-element elementor-element-1ec2a45 elementor-widget elementor-widget-heading\" data-id=\"1ec2a45\" data-element_type=\"widget\" data-widget_type=\"heading.default\"><div class=\"elementor-widget-container\"><h4 class=\"elementor-heading-title elementor-size-medium\" style=\"text-align: center;\">Detr\u00e1s de un buen puesto hay un buen m\u00e9todo.<\/h4><\/div><\/div><\/div><\/div><\/div><\/div><\/div><\/section><section class=\"elementor-section elementor-top-section elementor-element elementor-element-731da63 elementor-section-boxed elementor-section-height-default elementor-section-height-default\" data-id=\"731da63\" data-element_type=\"section\"><div class=\"elementor-container elementor-column-gap-default\"><div class=\"elementor-row\"><div class=\"elementor-column elementor-col-100 elementor-top-column elementor-element elementor-element-f26ed53\" data-id=\"f26ed53\" data-element_type=\"column\"><div class=\"elementor-column-wrap elementor-element-populated\"><div class=\"elementor-widget-wrap\"><div class=\"elementor-element elementor-element-047daaa elementor-widget elementor-widget-text-editor\" data-id=\"047daaa\" data-element_type=\"widget\" data-widget_type=\"text-editor.default\"><div class=\"elementor-widget-container\"><div class=\"elementor-text-editor elementor-clearfix\"><p>Somos especialistas en ayudarte a conseguir tus metas <strong>sin renunciar a tu vida.\u00a0<\/strong><\/p><p>Por eso, con nuestro\u00a0<strong><a href=\"https:\/\/formantia.es\/el-metodo-formantia\">M\u00e9todo Formantia<\/a><\/strong>, podr\u00e1s conseguir el trabajo de tu vida sin dejarte la vida en ello.\u00a0<\/p><\/div><\/div><\/div><\/div><\/div><\/div><\/div><\/div><\/section>\t\t\t\t\t\t\t\t<\/div>\n\t\t\t\t<\/div>\n\t\t\t\t\t<\/div>\n\t\t<\/div>\n\t\t\t\t\t<\/div>\n\t\t<\/section>\n\t\t\t\t<section class=\"elementor-section elementor-top-section elementor-element elementor-element-ebd99a5 elementor-section-boxed elementor-section-height-default elementor-section-height-default\" data-id=\"ebd99a5\" data-element_type=\"section\">\n\t\t\t\t\t\t<div class=\"elementor-container elementor-column-gap-default\">\n\t\t\t\t\t<div class=\"elementor-column elementor-col-100 elementor-top-column elementor-element elementor-element-969baf2\" data-id=\"969baf2\" data-element_type=\"column\">\n\t\t\t<div class=\"elementor-widget-wrap elementor-element-populated\">\n\t\t\t\t\t\t<div class=\"elementor-element elementor-element-711f1a1 elementor-share-buttons--view-icon-text elementor-share-buttons--skin-gradient elementor-share-buttons--shape-square elementor-grid-0 elementor-share-buttons--color-official elementor-widget elementor-widget-share-buttons\" data-id=\"711f1a1\" data-element_type=\"widget\" data-widget_type=\"share-buttons.default\">\n\t\t\t\t<div class=\"elementor-widget-container\">\n\t\t\t\t\t\t\t<div class=\"elementor-grid\" role=\"list\">\n\t\t\t\t\t\t\t\t<div class=\"elementor-grid-item\" role=\"listitem\">\n\t\t\t\t\t\t<div class=\"elementor-share-btn elementor-share-btn_facebook\" role=\"button\" tabindex=\"0\" aria-label=\"Compartir en facebook\">\n\t\t\t\t\t\t\t\t\t\t\t\t\t\t\t<span class=\"elementor-share-btn__icon\">\n\t\t\t\t\t\t\t\t<i class=\"fab fa-facebook\" aria-hidden=\"true\"><\/i>\t\t\t\t\t\t\t<\/span>\n\t\t\t\t\t\t\t\t\t\t\t\t\t\t\t\t\t\t\t\t\t\t<div class=\"elementor-share-btn__text\">\n\t\t\t\t\t\t\t\t\t\t\t\t\t\t\t\t\t\t\t<span class=\"elementor-share-btn__title\">\n\t\t\t\t\t\t\t\t\t\tFacebook\t\t\t\t\t\t\t\t\t<\/span>\n\t\t\t\t\t\t\t\t\t\t\t\t\t\t\t\t\t<\/div>\n\t\t\t\t\t\t\t\t\t\t\t\t\t<\/div>\n\t\t\t\t\t<\/div>\n\t\t\t\t\t\t\t\t\t<div class=\"elementor-grid-item\" role=\"listitem\">\n\t\t\t\t\t\t<div class=\"elementor-share-btn elementor-share-btn_whatsapp\" role=\"button\" tabindex=\"0\" aria-label=\"Compartir en whatsapp\">\n\t\t\t\t\t\t\t\t\t\t\t\t\t\t\t<span class=\"elementor-share-btn__icon\">\n\t\t\t\t\t\t\t\t<i class=\"fab fa-whatsapp\" aria-hidden=\"true\"><\/i>\t\t\t\t\t\t\t<\/span>\n\t\t\t\t\t\t\t\t\t\t\t\t\t\t\t\t\t\t\t\t\t\t<div class=\"elementor-share-btn__text\">\n\t\t\t\t\t\t\t\t\t\t\t\t\t\t\t\t\t\t\t<span class=\"elementor-share-btn__title\">\n\t\t\t\t\t\t\t\t\t\tWhatsApp\t\t\t\t\t\t\t\t\t<\/span>\n\t\t\t\t\t\t\t\t\t\t\t\t\t\t\t\t\t<\/div>\n\t\t\t\t\t\t\t\t\t\t\t\t\t<\/div>\n\t\t\t\t\t<\/div>\n\t\t\t\t\t\t\t\t\t<div class=\"elementor-grid-item\" role=\"listitem\">\n\t\t\t\t\t\t<div class=\"elementor-share-btn elementor-share-btn_telegram\" role=\"button\" tabindex=\"0\" aria-label=\"Compartir en telegram\">\n\t\t\t\t\t\t\t\t\t\t\t\t\t\t\t<span class=\"elementor-share-btn__icon\">\n\t\t\t\t\t\t\t\t<i class=\"fab fa-telegram\" aria-hidden=\"true\"><\/i>\t\t\t\t\t\t\t<\/span>\n\t\t\t\t\t\t\t\t\t\t\t\t\t\t\t\t\t\t\t\t\t\t<div class=\"elementor-share-btn__text\">\n\t\t\t\t\t\t\t\t\t\t\t\t\t\t\t\t\t\t\t<span class=\"elementor-share-btn__title\">\n\t\t\t\t\t\t\t\t\t\tTelegram\t\t\t\t\t\t\t\t\t<\/span>\n\t\t\t\t\t\t\t\t\t\t\t\t\t\t\t\t\t<\/div>\n\t\t\t\t\t\t\t\t\t\t\t\t\t<\/div>\n\t\t\t\t\t<\/div>\n\t\t\t\t\t\t<\/div>\n\t\t\t\t\t\t<\/div>\n\t\t\t\t<\/div>\n\t\t\t\t\t<\/div>\n\t\t<\/div>\n\t\t\t\t\t<\/div>\n\t\t<\/section>\n\t\t\t\t<\/div>\n\t\t","protected":false},"excerpt":{"rendered":"<p>\u00a1Se acab\u00f3 el baile de n\u00fameros! En este post encontrar\u00e1s las plazas de enfermer\u00eda ofertadas por cada comunidad aut\u00f3noma en las \u00faltimas OPEs 2022. Estas plazas deber\u00e1n ser convocadas a lo largo del este a\u00f1os 2022. Recuerda que estos datos est\u00e1n sujetos a revisi\u00f3n y por tanto son susceptibles de posibles modificaciones o correcciones. Plazas [&hellip;]<\/p>\n","protected":false},"author":8,"featured_media":0,"comment_status":"open","ping_status":"open","sticky":false,"template":"","format":"standard","meta":{"_seopress_robots_primary_cat":"","footnotes":""},"categories":[186],"tags":[],"class_list":["post-6503","post","type-post","status-publish","format-standard","hentry","category-noticias","entry"],"_links":{"self":[{"href":"https:\/\/formantia.es\/blog\/wp-json\/wp\/v2\/posts\/6503","targetHints":{"allow":["GET"]}}],"collection":[{"href":"https:\/\/formantia.es\/blog\/wp-json\/wp\/v2\/posts"}],"about":[{"href":"https:\/\/formantia.es\/blog\/wp-json\/wp\/v2\/types\/post"}],"author":[{"embeddable":true,"href":"https:\/\/formantia.es\/blog\/wp-json\/wp\/v2\/users\/8"}],"replies":[{"embeddable":true,"href":"https:\/\/formantia.es\/blog\/wp-json\/wp\/v2\/comments?post=6503"}],"version-history":[{"count":41,"href":"https:\/\/formantia.es\/blog\/wp-json\/wp\/v2\/posts\/6503\/revisions"}],"predecessor-version":[{"id":8156,"href":"https:\/\/formantia.es\/blog\/wp-json\/wp\/v2\/posts\/6503\/revisions\/8156"}],"wp:attachment":[{"href":"https:\/\/formantia.es\/blog\/wp-json\/wp\/v2\/media?parent=6503"}],"wp:term":[{"taxonomy":"category","embeddable":true,"href":"https:\/\/formantia.es\/blog\/wp-json\/wp\/v2\/categories?post=6503"},{"taxonomy":"post_tag","embeddable":true,"href":"https:\/\/formantia.es\/blog\/wp-json\/wp\/v2\/tags?post=6503"}],"curies":[{"name":"wp","href":"https:\/\/api.w.org\/{rel}","templated":true}]}}