{"id":6217,"date":"2022-06-10T15:23:51","date_gmt":"2022-06-10T15:23:51","guid":{"rendered":"https:\/\/formantia.es\/blog\/?p=6217"},"modified":"2022-06-15T07:21:58","modified_gmt":"2022-06-15T07:21:58","slug":"2022-06-10-oferta-publica-de-empleo-en-baleares","status":"publish","type":"post","link":"https:\/\/formantia.es\/blog\/2022-06-10-oferta-publica-de-empleo-en-baleares\/","title":{"rendered":"Oferta P\u00fablica de Empleo en Baleares 2022"},"content":{"rendered":"\t\t<div data-elementor-type=\"wp-post\" data-elementor-id=\"6217\" class=\"elementor elementor-6217\" data-elementor-post-type=\"post\">\n\t\t\t\t\t\t<section class=\"elementor-section elementor-top-section elementor-element elementor-element-29c251e3 elementor-section-boxed elementor-section-height-default elementor-section-height-default\" data-id=\"29c251e3\" data-element_type=\"section\">\n\t\t\t\t\t\t<div class=\"elementor-container elementor-column-gap-default\">\n\t\t\t\t\t<div class=\"elementor-column elementor-col-100 elementor-top-column elementor-element elementor-element-75d5ffb4\" data-id=\"75d5ffb4\" data-element_type=\"column\">\n\t\t\t<div class=\"elementor-widget-wrap elementor-element-populated\">\n\t\t\t\t\t\t<div class=\"elementor-element elementor-element-37e189c9 elementor-widget elementor-widget-image\" data-id=\"37e189c9\" data-element_type=\"widget\" data-widget_type=\"image.default\">\n\t\t\t\t<div class=\"elementor-widget-container\">\n\t\t\t\t\t\t\t\t\t\t\t\t\t\t\t<img fetchpriority=\"high\" decoding=\"async\" width=\"640\" height=\"503\" src=\"https:\/\/formantia.es\/blog\/wp-content\/uploads\/2022\/06\/Portada-BOE-Baleares-1024x805.png\" class=\"attachment-large size-large wp-image-6219\" alt=\"Portada Boe Baleares estabilizaci\u00f3n 2022 OPE\" srcset=\"https:\/\/formantia.es\/blog\/wp-content\/uploads\/2022\/06\/Portada-BOE-Baleares-1024x805.png 1024w, https:\/\/formantia.es\/blog\/wp-content\/uploads\/2022\/06\/Portada-BOE-Baleares-300x236.png 300w, https:\/\/formantia.es\/blog\/wp-content\/uploads\/2022\/06\/Portada-BOE-Baleares-768x604.png 768w, https:\/\/formantia.es\/blog\/wp-content\/uploads\/2022\/06\/Portada-BOE-Baleares-1536x1207.png 1536w, https:\/\/formantia.es\/blog\/wp-content\/uploads\/2022\/06\/Portada-BOE-Baleares-1568x1232.png 1568w, https:\/\/formantia.es\/blog\/wp-content\/uploads\/2022\/06\/Portada-BOE-Baleares.png 1700w\" sizes=\"(max-width: 640px) 100vw, 640px\" \/>\t\t\t\t\t\t\t\t\t\t\t\t\t\t\t<\/div>\n\t\t\t\t<\/div>\n\t\t\t\t\t<\/div>\n\t\t<\/div>\n\t\t\t\t\t<\/div>\n\t\t<\/section>\n\t\t\t\t<section class=\"elementor-section elementor-top-section elementor-element elementor-element-4cd95aea elementor-section-boxed elementor-section-height-default elementor-section-height-default\" data-id=\"4cd95aea\" data-element_type=\"section\">\n\t\t\t\t\t\t<div class=\"elementor-container elementor-column-gap-default\">\n\t\t\t\t\t<div class=\"elementor-column elementor-col-100 elementor-top-column elementor-element elementor-element-6ff6ee85\" data-id=\"6ff6ee85\" data-element_type=\"column\">\n\t\t\t<div class=\"elementor-widget-wrap elementor-element-populated\">\n\t\t\t\t\t\t<div class=\"elementor-element elementor-element-58b989e elementor-widget elementor-widget-heading\" data-id=\"58b989e\" data-element_type=\"widget\" data-widget_type=\"heading.default\">\n\t\t\t\t<div class=\"elementor-widget-container\">\n\t\t\t\t\t<h2 class=\"elementor-heading-title elementor-size-medium\">Plaza Oferta P\u00fablica de Empleo de Illes Baleares 2022:<\/h2>\t\t\t\t<\/div>\n\t\t\t\t<\/div>\n\t\t\t\t\t<\/div>\n\t\t<\/div>\n\t\t\t\t\t<\/div>\n\t\t<\/section>\n\t\t\t\t<section class=\"elementor-section elementor-top-section elementor-element elementor-element-7c0941c elementor-section-boxed elementor-section-height-default elementor-section-height-default\" data-id=\"7c0941c\" data-element_type=\"section\">\n\t\t\t\t\t\t<div class=\"elementor-container elementor-column-gap-default\">\n\t\t\t\t\t<div class=\"elementor-column elementor-col-100 elementor-top-column elementor-element elementor-element-25fe728d\" data-id=\"25fe728d\" data-element_type=\"column\">\n\t\t\t<div class=\"elementor-widget-wrap elementor-element-populated\">\n\t\t\t\t\t\t<div class=\"elementor-element elementor-element-51f6ddd0 elementor-widget elementor-widget-text-editor\" data-id=\"51f6ddd0\" data-element_type=\"widget\" data-widget_type=\"text-editor.default\">\n\t\t\t\t<div class=\"elementor-widget-container\">\n\t\t\t\t\t\t\t\t\t<p>En este post encontrar\u00e1s el n\u00famero de plazas ofertadas de tu especialidad en la \u00faltima OPE 2022 de Illes Baleares.<\/p><p>En <a href=\"https:\/\/www.caib.es\/eboibfront\/pdf\/es\/2022\/67\/1111891\">el Bolet\u00edn Oficial de les Illes Balears de 24 de Mayo 2022 <strong>se aprueba la Oferta P\u00fablica de Empleo\u00a0<\/strong><\/a>de estabilidad ordinaria y excepcional de estabilizaci\u00f3n para el a\u00f1o 2022.\u00a0<\/p>\t\t\t\t\t\t\t\t<\/div>\n\t\t\t\t<\/div>\n\t\t\t\t\t<\/div>\n\t\t<\/div>\n\t\t\t\t\t<\/div>\n\t\t<\/section>\n\t\t\t\t<section class=\"elementor-section elementor-top-section elementor-element elementor-element-662c95ff elementor-section-boxed elementor-section-height-default elementor-section-height-default\" data-id=\"662c95ff\" data-element_type=\"section\">\n\t\t\t\t\t\t<div class=\"elementor-container elementor-column-gap-default\">\n\t\t\t\t\t<div class=\"elementor-column elementor-col-100 elementor-top-column elementor-element elementor-element-222a1e82\" data-id=\"222a1e82\" data-element_type=\"column\">\n\t\t\t<div class=\"elementor-widget-wrap elementor-element-populated\">\n\t\t\t\t\t\t<div class=\"elementor-element elementor-element-63870f66 elementor-widget elementor-widget-text-editor\" data-id=\"63870f66\" data-element_type=\"widget\" data-widget_type=\"text-editor.default\">\n\t\t\t\t<div class=\"elementor-widget-container\">\n\t\t\t\t\t\t\t\t\t<p>Aqu\u00ed se contemplan las famosas medidas urgentes para reducir la temporalidad del empleo p\u00fablico.<\/p><p><span class=\"Apple-converted-space\">En este documento se aplica la ampliaci\u00f3n de los <strong>procesos de estabilizaci\u00f3n de empleo temporal (Ley 20\/2021).<\/strong><\/span><\/p><p>A continuaci\u00f3n, recogemos un resumen de las <strong>plazas ofertadas<\/strong>.\u00a0<\/p><p>Recuerda que est\u00e1 informaci\u00f3n est\u00e1 sujeta a revisi\u00f3n por lo que puede estar sujeta a cambios, correcciones y modificaciones.\u00a0<\/p><p>Plazas ofertadas por concurso-oposici\u00f3n:<\/p>\t\t\t\t\t\t\t\t<\/div>\n\t\t\t\t<\/div>\n\t\t\t\t<div class=\"elementor-element elementor-element-7992b6b8 elementor-widget elementor-widget-image\" data-id=\"7992b6b8\" data-element_type=\"widget\" data-widget_type=\"image.default\">\n\t\t\t\t<div class=\"elementor-widget-container\">\n\t\t\t\t\t\t\t\t\t\t\t\t\t\t\t<img decoding=\"async\" width=\"640\" height=\"218\" src=\"https:\/\/formantia.es\/blog\/wp-content\/uploads\/2022\/06\/Concurso-Oposicion-ENFERMERO-1024x348.png\" class=\"attachment-large size-large wp-image-6222\" alt=\"Concurso Oposici\u00f3n plazas enfermeros Baleares 2022\" srcset=\"https:\/\/formantia.es\/blog\/wp-content\/uploads\/2022\/06\/Concurso-Oposicion-ENFERMERO-1024x348.png 1024w, https:\/\/formantia.es\/blog\/wp-content\/uploads\/2022\/06\/Concurso-Oposicion-ENFERMERO-300x102.png 300w, https:\/\/formantia.es\/blog\/wp-content\/uploads\/2022\/06\/Concurso-Oposicion-ENFERMERO-768x261.png 768w, https:\/\/formantia.es\/blog\/wp-content\/uploads\/2022\/06\/Concurso-Oposicion-ENFERMERO-1536x521.png 1536w, https:\/\/formantia.es\/blog\/wp-content\/uploads\/2022\/06\/Concurso-Oposicion-ENFERMERO-1568x532.png 1568w, https:\/\/formantia.es\/blog\/wp-content\/uploads\/2022\/06\/Concurso-Oposicion-ENFERMERO.png 1644w\" sizes=\"(max-width: 640px) 100vw, 640px\" \/>\t\t\t\t\t\t\t\t\t\t\t\t\t\t\t<\/div>\n\t\t\t\t<\/div>\n\t\t\t\t<div class=\"elementor-element elementor-element-1515d5fb elementor-widget elementor-widget-image\" data-id=\"1515d5fb\" data-element_type=\"widget\" data-widget_type=\"image.default\">\n\t\t\t\t<div class=\"elementor-widget-container\">\n\t\t\t\t\t\t\t\t\t\t\t\t\t\t\t<img decoding=\"async\" width=\"640\" height=\"823\" src=\"https:\/\/formantia.es\/blog\/wp-content\/uploads\/2022\/06\/Concurso-Oposicion-Higiene-LaboratorioTCAE-e1654788795111-796x1024.png\" class=\"attachment-large size-large wp-image-6221\" alt=\"Concurso Oposici\u00f3n Baleares 2022 plazas Higiene Laboratorio TCAE\" srcset=\"https:\/\/formantia.es\/blog\/wp-content\/uploads\/2022\/06\/Concurso-Oposicion-Higiene-LaboratorioTCAE-e1654788795111-796x1024.png 796w, https:\/\/formantia.es\/blog\/wp-content\/uploads\/2022\/06\/Concurso-Oposicion-Higiene-LaboratorioTCAE-e1654788795111-233x300.png 233w, https:\/\/formantia.es\/blog\/wp-content\/uploads\/2022\/06\/Concurso-Oposicion-Higiene-LaboratorioTCAE-e1654788795111-768x988.png 768w, https:\/\/formantia.es\/blog\/wp-content\/uploads\/2022\/06\/Concurso-Oposicion-Higiene-LaboratorioTCAE-e1654788795111.png 1035w\" sizes=\"(max-width: 640px) 100vw, 640px\" \/>\t\t\t\t\t\t\t\t\t\t\t\t\t\t\t<\/div>\n\t\t\t\t<\/div>\n\t\t\t\t<div class=\"elementor-element elementor-element-a476651 elementor-widget elementor-widget-text-editor\" data-id=\"a476651\" data-element_type=\"widget\" data-widget_type=\"text-editor.default\">\n\t\t\t\t<div class=\"elementor-widget-container\">\n\t\t\t\t\t\t\t\t\t<p>Plazas ofertadas por concurso.\u00a0<\/p>\t\t\t\t\t\t\t\t<\/div>\n\t\t\t\t<\/div>\n\t\t\t\t\t<\/div>\n\t\t<\/div>\n\t\t\t\t\t<\/div>\n\t\t<\/section>\n\t\t\t\t<section class=\"elementor-section elementor-top-section elementor-element elementor-element-10b33c17 elementor-section-boxed elementor-section-height-default elementor-section-height-default\" data-id=\"10b33c17\" data-element_type=\"section\">\n\t\t\t\t\t\t<div class=\"elementor-container elementor-column-gap-default\">\n\t\t\t\t\t<div class=\"elementor-column elementor-col-100 elementor-top-column elementor-element elementor-element-47b4317e\" data-id=\"47b4317e\" data-element_type=\"column\">\n\t\t\t<div class=\"elementor-widget-wrap elementor-element-populated\">\n\t\t\t\t\t\t<div class=\"elementor-element elementor-element-a67a2f9 elementor-widget elementor-widget-image\" data-id=\"a67a2f9\" data-element_type=\"widget\" data-widget_type=\"image.default\">\n\t\t\t\t<div class=\"elementor-widget-container\">\n\t\t\t\t\t\t\t\t\t\t\t\t\t\t\t<img loading=\"lazy\" decoding=\"async\" width=\"640\" height=\"298\" src=\"https:\/\/formantia.es\/blog\/wp-content\/uploads\/2022\/06\/Concurso-Enfermero-1024x476.png\" class=\"attachment-large size-large wp-image-6404\" alt=\"Plazas convocadas por concurso enfermer\u00eda Baleares 2022 OPE\" srcset=\"https:\/\/formantia.es\/blog\/wp-content\/uploads\/2022\/06\/Concurso-Enfermero-1024x476.png 1024w, https:\/\/formantia.es\/blog\/wp-content\/uploads\/2022\/06\/Concurso-Enfermero-300x140.png 300w, https:\/\/formantia.es\/blog\/wp-content\/uploads\/2022\/06\/Concurso-Enfermero-768x357.png 768w, https:\/\/formantia.es\/blog\/wp-content\/uploads\/2022\/06\/Concurso-Enfermero-1536x714.png 1536w, https:\/\/formantia.es\/blog\/wp-content\/uploads\/2022\/06\/Concurso-Enfermero-1568x729.png 1568w, https:\/\/formantia.es\/blog\/wp-content\/uploads\/2022\/06\/Concurso-Enfermero.png 1664w\" sizes=\"(max-width: 640px) 100vw, 640px\" \/>\t\t\t\t\t\t\t\t\t\t\t\t\t\t\t<\/div>\n\t\t\t\t<\/div>\n\t\t\t\t<div class=\"elementor-element elementor-element-7720fbd elementor-widget elementor-widget-image\" data-id=\"7720fbd\" data-element_type=\"widget\" data-widget_type=\"image.default\">\n\t\t\t\t<div class=\"elementor-widget-container\">\n\t\t\t\t\t\t\t\t\t\t\t\t\t\t\t<img loading=\"lazy\" decoding=\"async\" width=\"640\" height=\"692\" src=\"https:\/\/formantia.es\/blog\/wp-content\/uploads\/2022\/06\/Concurso-Anatomia_laboratorio_TCAE_Baleares-2022-947x1024.png\" class=\"attachment-large size-large wp-image-6408\" alt=\"Plazas convocadas por concurso 2022 Baleares\" srcset=\"https:\/\/formantia.es\/blog\/wp-content\/uploads\/2022\/06\/Concurso-Anatomia_laboratorio_TCAE_Baleares-2022-947x1024.png 947w, https:\/\/formantia.es\/blog\/wp-content\/uploads\/2022\/06\/Concurso-Anatomia_laboratorio_TCAE_Baleares-2022-277x300.png 277w, https:\/\/formantia.es\/blog\/wp-content\/uploads\/2022\/06\/Concurso-Anatomia_laboratorio_TCAE_Baleares-2022-768x830.png 768w, https:\/\/formantia.es\/blog\/wp-content\/uploads\/2022\/06\/Concurso-Anatomia_laboratorio_TCAE_Baleares-2022.png 1108w\" sizes=\"(max-width: 640px) 100vw, 640px\" \/>\t\t\t\t\t\t\t\t\t\t\t\t\t\t\t<\/div>\n\t\t\t\t<\/div>\n\t\t\t\t<div class=\"elementor-element elementor-element-eef3b15 elementor-widget elementor-widget-image\" data-id=\"eef3b15\" data-element_type=\"widget\" data-widget_type=\"image.default\">\n\t\t\t\t<div class=\"elementor-widget-container\">\n\t\t\t\t\t\t\t\t\t\t\t\t\t\t\t<img loading=\"lazy\" decoding=\"async\" width=\"640\" height=\"271\" src=\"https:\/\/formantia.es\/blog\/wp-content\/uploads\/2022\/06\/Concurso-Higiene-Baleares-OPE-2022-1-1024x434.png\" class=\"attachment-large size-large wp-image-6746\" alt=\"Plazas concurso oposici\u00f3n Higiene Baleares OPE 2022\" srcset=\"https:\/\/formantia.es\/blog\/wp-content\/uploads\/2022\/06\/Concurso-Higiene-Baleares-OPE-2022-1-1024x434.png 1024w, https:\/\/formantia.es\/blog\/wp-content\/uploads\/2022\/06\/Concurso-Higiene-Baleares-OPE-2022-1-300x127.png 300w, https:\/\/formantia.es\/blog\/wp-content\/uploads\/2022\/06\/Concurso-Higiene-Baleares-OPE-2022-1-768x326.png 768w, https:\/\/formantia.es\/blog\/wp-content\/uploads\/2022\/06\/Concurso-Higiene-Baleares-OPE-2022-1.png 1108w\" sizes=\"(max-width: 640px) 100vw, 640px\" \/>\t\t\t\t\t\t\t\t\t\t\t\t\t\t\t<\/div>\n\t\t\t\t<\/div>\n\t\t\t\t<div class=\"elementor-element elementor-element-1bb807db elementor-widget elementor-widget-heading\" data-id=\"1bb807db\" data-element_type=\"widget\" data-widget_type=\"heading.default\">\n\t\t\t\t<div class=\"elementor-widget-container\">\n\t\t\t\t\t<h2 class=\"elementor-heading-title elementor-size-medium\">La distribuci\u00f3n de plazas  por concurso - oposici\u00f3n es la siguiente: \n<\/h2>\t\t\t\t<\/div>\n\t\t\t\t<\/div>\n\t\t\t\t\t<\/div>\n\t\t<\/div>\n\t\t\t\t\t<\/div>\n\t\t<\/section>\n\t\t\t\t<section class=\"elementor-section elementor-top-section elementor-element elementor-element-393dd20f elementor-section-boxed elementor-section-height-default elementor-section-height-default\" data-id=\"393dd20f\" data-element_type=\"section\">\n\t\t\t\t\t\t<div class=\"elementor-container elementor-column-gap-default\">\n\t\t\t\t\t<div class=\"elementor-column elementor-col-100 elementor-top-column elementor-element elementor-element-12106836\" data-id=\"12106836\" data-element_type=\"column\">\n\t\t\t<div class=\"elementor-widget-wrap elementor-element-populated\">\n\t\t\t\t\t\t<div class=\"elementor-element elementor-element-5106e7df elementor-widget elementor-widget-text-editor\" data-id=\"5106e7df\" data-element_type=\"widget\" data-widget_type=\"text-editor.default\">\n\t\t\t\t<div class=\"elementor-widget-container\">\n\t\t\t\t\t\t\t\t\t<ul><li><a href=\"https:\/\/formantia.es\/oposiciones\/enfermeria\/enfermeria-generico\">Enfermer\u00eda<\/a>: 807 plazas.<\/li><li><a href=\"https:\/\/formantia.es\/oposiciones\/tcae-auxiliar-enfermeria\/tecnico-cuidados-auxiliares-enfermeria-tcae-generico\">T\u00e9cnico de Cuidados Auxiliares de Enfermer\u00eda<\/a>: 350 plazas.<\/li><li><a href=\"https:\/\/formantia.es\/oposiciones\/tecnico-higiene-bucodental\/tecnico-higiene-bucodental-generico\">T.S. en Higiene Bucodental:<\/a> 4 plazas.\u00a0<\/li><li><a href=\"https:\/\/formantia.es\/oposiciones\/tecnico-anatomia-patologica\/tecnico-anatomia-patologica-generico\">T.S. en Anatom\u00eda Patol\u00f3gica<\/a>: 0 plazas.<\/li><li><a href=\"https:\/\/formantia.es\/oposiciones\/tecnico-laboratorio\/ibsalut-baleares\">T.S. en Laboratorio de Diagn\u00f3stico Cl\u00ednico<\/a>: 34 plazas.\u00a0<\/li><\/ul><p>Puedes consultar el documento <a href=\"https:\/\/www.caib.es\/eboibfront\/pdf\/es\/2022\/67\/1111891\">aqu\u00ed<\/a>.<\/p>\t\t\t\t\t\t\t\t<\/div>\n\t\t\t\t<\/div>\n\t\t\t\t<div class=\"elementor-element elementor-element-37fb113e elementor-widget elementor-widget-heading\" data-id=\"37fb113e\" data-element_type=\"widget\" data-widget_type=\"heading.default\">\n\t\t\t\t<div class=\"elementor-widget-container\">\n\t\t\t\t\t<h2 class=\"elementor-heading-title elementor-size-medium\">La distribuci\u00f3n de plazas  por concurso es la siguiente: \n<\/h2>\t\t\t\t<\/div>\n\t\t\t\t<\/div>\n\t\t\t\t<div class=\"elementor-element elementor-element-299ec7c elementor-widget elementor-widget-text-editor\" data-id=\"299ec7c\" data-element_type=\"widget\" data-widget_type=\"text-editor.default\">\n\t\t\t\t<div class=\"elementor-widget-container\">\n\t\t\t\t\t\t\t\t\t<p>Aqu\u00ed te dejamos unos fragmentos sobre el resto de las plazas de estabilizaci\u00f3n ofertadas por concurso. \u00a0<\/p>\t\t\t\t\t\t\t\t<\/div>\n\t\t\t\t<\/div>\n\t\t\t\t\t<\/div>\n\t\t<\/div>\n\t\t\t\t\t<\/div>\n\t\t<\/section>\n\t\t\t\t<section class=\"elementor-section elementor-top-section elementor-element elementor-element-58dd234b elementor-section-boxed elementor-section-height-default elementor-section-height-default\" data-id=\"58dd234b\" data-element_type=\"section\">\n\t\t\t\t\t\t<div class=\"elementor-container elementor-column-gap-default\">\n\t\t\t\t\t<div class=\"elementor-column elementor-col-100 elementor-top-column elementor-element elementor-element-7c550e84\" data-id=\"7c550e84\" data-element_type=\"column\">\n\t\t\t<div class=\"elementor-widget-wrap elementor-element-populated\">\n\t\t\t\t\t\t<div class=\"elementor-element elementor-element-56f1945b elementor-widget elementor-widget-text-editor\" data-id=\"56f1945b\" data-element_type=\"widget\" data-widget_type=\"text-editor.default\">\n\t\t\t\t<div class=\"elementor-widget-container\">\n\t\t\t\t\t\t\t\t\t<ul><li>Enfermer\u00eda: 375 plazas.<\/li><li>T\u00e9cnico de Cuidados Auxiliares de Enfermer\u00eda: 33 plazas.<\/li><li>T.S. en Higiene Bucodental: 4 plazas.\u00a0<\/li><li>T.S. en Anatom\u00eda Patol\u00f3gica: 4 plazas.<\/li><li>T.S. en Laboratorio de Diagn\u00f3stico Cl\u00ednico: 60 plazas.\u00a0<\/li><\/ul><p><span style=\"color: var( --e-global-color-text ); font-family: var( --e-global-typography-text-font-family ), Sans-serif; font-size: 1rem;\">Puedes consultar el documento <\/span><a style=\"font-family: var( --e-global-typography-text-font-family ), Sans-serif; font-size: 1rem;\" href=\"https:\/\/formantia.es\/oposiciones\/tecnico-laboratorio\/ibsalut-baleares\">aqu\u00ed<\/a><span style=\"color: var( --e-global-color-text ); font-family: var( --e-global-typography-text-font-family ), Sans-serif; font-size: 1rem;\">.<\/span><\/p>\t\t\t\t\t\t\t\t<\/div>\n\t\t\t\t<\/div>\n\t\t\t\t<div class=\"elementor-element elementor-element-647f987b elementor-widget elementor-widget-text-editor\" data-id=\"647f987b\" data-element_type=\"widget\" data-widget_type=\"text-editor.default\">\n\t\t\t\t<div class=\"elementor-widget-container\">\n\t\t\t\t\t\t\t\t\t<section class=\"elementor-section elementor-top-section elementor-element elementor-element-39e4d40 elementor-section-boxed elementor-section-height-default elementor-section-height-default\" data-id=\"39e4d40\" data-element_type=\"section\"><div class=\"elementor-container elementor-column-gap-default\"><div class=\"elementor-row\"><div class=\"elementor-column elementor-col-100 elementor-top-column elementor-element elementor-element-27a44a8\" data-id=\"27a44a8\" data-element_type=\"column\"><div class=\"elementor-column-wrap elementor-element-populated\"><div class=\"elementor-widget-wrap\"><div class=\"elementor-element elementor-element-e3bf5cf elementor-widget elementor-widget-heading\" data-id=\"e3bf5cf\" data-element_type=\"widget\" data-widget_type=\"heading.default\"><div class=\"elementor-widget-container\"><h4 class=\"elementor-heading-title elementor-size-medium\">Entonces, \u00bfesto quiere decir que deber\u00eda empezar a preparar mi oposici\u00f3n?<\/h4><\/div><\/div><\/div><\/div><\/div><\/div><\/div><\/section><section class=\"elementor-section elementor-top-section elementor-element elementor-element-8903387 elementor-section-boxed elementor-section-height-default elementor-section-height-default\" data-id=\"8903387\" data-element_type=\"section\"><div class=\"elementor-container elementor-column-gap-default\"><div class=\"elementor-row\"><div class=\"elementor-column elementor-col-100 elementor-top-column elementor-element elementor-element-050cd81\" data-id=\"050cd81\" data-element_type=\"column\"><div class=\"elementor-column-wrap elementor-element-populated\"><div class=\"elementor-widget-wrap\"><div class=\"elementor-element elementor-element-b259d40 elementor-widget elementor-widget-text-editor\" data-id=\"b259d40\" data-element_type=\"widget\" data-widget_type=\"text-editor.default\"><div class=\"elementor-widget-container\"><div class=\"elementor-text-editor elementor-clearfix\"><p>Efectivamente, si tu objetivo es conseguir una de estas plazas,\u00a0entonces \u00a0\u00a1no lo dudes!<\/p><p style=\"text-align: center;\"><strong>\u00a1Ahora es el momento!<\/strong><\/p><p>Esto no es m\u00e1s que el pistoletazo de salida, <strong>\u00a1tu futuro empieza ahora!<\/strong><\/p><p>Es la se\u00f1al que necesitabas para empezar a prepararte.\u00a0<\/p><\/div><\/div><\/div><div class=\"elementor-element elementor-element-1ec2a45 elementor-widget elementor-widget-heading\" data-id=\"1ec2a45\" data-element_type=\"widget\" data-widget_type=\"heading.default\"><div class=\"elementor-widget-container\"><h4 class=\"elementor-heading-title elementor-size-medium\" style=\"text-align: center;\">Detr\u00e1s de un buen puesto hay un buen m\u00e9todo.<\/h4><\/div><\/div><\/div><\/div><\/div><\/div><\/div><\/section><section class=\"elementor-section elementor-top-section elementor-element elementor-element-731da63 elementor-section-boxed elementor-section-height-default elementor-section-height-default\" data-id=\"731da63\" data-element_type=\"section\"><div class=\"elementor-container elementor-column-gap-default\"><div class=\"elementor-row\"><div class=\"elementor-column elementor-col-100 elementor-top-column elementor-element elementor-element-f26ed53\" data-id=\"f26ed53\" data-element_type=\"column\"><div class=\"elementor-column-wrap elementor-element-populated\"><div class=\"elementor-widget-wrap\"><div class=\"elementor-element elementor-element-047daaa elementor-widget elementor-widget-text-editor\" data-id=\"047daaa\" data-element_type=\"widget\" data-widget_type=\"text-editor.default\"><div class=\"elementor-widget-container\"><div class=\"elementor-text-editor elementor-clearfix\"><p>Somos especialistas en ayudarte a conseguir tus metas <strong>sin renunciar a tu vida.\u00a0<\/strong><\/p><p>Por eso, con nuestro\u00a0<strong><a href=\"https:\/\/formantia.es\/el-metodo-formantia\">M\u00e9todo Formantia<\/a><\/strong>, podr\u00e1s conseguir el trabajo de tu vida sin dejarte la vida en ello.\u00a0<\/p><\/div><\/div><\/div><\/div><\/div><\/div><\/div><\/div><\/section>\t\t\t\t\t\t\t\t<\/div>\n\t\t\t\t<\/div>\n\t\t\t\t\t<\/div>\n\t\t<\/div>\n\t\t\t\t\t<\/div>\n\t\t<\/section>\n\t\t\t\t<section class=\"elementor-section elementor-top-section elementor-element elementor-element-72dbffb2 elementor-section-boxed elementor-section-height-default elementor-section-height-default\" data-id=\"72dbffb2\" data-element_type=\"section\">\n\t\t\t\t\t\t<div class=\"elementor-container elementor-column-gap-default\">\n\t\t\t\t\t<div class=\"elementor-column elementor-col-100 elementor-top-column elementor-element elementor-element-6a97c2f\" data-id=\"6a97c2f\" data-element_type=\"column\">\n\t\t\t<div class=\"elementor-widget-wrap elementor-element-populated\">\n\t\t\t\t\t\t<div class=\"elementor-element elementor-element-781466c9 elementor-share-buttons--view-icon-text elementor-share-buttons--skin-gradient elementor-share-buttons--shape-square elementor-grid-0 elementor-share-buttons--color-official elementor-widget elementor-widget-share-buttons\" data-id=\"781466c9\" data-element_type=\"widget\" data-widget_type=\"share-buttons.default\">\n\t\t\t\t<div class=\"elementor-widget-container\">\n\t\t\t\t\t\t\t<div class=\"elementor-grid\" role=\"list\">\n\t\t\t\t\t\t\t\t<div class=\"elementor-grid-item\" role=\"listitem\">\n\t\t\t\t\t\t<div class=\"elementor-share-btn elementor-share-btn_facebook\" role=\"button\" tabindex=\"0\" aria-label=\"Compartir en facebook\">\n\t\t\t\t\t\t\t\t\t\t\t\t\t\t\t<span class=\"elementor-share-btn__icon\">\n\t\t\t\t\t\t\t\t<i class=\"fab fa-facebook\" aria-hidden=\"true\"><\/i>\t\t\t\t\t\t\t<\/span>\n\t\t\t\t\t\t\t\t\t\t\t\t\t\t\t\t\t\t\t\t\t\t<div class=\"elementor-share-btn__text\">\n\t\t\t\t\t\t\t\t\t\t\t\t\t\t\t\t\t\t\t<span class=\"elementor-share-btn__title\">\n\t\t\t\t\t\t\t\t\t\tFacebook\t\t\t\t\t\t\t\t\t<\/span>\n\t\t\t\t\t\t\t\t\t\t\t\t\t\t\t\t\t<\/div>\n\t\t\t\t\t\t\t\t\t\t\t\t\t<\/div>\n\t\t\t\t\t<\/div>\n\t\t\t\t\t\t\t\t\t<div class=\"elementor-grid-item\" role=\"listitem\">\n\t\t\t\t\t\t<div class=\"elementor-share-btn elementor-share-btn_whatsapp\" role=\"button\" tabindex=\"0\" aria-label=\"Compartir en whatsapp\">\n\t\t\t\t\t\t\t\t\t\t\t\t\t\t\t<span class=\"elementor-share-btn__icon\">\n\t\t\t\t\t\t\t\t<i class=\"fab fa-whatsapp\" aria-hidden=\"true\"><\/i>\t\t\t\t\t\t\t<\/span>\n\t\t\t\t\t\t\t\t\t\t\t\t\t\t\t\t\t\t\t\t\t\t<div class=\"elementor-share-btn__text\">\n\t\t\t\t\t\t\t\t\t\t\t\t\t\t\t\t\t\t\t<span class=\"elementor-share-btn__title\">\n\t\t\t\t\t\t\t\t\t\tWhatsApp\t\t\t\t\t\t\t\t\t<\/span>\n\t\t\t\t\t\t\t\t\t\t\t\t\t\t\t\t\t<\/div>\n\t\t\t\t\t\t\t\t\t\t\t\t\t<\/div>\n\t\t\t\t\t<\/div>\n\t\t\t\t\t\t\t\t\t<div class=\"elementor-grid-item\" role=\"listitem\">\n\t\t\t\t\t\t<div class=\"elementor-share-btn elementor-share-btn_telegram\" role=\"button\" tabindex=\"0\" aria-label=\"Compartir en telegram\">\n\t\t\t\t\t\t\t\t\t\t\t\t\t\t\t<span class=\"elementor-share-btn__icon\">\n\t\t\t\t\t\t\t\t<i class=\"fab fa-telegram\" aria-hidden=\"true\"><\/i>\t\t\t\t\t\t\t<\/span>\n\t\t\t\t\t\t\t\t\t\t\t\t\t\t\t\t\t\t\t\t\t\t<div class=\"elementor-share-btn__text\">\n\t\t\t\t\t\t\t\t\t\t\t\t\t\t\t\t\t\t\t<span class=\"elementor-share-btn__title\">\n\t\t\t\t\t\t\t\t\t\tTelegram\t\t\t\t\t\t\t\t\t<\/span>\n\t\t\t\t\t\t\t\t\t\t\t\t\t\t\t\t\t<\/div>\n\t\t\t\t\t\t\t\t\t\t\t\t\t<\/div>\n\t\t\t\t\t<\/div>\n\t\t\t\t\t\t<\/div>\n\t\t\t\t\t\t<\/div>\n\t\t\t\t<\/div>\n\t\t\t\t\t<\/div>\n\t\t<\/div>\n\t\t\t\t\t<\/div>\n\t\t<\/section>\n\t\t\t\t<\/div>\n\t\t","protected":false},"excerpt":{"rendered":"<p>Plaza Oferta P\u00fablica de Empleo de Illes Baleares 2022: En este post encontrar\u00e1s el n\u00famero de plazas ofertadas de tu especialidad en la \u00faltima OPE 2022 de Illes Baleares. En el Bolet\u00edn Oficial de les Illes Balears de 24 de Mayo 2022 se aprueba la Oferta P\u00fablica de Empleo\u00a0de estabilidad ordinaria y excepcional de estabilizaci\u00f3n [&hellip;]<\/p>\n","protected":false},"author":8,"featured_media":0,"comment_status":"open","ping_status":"open","sticky":false,"template":"","format":"standard","meta":{"_seopress_robots_primary_cat":"","footnotes":""},"categories":[186],"tags":[],"class_list":["post-6217","post","type-post","status-publish","format-standard","hentry","category-noticias","entry"],"_links":{"self":[{"href":"https:\/\/formantia.es\/blog\/wp-json\/wp\/v2\/posts\/6217","targetHints":{"allow":["GET"]}}],"collection":[{"href":"https:\/\/formantia.es\/blog\/wp-json\/wp\/v2\/posts"}],"about":[{"href":"https:\/\/formantia.es\/blog\/wp-json\/wp\/v2\/types\/post"}],"author":[{"embeddable":true,"href":"https:\/\/formantia.es\/blog\/wp-json\/wp\/v2\/users\/8"}],"replies":[{"embeddable":true,"href":"https:\/\/formantia.es\/blog\/wp-json\/wp\/v2\/comments?post=6217"}],"version-history":[{"count":28,"href":"https:\/\/formantia.es\/blog\/wp-json\/wp\/v2\/posts\/6217\/revisions"}],"predecessor-version":[{"id":6749,"href":"https:\/\/formantia.es\/blog\/wp-json\/wp\/v2\/posts\/6217\/revisions\/6749"}],"wp:attachment":[{"href":"https:\/\/formantia.es\/blog\/wp-json\/wp\/v2\/media?parent=6217"}],"wp:term":[{"taxonomy":"category","embeddable":true,"href":"https:\/\/formantia.es\/blog\/wp-json\/wp\/v2\/categories?post=6217"},{"taxonomy":"post_tag","embeddable":true,"href":"https:\/\/formantia.es\/blog\/wp-json\/wp\/v2\/tags?post=6217"}],"curies":[{"name":"wp","href":"https:\/\/api.w.org\/{rel}","templated":true}]}}