{"id":5709,"date":"2022-02-24T10:29:50","date_gmt":"2022-02-24T10:29:50","guid":{"rendered":"https:\/\/formantia.es\/blog\/?p=5709"},"modified":"2022-02-24T10:31:43","modified_gmt":"2022-02-24T10:31:43","slug":"220224-aragon-publica-admitidos-fecha-de-examen-tribunal-calificador-proceso-ts-anatomia-patologica","status":"publish","type":"post","link":"https:\/\/formantia.es\/blog\/220224-aragon-publica-admitidos-fecha-de-examen-tribunal-calificador-proceso-ts-anatomia-patologica\/","title":{"rendered":"Arag\u00f3n publica la lista provisional de admitidos, fecha de examen y el Tribunal calificador para el proceso de T\u00e9cnicos Superiores en Anatom\u00eda Patol\u00f3gica"},"content":{"rendered":"\t\t<div data-elementor-type=\"wp-post\" data-elementor-id=\"5709\" class=\"elementor elementor-5709\" data-elementor-post-type=\"post\">\n\t\t\t\t\t\t<section class=\"elementor-section elementor-top-section elementor-element elementor-element-20496bc elementor-section-boxed elementor-section-height-default elementor-section-height-default\" data-id=\"20496bc\" data-element_type=\"section\">\n\t\t\t\t\t\t<div class=\"elementor-container elementor-column-gap-default\">\n\t\t\t\t\t<div class=\"elementor-column elementor-col-100 elementor-top-column elementor-element elementor-element-095b51a\" data-id=\"095b51a\" data-element_type=\"column\">\n\t\t\t<div class=\"elementor-widget-wrap elementor-element-populated\">\n\t\t\t\t\t\t<div class=\"elementor-element elementor-element-48ba84c elementor-widget elementor-widget-image\" data-id=\"48ba84c\" data-element_type=\"widget\" data-widget_type=\"image.default\">\n\t\t\t\t<div class=\"elementor-widget-container\">\n\t\t\t\t\t\t\t\t\t\t\t\t\t\t\t<img fetchpriority=\"high\" decoding=\"async\" width=\"640\" height=\"640\" src=\"https:\/\/formantia.es\/blog\/wp-content\/uploads\/2022\/02\/Fecha-examen-TEAP-TSAPC-Aragon.png\" class=\"attachment-large size-large wp-image-5710\" alt=\"Fecha examen TEAP TSAPC Aragon\" srcset=\"https:\/\/formantia.es\/blog\/wp-content\/uploads\/2022\/02\/Fecha-examen-TEAP-TSAPC-Aragon.png 1024w, https:\/\/formantia.es\/blog\/wp-content\/uploads\/2022\/02\/Fecha-examen-TEAP-TSAPC-Aragon-300x300.png 300w, https:\/\/formantia.es\/blog\/wp-content\/uploads\/2022\/02\/Fecha-examen-TEAP-TSAPC-Aragon-150x150.png 150w, https:\/\/formantia.es\/blog\/wp-content\/uploads\/2022\/02\/Fecha-examen-TEAP-TSAPC-Aragon-768x768.png 768w\" sizes=\"(max-width: 640px) 100vw, 640px\" \/>\t\t\t\t\t\t\t\t\t\t\t\t\t\t\t<\/div>\n\t\t\t\t<\/div>\n\t\t\t\t\t<\/div>\n\t\t<\/div>\n\t\t\t\t\t<\/div>\n\t\t<\/section>\n\t\t\t\t<section class=\"elementor-section elementor-top-section elementor-element elementor-element-f9fe457 elementor-section-boxed elementor-section-height-default elementor-section-height-default\" data-id=\"f9fe457\" data-element_type=\"section\">\n\t\t\t\t\t\t<div class=\"elementor-container elementor-column-gap-default\">\n\t\t\t\t\t<div class=\"elementor-column elementor-col-100 elementor-top-column elementor-element elementor-element-f58ac08\" data-id=\"f58ac08\" data-element_type=\"column\">\n\t\t\t<div class=\"elementor-widget-wrap elementor-element-populated\">\n\t\t\t\t\t\t<div class=\"elementor-element elementor-element-8569cd1 elementor-widget elementor-widget-text-editor\" data-id=\"8569cd1\" data-element_type=\"widget\" data-widget_type=\"text-editor.default\">\n\t\t\t\t<div class=\"elementor-widget-container\">\n\t\t\t\t\t\t\t\t\t<p><a href=\"https:\/\/www.aragon.es\/\" target=\"_blank\" rel=\"noopener\">RESOLUCI\u00d3N de 11 de febrero de 2022, de la Direcci\u00f3n Gerencia del Servicio Aragon\u00e9s de Salud, por la que se declara aprobada la relaci\u00f3n provisional de admitidos y excluidos para participar en el proceso selectivo, convocado por Resoluci\u00f3n de 5 de octubre de 2021, de la Direcci\u00f3n Gerencia del Servicio Aragon\u00e9s de Salud, por la que se convoca proceso selectivo para el acceso a la condici\u00f3n de personal estatutario fijo en plazas b\u00e1sicas de la categor\u00eda de T\u00e9cnico Superior de Anatom\u00eda Patol\u00f3gica y Citolog\u00eda en centros del Servicio Aragon\u00e9s de Salud de la Comunidad Aut\u00f3noma de Arag\u00f3n, para su provisi\u00f3n por turno libre.<\/a><\/p><p>\u00a0<\/p><ul><li>Aprobar y hacer p\u00fablica la <strong>relaci\u00f3n provisional de aspirantes admitidos y excluidos<\/strong>, con indicaci\u00f3n de las causas de exclusi\u00f3n, para participar en el proceso selectivo de la categor\u00eda de T\u00e9cnico Superior de Anatom\u00eda Patol\u00f3gica y Citolog\u00eda para su provisi\u00f3n por turno libre convocado por Resoluci\u00f3n de 5 de octubre de 2021.<br \/>La relaci\u00f3n provisional de admitidos y excluidos se publicar\u00e1 en la p\u00e1gina web del Servicio Aragon\u00e9s de Salud en la direcci\u00f3n: <a href=\"https:\/\/www.aragon.es\/-\/oposiciones\" target=\"_blank\" rel=\"noopener\">https:\/\/www.aragon.es\/-\/oposiciones<\/a>.<\/li><li>De conformidad con lo establecido en la base 4.2 de la convocatoria y en el art\u00edculo 68.1 de la Ley 39\/2015, de 1 de octubre, del Procedimiento Administrativo Com\u00fan de las Administraciones P\u00fablicas, abrir un plazo de 10 d\u00edas h\u00e1biles, a contar desde el d\u00eda siguiente a la publicaci\u00f3n de la presente Resoluci\u00f3n en el \u201cBolet\u00edn Oficial de Arag\u00f3n\u201d, para que los interesados puedan subsanar por escrito los defectos que hayan motivado su exclusi\u00f3n o su no inclusi\u00f3n expresa dirigido al Servicio Aragon\u00e9s de Salud, Plaza de la Convivencia, 2 &#8211; 50017, Zaragoza.<br \/>Aquellos aspirantes que dentro del plazo se\u00f1alado no subsanen el defecto que motiv\u00f3 su exclusi\u00f3n o no justifiquen su derecho a ser incluidos en la relaci\u00f3n de admitidos, ser\u00e1n definitivamente excluidos de la realizaci\u00f3n de la prueba.<\/li><li>Fijar la fecha de examen par<strong>a el d\u00eda 19 de junio de 2022, a las 9:00 horas<\/strong>, en llamamiento \u00fanico, en el Aulario B de la Facultad de Medicina de la Universidad de Zaragoza, C\/ Domingo Miral, s\/n, de acuerdo con lo dispuesto en la base 4.1 de la Resoluci\u00f3n de 5 de octubre de 2021 y en el art\u00edculo 19 del Decreto 37\/2011, de 8 de marzo.<br \/>No se efectuar\u00e1 llamamiento nominal por orden alfab\u00e9tico a la entrada de cada aula, pudiendo acceder los aspirantes a la misma a partir de las 8:30 horas.<\/li><li>El desarrollo de los ejercicios se realizar\u00e1 respetando en todo momento lo dis- puesto en el protocolo de higiene y seguridad de obligatorio cumplimiento en la gesti\u00f3n y el desarrollo de las pruebas selectivas convocadas por el Servicio Aragon\u00e9s de Salud aprobado por Resoluci\u00f3n de 9 de septiembre de 2020 (\u201cBolet\u00edn Oficial de Arag\u00f3n\u201d, n\u00famero 189, de 22 de septiembre de 2020). Su incumplimiento por parte de un aspirante ser\u00e1 causa de exclusi\u00f3n en la participaci\u00f3n en dichas pruebas.<\/li><\/ul><p>Puedes acceder a la resoluci\u00f3n en este enlace:\u00a0<br \/><a href=\"http:\/\/www.boa.aragon.es\/cgi-bin\/EBOA\/BRSCGI?CMD=VEROBJ&amp;MLKOB=1208081883636&amp;type=pdf\" target=\"_blank\" rel=\"noopener\">http:\/\/www.boa.aragon.es\/cgi-bin\/EBOA\/BRSCGI?CMD=VEROBJ&amp;MLKOB=1208081883636&amp;type=pdf<\/a><\/p><p><br \/>RESOLUCI\u00d3N de 9 de febrero de 2022, de la Direcci\u00f3n Gerencia del Servicio Aragon\u00e9s de Salud, por la que se designa a los <strong>miembros que van a formar parte del Tribunal<\/strong> en los procesos selectivos convocados por Resoluciones de 5 de octubre de 2021, para el acceso a la condici\u00f3n de personal estatutario fijo en plazas b\u00e1sicas de la categor\u00eda de T\u00e9cnico Superior de Anatom\u00eda Patol\u00f3gica y Citolog\u00eda en centros del Servicio Aragon\u00e9s de Salud de la Comunidad Aut\u00f3noma de Arag\u00f3n, para su provisi\u00f3n por turno libre.<\/p><ul><li>Designar a los siguientes miembros que van a formar parte del Tribunal que ha de juzgar los procesos selectivos para el acceso a la condici\u00f3n de personal estatutario fijo en la categor\u00eda de T\u00e9cnico Superior de Anatom\u00eda Patol\u00f3gica y Citolog\u00eda para su provisi\u00f3n por turno libre:<br \/>Titulares:<br \/>Presidente: D.a Beatriz Sanz Forcada. <br \/>Secretaria: D.a Mar\u00eda Jos\u00e9 P\u00e9rez Sancho. <br \/>Vocal 1.o : D.a Teresa Ram\u00edrez Gasca.<br \/>Vocal 2.o : D.a M.a Inmaculada Ruiz Romero. <br \/>Vocal 3.o : D.a Sof\u00eda Mart\u00edn Lardies.<\/li><\/ul><p>Puedes acceder a la resoluci\u00f3n en este enlace:\u00a0<\/p><p><a href=\"http:\/\/www.boa.aragon.es\/cgi-bin\/EBOA\/BRSCGI?CMD=VEROBJ&amp;MLKOB=1208067743535&amp;type=pdf\" target=\"_blank\" rel=\"noopener\">http:\/\/www.boa.aragon.es\/cgi-bin\/EBOA\/BRSCGI?CMD=VEROBJ&amp;MLKOB=1208067743535&amp;type=pdf<\/a><\/p>\t\t\t\t\t\t\t\t<\/div>\n\t\t\t\t<\/div>\n\t\t\t\t\t<\/div>\n\t\t<\/div>\n\t\t\t\t\t<\/div>\n\t\t<\/section>\n\t\t\t\t<\/div>\n\t\t","protected":false},"excerpt":{"rendered":"<p>RESOLUCI\u00d3N de 11 de febrero de 2022, de la Direcci\u00f3n Gerencia del Servicio Aragon\u00e9s de Salud, por la que se declara aprobada la relaci\u00f3n provisional de admitidos y excluidos para participar en el proceso selectivo, convocado por Resoluci\u00f3n de 5 de octubre de 2021, de la Direcci\u00f3n Gerencia del Servicio Aragon\u00e9s de Salud, por la [&hellip;]<\/p>\n","protected":false},"author":2,"featured_media":0,"comment_status":"open","ping_status":"open","sticky":false,"template":"","format":"standard","meta":{"_seopress_robots_primary_cat":"","footnotes":""},"categories":[184],"tags":[],"class_list":["post-5709","post","type-post","status-publish","format-standard","hentry","category-convocatorias","entry"],"_links":{"self":[{"href":"https:\/\/formantia.es\/blog\/wp-json\/wp\/v2\/posts\/5709","targetHints":{"allow":["GET"]}}],"collection":[{"href":"https:\/\/formantia.es\/blog\/wp-json\/wp\/v2\/posts"}],"about":[{"href":"https:\/\/formantia.es\/blog\/wp-json\/wp\/v2\/types\/post"}],"author":[{"embeddable":true,"href":"https:\/\/formantia.es\/blog\/wp-json\/wp\/v2\/users\/2"}],"replies":[{"embeddable":true,"href":"https:\/\/formantia.es\/blog\/wp-json\/wp\/v2\/comments?post=5709"}],"version-history":[{"count":7,"href":"https:\/\/formantia.es\/blog\/wp-json\/wp\/v2\/posts\/5709\/revisions"}],"predecessor-version":[{"id":5717,"href":"https:\/\/formantia.es\/blog\/wp-json\/wp\/v2\/posts\/5709\/revisions\/5717"}],"wp:attachment":[{"href":"https:\/\/formantia.es\/blog\/wp-json\/wp\/v2\/media?parent=5709"}],"wp:term":[{"taxonomy":"category","embeddable":true,"href":"https:\/\/formantia.es\/blog\/wp-json\/wp\/v2\/categories?post=5709"},{"taxonomy":"post_tag","embeddable":true,"href":"https:\/\/formantia.es\/blog\/wp-json\/wp\/v2\/tags?post=5709"}],"curies":[{"name":"wp","href":"https:\/\/api.w.org\/{rel}","templated":true}]}}