{"id":5699,"date":"2022-02-24T09:57:43","date_gmt":"2022-02-24T09:57:43","guid":{"rendered":"https:\/\/formantia.es\/blog\/?p=5699"},"modified":"2022-02-24T10:00:46","modified_gmt":"2022-02-24T10:00:46","slug":"220224-ses-extremadura-listados-admitidos-fecha-examen-tecnicos-anatomia","status":"publish","type":"post","link":"https:\/\/formantia.es\/blog\/220224-ses-extremadura-listados-admitidos-fecha-examen-tecnicos-anatomia\/","title":{"rendered":"Publicado el listado de admitidos y fecha de examen de T\u00e9cnicos Superiores en Anatom\u00eda Patol\u00f3gica para el SES Extremadura"},"content":{"rendered":"\t\t<div data-elementor-type=\"wp-post\" data-elementor-id=\"5699\" class=\"elementor elementor-5699\" data-elementor-post-type=\"post\">\n\t\t\t\t\t\t<section class=\"elementor-section elementor-top-section elementor-element elementor-element-d89934b elementor-section-boxed elementor-section-height-default elementor-section-height-default\" data-id=\"d89934b\" data-element_type=\"section\">\n\t\t\t\t\t\t<div class=\"elementor-container elementor-column-gap-default\">\n\t\t\t\t\t<div class=\"elementor-column elementor-col-100 elementor-top-column elementor-element elementor-element-5d420d0\" data-id=\"5d420d0\" data-element_type=\"column\">\n\t\t\t<div class=\"elementor-widget-wrap elementor-element-populated\">\n\t\t\t\t\t\t<div class=\"elementor-element elementor-element-0fea371 elementor-widget elementor-widget-image\" data-id=\"0fea371\" data-element_type=\"widget\" data-widget_type=\"image.default\">\n\t\t\t\t<div class=\"elementor-widget-container\">\n\t\t\t\t\t\t\t\t\t\t\t\t\t\t\t<img fetchpriority=\"high\" decoding=\"async\" width=\"640\" height=\"640\" src=\"https:\/\/formantia.es\/blog\/wp-content\/uploads\/2022\/02\/Fecha-examen-TEAT-TSAPC-Extremadura.png\" class=\"attachment-large size-large wp-image-5700\" alt=\"Fecha examen TEAP TSAPC Extremadura\" srcset=\"https:\/\/formantia.es\/blog\/wp-content\/uploads\/2022\/02\/Fecha-examen-TEAT-TSAPC-Extremadura.png 1024w, https:\/\/formantia.es\/blog\/wp-content\/uploads\/2022\/02\/Fecha-examen-TEAT-TSAPC-Extremadura-300x300.png 300w, https:\/\/formantia.es\/blog\/wp-content\/uploads\/2022\/02\/Fecha-examen-TEAT-TSAPC-Extremadura-150x150.png 150w, https:\/\/formantia.es\/blog\/wp-content\/uploads\/2022\/02\/Fecha-examen-TEAT-TSAPC-Extremadura-768x768.png 768w\" sizes=\"(max-width: 640px) 100vw, 640px\" \/>\t\t\t\t\t\t\t\t\t\t\t\t\t\t\t<\/div>\n\t\t\t\t<\/div>\n\t\t\t\t\t<\/div>\n\t\t<\/div>\n\t\t\t\t\t<\/div>\n\t\t<\/section>\n\t\t\t\t<section class=\"elementor-section elementor-top-section elementor-element elementor-element-f65e814 elementor-section-boxed elementor-section-height-default elementor-section-height-default\" data-id=\"f65e814\" data-element_type=\"section\">\n\t\t\t\t\t\t<div class=\"elementor-container elementor-column-gap-default\">\n\t\t\t\t\t<div class=\"elementor-column elementor-col-100 elementor-top-column elementor-element elementor-element-d4f4ea5\" data-id=\"d4f4ea5\" data-element_type=\"column\">\n\t\t\t<div class=\"elementor-widget-wrap elementor-element-populated\">\n\t\t\t\t\t\t<div class=\"elementor-element elementor-element-a383890 elementor-widget elementor-widget-text-editor\" data-id=\"a383890\" data-element_type=\"widget\" data-widget_type=\"text-editor.default\">\n\t\t\t\t<div class=\"elementor-widget-container\">\n\t\t\t\t\t\t\t\t\t<p><a href=\"https:\/\/saludextremadura.ses.es\/seleccionpersonal\/\" target=\"_blank\" rel=\"noopener\">RESOLUCI\u00d3N de 14 de febrero de 2022, de la Direcci\u00f3n General de Recursos Humanos y Asuntos Generales, por la que se aprueba la relaci\u00f3n definitiva de admitidos y excluidos y se fija el lugar, fecha y hora de la celebraci\u00f3n del ejercicio de la fase de oposici\u00f3n del proceso selectivo convocado por Resoluci\u00f3n de 29 de octubre de 2021, para el acceso a la condici\u00f3n de personal estatutario fijo en la categor\u00eda de T\u00e9cnico\/a Especialista en Anatom\u00eda Patol\u00f3gica, en las instituciones sanitarias del Servicio Extreme\u00f1o de Salud.<\/a><\/p><p><br \/>&#8211; Aprobar la <strong>relaci\u00f3n definitiva de aspirantes admitidos y excluidos<\/strong>, clasificada por turnos de acceso y con indicaci\u00f3n de las causas de exclusi\u00f3n, en la categor\u00eda de T\u00e9cnico\/a Especialista en Anatom\u00eda Patol\u00f3gica, convocada mediante la citada resoluci\u00f3n.<\/p><p>&#8211; Estas listas definitivas de aspirantes admitidos y excluidos est\u00e1n disponibles en internet a trav\u00e9s del portal de Selecci\u00f3n de Personal del Servicio Extreme\u00f1o de Salud (https:\/\/saludextremadura.ses.es\/seleccionpersonal\/).<\/p><p>&#8211; Fijar en el anexo de esta resoluci\u00f3n, el <strong>lugar, fecha y hora<\/strong> de celebraci\u00f3n del ejercicio de la fase oposici\u00f3n para la categor\u00eda de T\u00e9cnico\/a Especialista en Anatom\u00eda Patol\u00f3gica.<\/p><p>LUGAR: <br \/>Escuela de Ingenier\u00edas Industriales. <br \/>Campus Universitario, Av. de Elvas, s\/n, <br \/>06006 Badajoz.<\/p><p>FECHA: <strong>domingo, 5 de junio de 2022<\/strong>.<\/p><p>HORA: <strong>10:00 horas<\/strong>.<\/p><p>TURNOS: Libre y discapacidad.<\/p><p><br \/>&#8211; Los aspirantes admitidos para la realizaci\u00f3n del ejercicio deber\u00e1n ir provistos con bol\u00edgrafo azul, as\u00ed como del Documento Nacional de Identidad, pasaporte o cualquier otro documento oficial que acredite fehacientemente su identidad.<\/p><p><br \/>Puedes acceder a la publicaci\u00f3n en este enlace:<br \/><a href=\"http:\/\/doe.juntaex.es\/pdfs\/doe\/2022\/380o\/22060540.pdf\" target=\"_blank\" rel=\"noopener\">http:\/\/doe.juntaex.es\/pdfs\/doe\/2022\/380o\/22060540.pdf<\/a><\/p>\t\t\t\t\t\t\t\t<\/div>\n\t\t\t\t<\/div>\n\t\t\t\t\t<\/div>\n\t\t<\/div>\n\t\t\t\t\t<\/div>\n\t\t<\/section>\n\t\t\t\t<\/div>\n\t\t","protected":false},"excerpt":{"rendered":"<p>RESOLUCI\u00d3N de 14 de febrero de 2022, de la Direcci\u00f3n General de Recursos Humanos y Asuntos Generales, por la que se aprueba la relaci\u00f3n definitiva de admitidos y excluidos y se fija el lugar, fecha y hora de la celebraci\u00f3n del ejercicio de la fase de oposici\u00f3n del proceso selectivo convocado por Resoluci\u00f3n de 29 [&hellip;]<\/p>\n","protected":false},"author":2,"featured_media":0,"comment_status":"open","ping_status":"open","sticky":false,"template":"","format":"standard","meta":{"_seopress_robots_primary_cat":"","footnotes":""},"categories":[184],"tags":[],"class_list":["post-5699","post","type-post","status-publish","format-standard","hentry","category-convocatorias","entry"],"_links":{"self":[{"href":"https:\/\/formantia.es\/blog\/wp-json\/wp\/v2\/posts\/5699","targetHints":{"allow":["GET"]}}],"collection":[{"href":"https:\/\/formantia.es\/blog\/wp-json\/wp\/v2\/posts"}],"about":[{"href":"https:\/\/formantia.es\/blog\/wp-json\/wp\/v2\/types\/post"}],"author":[{"embeddable":true,"href":"https:\/\/formantia.es\/blog\/wp-json\/wp\/v2\/users\/2"}],"replies":[{"embeddable":true,"href":"https:\/\/formantia.es\/blog\/wp-json\/wp\/v2\/comments?post=5699"}],"version-history":[{"count":8,"href":"https:\/\/formantia.es\/blog\/wp-json\/wp\/v2\/posts\/5699\/revisions"}],"predecessor-version":[{"id":5708,"href":"https:\/\/formantia.es\/blog\/wp-json\/wp\/v2\/posts\/5699\/revisions\/5708"}],"wp:attachment":[{"href":"https:\/\/formantia.es\/blog\/wp-json\/wp\/v2\/media?parent=5699"}],"wp:term":[{"taxonomy":"category","embeddable":true,"href":"https:\/\/formantia.es\/blog\/wp-json\/wp\/v2\/categories?post=5699"},{"taxonomy":"post_tag","embeddable":true,"href":"https:\/\/formantia.es\/blog\/wp-json\/wp\/v2\/tags?post=5699"}],"curies":[{"name":"wp","href":"https:\/\/api.w.org\/{rel}","templated":true}]}}