{"id":5679,"date":"2021-12-15T12:22:11","date_gmt":"2021-12-15T12:22:11","guid":{"rendered":"https:\/\/formantia.es\/blog\/?p=5679"},"modified":"2022-02-22T12:23:36","modified_gmt":"2022-02-22T12:23:36","slug":"211215-osakidetza-servicio-vasco-salud-convocatoria-tecnico-especialista-laboratorio","status":"publish","type":"post","link":"https:\/\/formantia.es\/blog\/211215-osakidetza-servicio-vasco-salud-convocatoria-tecnico-especialista-laboratorio\/","title":{"rendered":"Convocatoria de proceso selectivo de T\u00e9cnico Especialista en Laboratorio de Osakidetza &#8211; Servicio Vasco de Salud \u2013 79 plazas"},"content":{"rendered":"\t\t<div data-elementor-type=\"wp-post\" data-elementor-id=\"5679\" class=\"elementor elementor-5679\" data-elementor-post-type=\"post\">\n\t\t\t\t\t\t<section class=\"elementor-section elementor-top-section elementor-element elementor-element-c08da5f elementor-section-boxed elementor-section-height-default elementor-section-height-default\" data-id=\"c08da5f\" data-element_type=\"section\">\n\t\t\t\t\t\t<div class=\"elementor-container elementor-column-gap-default\">\n\t\t\t\t\t<div class=\"elementor-column elementor-col-100 elementor-top-column elementor-element elementor-element-b76baa0\" data-id=\"b76baa0\" data-element_type=\"column\">\n\t\t\t<div class=\"elementor-widget-wrap elementor-element-populated\">\n\t\t\t\t\t\t<div class=\"elementor-element elementor-element-f241e50 elementor-widget elementor-widget-image\" data-id=\"f241e50\" data-element_type=\"widget\" data-widget_type=\"image.default\">\n\t\t\t\t<div class=\"elementor-widget-container\">\n\t\t\t\t\t\t\t\t\t\t\t\t\t\t\t<img fetchpriority=\"high\" decoding=\"async\" width=\"640\" height=\"640\" src=\"https:\/\/formantia.es\/blog\/wp-content\/uploads\/2022\/02\/Convocatoria_tecnico_laboratorio_osakidetza_2021.png\" class=\"attachment-large size-large wp-image-5681\" alt=\"Convocatoria_tecnico_laboratorio_osakidetza_2021\" srcset=\"https:\/\/formantia.es\/blog\/wp-content\/uploads\/2022\/02\/Convocatoria_tecnico_laboratorio_osakidetza_2021.png 1024w, https:\/\/formantia.es\/blog\/wp-content\/uploads\/2022\/02\/Convocatoria_tecnico_laboratorio_osakidetza_2021-300x300.png 300w, https:\/\/formantia.es\/blog\/wp-content\/uploads\/2022\/02\/Convocatoria_tecnico_laboratorio_osakidetza_2021-150x150.png 150w, https:\/\/formantia.es\/blog\/wp-content\/uploads\/2022\/02\/Convocatoria_tecnico_laboratorio_osakidetza_2021-768x768.png 768w\" sizes=\"(max-width: 640px) 100vw, 640px\" \/>\t\t\t\t\t\t\t\t\t\t\t\t\t\t\t<\/div>\n\t\t\t\t<\/div>\n\t\t\t\t\t<\/div>\n\t\t<\/div>\n\t\t\t\t\t<\/div>\n\t\t<\/section>\n\t\t\t\t<section class=\"elementor-section elementor-top-section elementor-element elementor-element-f03247d elementor-section-boxed elementor-section-height-default elementor-section-height-default\" data-id=\"f03247d\" data-element_type=\"section\">\n\t\t\t\t\t\t<div class=\"elementor-container elementor-column-gap-default\">\n\t\t\t\t\t<div class=\"elementor-column elementor-col-100 elementor-top-column elementor-element elementor-element-1e1ddfa\" data-id=\"1e1ddfa\" data-element_type=\"column\">\n\t\t\t<div class=\"elementor-widget-wrap elementor-element-populated\">\n\t\t\t\t\t\t<div class=\"elementor-element elementor-element-3943bba elementor-widget elementor-widget-text-editor\" data-id=\"3943bba\" data-element_type=\"widget\" data-widget_type=\"text-editor.default\">\n\t\t\t\t<div class=\"elementor-widget-container\">\n\t\t\t\t\t\t\t\t\t<p><a href=\"https:\/\/www.euskadi.eus\/y22-bopv\/es\/bopv2\/datos\/2021\/12\/2106217a.pdf\" target=\"_blank\" rel=\"noopener\">RESOLUCI\u00d3N 1489\/2021, de 25 de noviembre, de la Directora General de Osakidetza Servicio Vasco de Salud, por la que se aprueban las bases espec\u00edficas que han de regir el proceso selectivo para la adquisici\u00f3n del v\u00ednculo estatutario fijo en la categor\u00eda T\u00e9cnico Especialista Laboratorio del grupo profesional de T\u00e9cnicos Especialistas Sanitarios, con destino en las organizaciones de servicios sanitarios de Osakidetza Servicio Vasco de Salud.<\/a><\/p><h2>Plazas convocadas: 79 plazas.<\/h2><p><br \/>Conforme a lo previsto en la base 1 de las bases generales aprobadas por Resoluci\u00f3n 1473\/2021, de la Directora General de Osakidetza, se convocan los siguientes destinos:<\/p><p>a) Convocatoria de turno de <strong>promoci\u00f3n interna: 25<\/strong> destinos. Acceso general: 23.<br \/>Cupo de reserva para personas con discapacidad: 2.<br \/>\u2013 Cupo discapacidad intelectual: 0.<br \/>\u2013 Cupo otra discapacidad: 2.<\/p><p>b) Convocatoria de <strong>turno libre: 54<\/strong> destinos.<br \/>Acceso general: 50.<br \/>Cupo de reserva para personas con discapacidad: 4. <br \/>\u2013 Cupo discapacidad intelectual: 0.<br \/>\u2013 Cupo otra discapacidad: 4.<\/p><p>En el supuesto de que los destinos reservados a personas con discapacidad intelectual (cupo discapacidad intelectual) no puedan cubrirse por falta de candidatos\/as que superen el proceso selectivo, dichos destinos acrecer\u00e1n al cupo de reserva de personal con discapacidad (cupo otra discapacidad).<\/p><p>En el supuesto de que los destinos reservados a personas con discapacidad no puedan cubrirse por falta de candidatos\/as que superen el proceso selectivo, dichos destinos acrecer\u00e1n a los de acceso general del turno correspondiente, promoci\u00f3n interna o turno libre.<\/p><h2>Plazo de inscripci\u00f3n:<\/h2><p>Desde el d\u00eda 25 de enero <strong>hasta las 14:00 horas del d\u00eda 24 de febrero de 2022.<\/strong><\/p><p>\u00a0<\/p><h2>Formantia te ayuda a prepararte:<\/h2><p>\u00bfQuieres prepararte a conciencia para conseguir tu plaza?<\/p>\t\t\t\t\t\t\t\t<\/div>\n\t\t\t\t<\/div>\n\t\t\t\t\t<\/div>\n\t\t<\/div>\n\t\t\t\t\t<\/div>\n\t\t<\/section>\n\t\t\t\t<section class=\"elementor-section elementor-top-section elementor-element elementor-element-00002c4 elementor-section-boxed elementor-section-height-default elementor-section-height-default\" data-id=\"00002c4\" data-element_type=\"section\">\n\t\t\t\t\t\t<div class=\"elementor-container elementor-column-gap-default\">\n\t\t\t\t\t<div class=\"elementor-column elementor-col-100 elementor-top-column elementor-element elementor-element-fa68518\" data-id=\"fa68518\" data-element_type=\"column\">\n\t\t\t<div class=\"elementor-widget-wrap elementor-element-populated\">\n\t\t\t\t\t\t<div class=\"elementor-element elementor-element-592afb4 elementor-align-center elementor-widget elementor-widget-button\" data-id=\"592afb4\" data-element_type=\"widget\" data-widget_type=\"button.default\">\n\t\t\t\t<div class=\"elementor-widget-container\">\n\t\t\t\t\t\t\t\t\t<div class=\"elementor-button-wrapper\">\n\t\t\t\t\t<a class=\"elementor-button elementor-button-link elementor-size-sm\" href=\"https:\/\/formantia.es\/oposiciones\/tecnico-laboratorio\/tecnico-superior-laboratorio-diagnostico-clinico-generico\" target=\"_blank\">\n\t\t\t\t\t\t<span class=\"elementor-button-content-wrapper\">\n\t\t\t\t\t\t\t\t\t<span class=\"elementor-button-text\">\u00a1Quiero mi plaza de TS Laboratorio!<\/span>\n\t\t\t\t\t<\/span>\n\t\t\t\t\t<\/a>\n\t\t\t\t<\/div>\n\t\t\t\t\t\t\t\t<\/div>\n\t\t\t\t<\/div>\n\t\t\t\t\t<\/div>\n\t\t<\/div>\n\t\t\t\t\t<\/div>\n\t\t<\/section>\n\t\t\t\t<\/div>\n\t\t","protected":false},"excerpt":{"rendered":"<p>RESOLUCI\u00d3N 1489\/2021, de 25 de noviembre, de la Directora General de Osakidetza Servicio Vasco de Salud, por la que se aprueban las bases espec\u00edficas que han de regir el proceso selectivo para la adquisici\u00f3n del v\u00ednculo estatutario fijo en la categor\u00eda T\u00e9cnico Especialista Laboratorio del grupo profesional de T\u00e9cnicos Especialistas Sanitarios, con destino en las [&hellip;]<\/p>\n","protected":false},"author":2,"featured_media":0,"comment_status":"open","ping_status":"open","sticky":false,"template":"","format":"standard","meta":{"_seopress_robots_primary_cat":"","footnotes":""},"categories":[184],"tags":[],"class_list":["post-5679","post","type-post","status-publish","format-standard","hentry","category-convocatorias","entry"],"_links":{"self":[{"href":"https:\/\/formantia.es\/blog\/wp-json\/wp\/v2\/posts\/5679","targetHints":{"allow":["GET"]}}],"collection":[{"href":"https:\/\/formantia.es\/blog\/wp-json\/wp\/v2\/posts"}],"about":[{"href":"https:\/\/formantia.es\/blog\/wp-json\/wp\/v2\/types\/post"}],"author":[{"embeddable":true,"href":"https:\/\/formantia.es\/blog\/wp-json\/wp\/v2\/users\/2"}],"replies":[{"embeddable":true,"href":"https:\/\/formantia.es\/blog\/wp-json\/wp\/v2\/comments?post=5679"}],"version-history":[{"count":5,"href":"https:\/\/formantia.es\/blog\/wp-json\/wp\/v2\/posts\/5679\/revisions"}],"predecessor-version":[{"id":5685,"href":"https:\/\/formantia.es\/blog\/wp-json\/wp\/v2\/posts\/5679\/revisions\/5685"}],"wp:attachment":[{"href":"https:\/\/formantia.es\/blog\/wp-json\/wp\/v2\/media?parent=5679"}],"wp:term":[{"taxonomy":"category","embeddable":true,"href":"https:\/\/formantia.es\/blog\/wp-json\/wp\/v2\/categories?post=5679"},{"taxonomy":"post_tag","embeddable":true,"href":"https:\/\/formantia.es\/blog\/wp-json\/wp\/v2\/tags?post=5679"}],"curies":[{"name":"wp","href":"https:\/\/api.w.org\/{rel}","templated":true}]}}