{"id":5579,"date":"2021-12-21T09:30:10","date_gmt":"2021-12-21T09:30:10","guid":{"rendered":"https:\/\/formantia.es\/blog\/?p=5579"},"modified":"2022-01-19T09:34:04","modified_gmt":"2022-01-19T09:34:04","slug":"convocatoria-de-proceso-selectivo-para-personal-estatutario-de-la-categoria-de-tcae-auxiliar-de-enfermeria-del-servicio-aragones-de-salud-en-aragon","status":"publish","type":"post","link":"https:\/\/formantia.es\/blog\/convocatoria-de-proceso-selectivo-para-personal-estatutario-de-la-categoria-de-tcae-auxiliar-de-enfermeria-del-servicio-aragones-de-salud-en-aragon\/","title":{"rendered":"Convocatoria de proceso selectivo para personal estatutario de la categor\u00eda de TCAE auxiliar de enfermer\u00eda del Servicio Aragon\u00e9s de Salud en Arag\u00f3n"},"content":{"rendered":"\t\t<div data-elementor-type=\"wp-post\" data-elementor-id=\"5579\" class=\"elementor elementor-5579\" data-elementor-post-type=\"post\">\n\t\t\t\t\t\t<section class=\"elementor-section elementor-top-section elementor-element elementor-element-a5ef354 elementor-section-boxed elementor-section-height-default elementor-section-height-default\" data-id=\"a5ef354\" data-element_type=\"section\">\n\t\t\t\t\t\t<div class=\"elementor-container elementor-column-gap-default\">\n\t\t\t\t\t<div class=\"elementor-column elementor-col-100 elementor-top-column elementor-element elementor-element-eeb0e31\" data-id=\"eeb0e31\" data-element_type=\"column\">\n\t\t\t<div class=\"elementor-widget-wrap elementor-element-populated\">\n\t\t\t\t\t\t<div class=\"elementor-element elementor-element-8b90918 elementor-widget elementor-widget-image\" data-id=\"8b90918\" data-element_type=\"widget\" data-widget_type=\"image.default\">\n\t\t\t\t<div class=\"elementor-widget-container\">\n\t\t\t\t\t\t\t\t\t\t\t\t\t\t\t<img fetchpriority=\"high\" decoding=\"async\" width=\"640\" height=\"640\" src=\"https:\/\/formantia.es\/blog\/wp-content\/uploads\/2022\/01\/Convocatoria_tcae_aragon.png\" class=\"attachment-large size-large wp-image-5580\" alt=\"Convocatoria_tcae_aragon\" srcset=\"https:\/\/formantia.es\/blog\/wp-content\/uploads\/2022\/01\/Convocatoria_tcae_aragon.png 1024w, https:\/\/formantia.es\/blog\/wp-content\/uploads\/2022\/01\/Convocatoria_tcae_aragon-300x300.png 300w, https:\/\/formantia.es\/blog\/wp-content\/uploads\/2022\/01\/Convocatoria_tcae_aragon-150x150.png 150w, https:\/\/formantia.es\/blog\/wp-content\/uploads\/2022\/01\/Convocatoria_tcae_aragon-768x768.png 768w\" sizes=\"(max-width: 640px) 100vw, 640px\" \/>\t\t\t\t\t\t\t\t\t\t\t\t\t\t\t<\/div>\n\t\t\t\t<\/div>\n\t\t\t\t\t<\/div>\n\t\t<\/div>\n\t\t\t\t\t<\/div>\n\t\t<\/section>\n\t\t\t\t<section class=\"elementor-section elementor-top-section elementor-element elementor-element-c46fcd4 elementor-section-boxed elementor-section-height-default elementor-section-height-default\" data-id=\"c46fcd4\" data-element_type=\"section\">\n\t\t\t\t\t\t<div class=\"elementor-container elementor-column-gap-default\">\n\t\t\t\t\t<div class=\"elementor-column elementor-col-100 elementor-top-column elementor-element elementor-element-3d1ceee\" data-id=\"3d1ceee\" data-element_type=\"column\">\n\t\t\t<div class=\"elementor-widget-wrap elementor-element-populated\">\n\t\t\t\t\t\t<div class=\"elementor-element elementor-element-e97d9e2 elementor-widget elementor-widget-text-editor\" data-id=\"e97d9e2\" data-element_type=\"widget\" data-widget_type=\"text-editor.default\">\n\t\t\t\t<div class=\"elementor-widget-container\">\n\t\t\t\t\t\t\t\t\t<p><a href=\"http:\/\/www.boa.aragon.es\/cgi-bin\/EBOA\/BRSCGI?CMD=VEROBJ&amp;MLKOB=1198545584444&amp;type=pdf\" target=\"_blank\" rel=\"noopener\">RESOLUCI\u00d3N de 13 de diciembre de 2021, de la Direcci\u00f3n Gerencia del Servicio Aragon\u00e9s de Salud, por la que se convoca proceso selectivo para el acceso a la condici\u00f3n de personal estatutario fjo en plazas b\u00e1sicas de la categor\u00eda de T\u00e9cnico en Cuidados Auxiliares de Enfermer\u00eda en centros del Servicio Aragon\u00e9s de Salud de la Comunidad Aut\u00f3noma de Arag\u00f3n, para su provisi\u00f3n por turno libre, discapacidad, personas transexuales, violencia de g\u00e9nero y violencia de terrorismo.<\/a><\/p><p>\u00a0<\/p><h2>Convocatoria de 491 plazas b\u00e1sicas.<\/h2><ul><li>427 plazas para ser cubiertas por el turno libre.<\/li><li>36 plazas para ser cubiertas por personal con un grado de discapacidad igual o superior al 33 por ciento.<\/li><li>5 plazas para ser cubiertas por personas con discapacidad intelectual que acrediten un grado de discapacidad igual o superior al 33 por ciento.<\/li><li>3 plazas para ser cubiertas por personas con enfermedad mental que acrediten un grado de discapacidad igual o superior al 33 por ciento.<\/li><li>5 plazas para ser cubiertas por personas transexuales.<\/li><li>12 plazas para ser cubiertas por personas v\u00edctimas de violencia de g\u00e9nero.<\/li><li>3 plazas para ser cubiertas por personas que se encuentren incluidas en el \u00e1mbito de aplicaci\u00f3n de la Ley 4\/2008, de 17 de junio, de medidas a favor de las v\u00edctimas del terrorismo.<\/li><\/ul><p>\u00a0<\/p><h2>Plazo de inscripci\u00f3n:<\/h2><p>El plazo de presentaci\u00f3n de solicitudes ser\u00e1 de un mes a contar desde el d\u00eda siguiente a la publicaci\u00f3n de la presente convocatoria en el \u201cBolet\u00edn Oficial de Arag\u00f3n\u201d. Si el \u00faltimo d\u00eda de plazo es inh\u00e1bil, se entender\u00e1 prorrogado al primer d\u00eda h\u00e1bil siguiente (publicado el 21-12-2021).<\/p><p>\u00a0<\/p><h2>Enlace a la convocatoria y temario<\/h2><p>\u00a0<\/p><p>Puedes acceder al resto de informaci\u00f3n y temario en este enlace para <strong>turno libre<\/strong>:<br \/><a href=\"http:\/\/www.boa.aragon.es\/cgi-bin\/EBOA\/BRSCGI?CMD=VEROBJ&amp;MLKOB=1198545584444&amp;type=pdf\" target=\"_blank\" rel=\"noopener\">http:\/\/www.boa.aragon.es\/cgi-bin\/EBOA\/BRSCGI?CMD=VEROBJ&amp;MLKOB=1198545584444&amp;type=pdf<\/a><\/p><p>\u00a0<\/p><p>Adicionalmente, se convocan 68 plazas para su provisi\u00f3n por turno de <strong>promoci\u00f3n interna<\/strong>:<br \/><a href=\"http:\/\/www.boa.aragon.es\/cgi-bin\/EBOA\/BRSCGI?CMD=VEROBJ&amp;MLKOB=1198559724545&amp;type=pdf\" target=\"_blank\" rel=\"noopener\">http:\/\/www.boa.aragon.es\/cgi-bin\/EBOA\/BRSCGI?CMD=VEROBJ&amp;MLKOB=1198559724545&amp;type=pdf<\/a><\/p>\t\t\t\t\t\t\t\t<\/div>\n\t\t\t\t<\/div>\n\t\t\t\t\t<\/div>\n\t\t<\/div>\n\t\t\t\t\t<\/div>\n\t\t<\/section>\n\t\t\t\t<\/div>\n\t\t","protected":false},"excerpt":{"rendered":"<p>RESOLUCI\u00d3N de 13 de diciembre de 2021, de la Direcci\u00f3n Gerencia del Servicio Aragon\u00e9s de Salud, por la que se convoca proceso selectivo para el acceso a la condici\u00f3n de personal estatutario fjo en plazas b\u00e1sicas de la categor\u00eda de T\u00e9cnico en Cuidados Auxiliares de Enfermer\u00eda en centros del Servicio Aragon\u00e9s de Salud de la [&hellip;]<\/p>\n","protected":false},"author":2,"featured_media":0,"comment_status":"open","ping_status":"open","sticky":false,"template":"","format":"standard","meta":{"_seopress_robots_primary_cat":"","footnotes":""},"categories":[184],"tags":[],"class_list":["post-5579","post","type-post","status-publish","format-standard","hentry","category-convocatorias","entry"],"_links":{"self":[{"href":"https:\/\/formantia.es\/blog\/wp-json\/wp\/v2\/posts\/5579","targetHints":{"allow":["GET"]}}],"collection":[{"href":"https:\/\/formantia.es\/blog\/wp-json\/wp\/v2\/posts"}],"about":[{"href":"https:\/\/formantia.es\/blog\/wp-json\/wp\/v2\/types\/post"}],"author":[{"embeddable":true,"href":"https:\/\/formantia.es\/blog\/wp-json\/wp\/v2\/users\/2"}],"replies":[{"embeddable":true,"href":"https:\/\/formantia.es\/blog\/wp-json\/wp\/v2\/comments?post=5579"}],"version-history":[{"count":4,"href":"https:\/\/formantia.es\/blog\/wp-json\/wp\/v2\/posts\/5579\/revisions"}],"predecessor-version":[{"id":5584,"href":"https:\/\/formantia.es\/blog\/wp-json\/wp\/v2\/posts\/5579\/revisions\/5584"}],"wp:attachment":[{"href":"https:\/\/formantia.es\/blog\/wp-json\/wp\/v2\/media?parent=5579"}],"wp:term":[{"taxonomy":"category","embeddable":true,"href":"https:\/\/formantia.es\/blog\/wp-json\/wp\/v2\/categories?post=5579"},{"taxonomy":"post_tag","embeddable":true,"href":"https:\/\/formantia.es\/blog\/wp-json\/wp\/v2\/tags?post=5579"}],"curies":[{"name":"wp","href":"https:\/\/api.w.org\/{rel}","templated":true}]}}