{"id":5099,"date":"2021-08-02T20:36:48","date_gmt":"2021-08-02T20:36:48","guid":{"rendered":"https:\/\/formantia.es\/blog\/?p=5099"},"modified":"2021-08-06T20:40:34","modified_gmt":"2021-08-06T20:40:34","slug":"convocatoria-de-concurso-para-puesto-temporal-de-tecnico-especialista-en-laboratorio-en-la-universidad-de-oviedo","status":"publish","type":"post","link":"https:\/\/formantia.es\/blog\/convocatoria-de-concurso-para-puesto-temporal-de-tecnico-especialista-en-laboratorio-en-la-universidad-de-oviedo\/","title":{"rendered":"Convocatoria de concurso para puesto temporal de T\u00e9cnico Especialista en Laboratorio en la Universidad de Oviedo."},"content":{"rendered":"\t\t<div data-elementor-type=\"wp-post\" data-elementor-id=\"5099\" class=\"elementor elementor-5099\" data-elementor-post-type=\"post\">\n\t\t\t\t\t\t<section class=\"elementor-section elementor-top-section elementor-element elementor-element-224065d elementor-section-boxed elementor-section-height-default elementor-section-height-default\" data-id=\"224065d\" data-element_type=\"section\">\n\t\t\t\t\t\t<div class=\"elementor-container elementor-column-gap-default\">\n\t\t\t\t\t<div class=\"elementor-column elementor-col-100 elementor-top-column elementor-element elementor-element-37f0dc3\" data-id=\"37f0dc3\" data-element_type=\"column\">\n\t\t\t<div class=\"elementor-widget-wrap elementor-element-populated\">\n\t\t\t\t\t\t<div class=\"elementor-element elementor-element-365f344 elementor-widget elementor-widget-image\" data-id=\"365f344\" data-element_type=\"widget\" data-widget_type=\"image.default\">\n\t\t\t\t<div class=\"elementor-widget-container\">\n\t\t\t\t\t\t\t\t\t\t\t\t\t\t\t<img fetchpriority=\"high\" decoding=\"async\" width=\"640\" height=\"556\" src=\"https:\/\/formantia.es\/blog\/wp-content\/uploads\/2021\/08\/Captura-de-pantalla-2021-08-06-a-las-22.31.04-1024x889.png\" class=\"attachment-large size-large wp-image-5104\" alt=\"Convocatoria TEL Universidad Oviedo\" srcset=\"https:\/\/formantia.es\/blog\/wp-content\/uploads\/2021\/08\/Captura-de-pantalla-2021-08-06-a-las-22.31.04-1024x889.png 1024w, https:\/\/formantia.es\/blog\/wp-content\/uploads\/2021\/08\/Captura-de-pantalla-2021-08-06-a-las-22.31.04-300x260.png 300w, https:\/\/formantia.es\/blog\/wp-content\/uploads\/2021\/08\/Captura-de-pantalla-2021-08-06-a-las-22.31.04-768x666.png 768w, https:\/\/formantia.es\/blog\/wp-content\/uploads\/2021\/08\/Captura-de-pantalla-2021-08-06-a-las-22.31.04-1536x1333.png 1536w, https:\/\/formantia.es\/blog\/wp-content\/uploads\/2021\/08\/Captura-de-pantalla-2021-08-06-a-las-22.31.04-1568x1361.png 1568w, https:\/\/formantia.es\/blog\/wp-content\/uploads\/2021\/08\/Captura-de-pantalla-2021-08-06-a-las-22.31.04.png 1572w\" sizes=\"(max-width: 640px) 100vw, 640px\" \/>\t\t\t\t\t\t\t\t\t\t\t\t\t\t\t<\/div>\n\t\t\t\t<\/div>\n\t\t\t\t\t<\/div>\n\t\t<\/div>\n\t\t\t\t\t<\/div>\n\t\t<\/section>\n\t\t\t\t<section class=\"elementor-section elementor-top-section elementor-element elementor-element-88d3b91 elementor-section-boxed elementor-section-height-default elementor-section-height-default\" data-id=\"88d3b91\" data-element_type=\"section\">\n\t\t\t\t\t\t<div class=\"elementor-container elementor-column-gap-default\">\n\t\t\t\t\t<div class=\"elementor-column elementor-col-100 elementor-top-column elementor-element elementor-element-785e3f8\" data-id=\"785e3f8\" data-element_type=\"column\">\n\t\t\t<div class=\"elementor-widget-wrap elementor-element-populated\">\n\t\t\t\t\t\t<div class=\"elementor-element elementor-element-9a8534d elementor-widget elementor-widget-text-editor\" data-id=\"9a8534d\" data-element_type=\"widget\" data-widget_type=\"text-editor.default\">\n\t\t\t\t<div class=\"elementor-widget-container\">\n\t\t\t\t\t\t\t\t\t<p><a href=\"https:\/\/sede.asturias.es\/bopa\/2021\/08\/02\/2021-07183.pdf\" target=\"_blank\" rel=\"noopener\">Resolucio\u0301n de 15 de julio de 2021, del Rector de la Universidad de Oviedo, por la que se convoca concurso para la provisio\u0301n temporal del puesto de trabajo denominado Te\u0301cnico Especialista en Laboratorio, con destino en el Departamento de Qui\u0301mica Fi\u0301sica y Anali\u0301tica.<\/a><\/p><p><strong>Convocatoria de 1 plaza. <\/strong><br \/><strong>Instancia 8 d\u00edas h\u00e1biles<\/strong> contados a partir del siguiente al de la fecha de la publicaci\u00f3n (publicaci\u00f3n: 2-8-2021).<\/p><p>A la solicitud se acompa\u00f1ar\u00e1:<\/p><ul><li>Fotocopia del Documento Nacional de Identidad o documento que acredite las condiciones exigibles a las personas que no tengan nacionalidad espa\u00f1ola.<\/li><li>Curr\u00edculum v\u00edtae seg\u00fan modelo que figura como anexo II de esta convocatoria, cuyos datos y m\u00e9ritos ser\u00e1 necesario justificar documentalmente, para su valoraci\u00f3n en la fase de concurso.<\/li><li>Justificante de haber abonado los derechos de examen.<\/li><li>Fotocopia de la titulaci\u00f3n requerida.<\/li><\/ul>\t\t\t\t\t\t\t\t<\/div>\n\t\t\t\t<\/div>\n\t\t\t\t\t<\/div>\n\t\t<\/div>\n\t\t\t\t\t<\/div>\n\t\t<\/section>\n\t\t\t\t<\/div>\n\t\t","protected":false},"excerpt":{"rendered":"<p>Resolucio\u0301n de 15 de julio de 2021, del Rector de la Universidad de Oviedo, por la que se convoca concurso para la provisio\u0301n temporal del puesto de trabajo denominado Te\u0301cnico Especialista en Laboratorio, con destino en el Departamento de Qui\u0301mica Fi\u0301sica y Anali\u0301tica. Convocatoria de 1 plaza. Instancia 8 d\u00edas h\u00e1biles contados a partir del [&hellip;]<\/p>\n","protected":false},"author":2,"featured_media":0,"comment_status":"open","ping_status":"open","sticky":false,"template":"","format":"standard","meta":{"_seopress_robots_primary_cat":"","footnotes":""},"categories":[184],"tags":[],"class_list":["post-5099","post","type-post","status-publish","format-standard","hentry","category-convocatorias","entry"],"_links":{"self":[{"href":"https:\/\/formantia.es\/blog\/wp-json\/wp\/v2\/posts\/5099","targetHints":{"allow":["GET"]}}],"collection":[{"href":"https:\/\/formantia.es\/blog\/wp-json\/wp\/v2\/posts"}],"about":[{"href":"https:\/\/formantia.es\/blog\/wp-json\/wp\/v2\/types\/post"}],"author":[{"embeddable":true,"href":"https:\/\/formantia.es\/blog\/wp-json\/wp\/v2\/users\/2"}],"replies":[{"embeddable":true,"href":"https:\/\/formantia.es\/blog\/wp-json\/wp\/v2\/comments?post=5099"}],"version-history":[{"count":7,"href":"https:\/\/formantia.es\/blog\/wp-json\/wp\/v2\/posts\/5099\/revisions"}],"predecessor-version":[{"id":5107,"href":"https:\/\/formantia.es\/blog\/wp-json\/wp\/v2\/posts\/5099\/revisions\/5107"}],"wp:attachment":[{"href":"https:\/\/formantia.es\/blog\/wp-json\/wp\/v2\/media?parent=5099"}],"wp:term":[{"taxonomy":"category","embeddable":true,"href":"https:\/\/formantia.es\/blog\/wp-json\/wp\/v2\/categories?post=5099"},{"taxonomy":"post_tag","embeddable":true,"href":"https:\/\/formantia.es\/blog\/wp-json\/wp\/v2\/tags?post=5099"}],"curies":[{"name":"wp","href":"https:\/\/api.w.org\/{rel}","templated":true}]}}