{"id":45571,"date":"2025-10-22T10:56:11","date_gmt":"2025-10-22T08:56:11","guid":{"rendered":"https:\/\/formantia.es\/blog\/?p=45571"},"modified":"2026-01-20T13:05:10","modified_gmt":"2026-01-20T12:05:10","slug":"tel-tecnico-superior-laboratorio-aragon-servicio-de-salud-convocatoria-17-plazas-turno-libre-22-10-2025","status":"publish","type":"post","link":"https:\/\/formantia.es\/blog\/tel-tecnico-superior-laboratorio-aragon-servicio-de-salud-convocatoria-17-plazas-turno-libre-22-10-2025\/","title":{"rendered":"El Servicio Aragon\u00e9s de Salud convoca 17 plazas de TEL &#8211; T\u00e9cnico Superior Laboratorio por turno libre, discapacidad, personas transexuales y violencia de g\u00e9nero"},"content":{"rendered":"\t\t<div data-elementor-type=\"wp-post\" data-elementor-id=\"45571\" class=\"elementor elementor-45571\" data-elementor-post-type=\"post\">\n\t\t\t\t\t\t<section class=\"elementor-section elementor-top-section elementor-element elementor-element-7b89c3e elementor-section-boxed elementor-section-height-default elementor-section-height-default\" data-id=\"7b89c3e\" data-element_type=\"section\">\n\t\t\t\t\t\t<div class=\"elementor-container elementor-column-gap-default\">\n\t\t\t\t\t<div class=\"elementor-column elementor-col-100 elementor-top-column elementor-element elementor-element-5a44ed9\" data-id=\"5a44ed9\" data-element_type=\"column\">\n\t\t\t<div class=\"elementor-widget-wrap elementor-element-populated\">\n\t\t\t\t\t\t<div class=\"elementor-element elementor-element-424a412 elementor-widget elementor-widget-text-editor\" data-id=\"424a412\" data-element_type=\"widget\" data-widget_type=\"text-editor.default\">\n\t\t\t\t<div class=\"elementor-widget-container\">\n\t\t\t\t\t\t\t\t\t<p><em>RESOLUCI\u00d3N de 7 de octubre de 2025, de la Direcci\u00f3n Gerencia del Servicio Aragon\u00e9s de Salud, por la que se convoca proceso selectivo para el acceso a la condici\u00f3n de personal estatutario fijo en plazas b\u00e1sicas de la categor\u00eda de T\u00e9cnico\/a Superior de Laboratorio de Diagn\u00f3stico Cl\u00ednico en centros del Servicio Aragon\u00e9s de Salud de la Comunidad Aut\u00f3noma de Arag\u00f3n, para su provisi\u00f3n por turno libre, discapacidad, personas transexuales y violencia de g\u00e9nero.<\/em><\/p>\t\t\t\t\t\t\t\t<\/div>\n\t\t\t\t<\/div>\n\t\t\t\t\t<\/div>\n\t\t<\/div>\n\t\t\t\t\t<\/div>\n\t\t<\/section>\n\t\t\t\t<section class=\"elementor-section elementor-top-section elementor-element elementor-element-df44568 elementor-section-boxed elementor-section-height-default elementor-section-height-default\" data-id=\"df44568\" data-element_type=\"section\">\n\t\t\t\t\t\t<div class=\"elementor-container elementor-column-gap-default\">\n\t\t\t\t\t<div class=\"elementor-column elementor-col-100 elementor-top-column elementor-element elementor-element-feed227\" data-id=\"feed227\" data-element_type=\"column\">\n\t\t\t<div class=\"elementor-widget-wrap elementor-element-populated\">\n\t\t\t\t\t\t<div class=\"elementor-element elementor-element-a4a0546 elementor-widget elementor-widget-text-editor\" data-id=\"a4a0546\" data-element_type=\"widget\" data-widget_type=\"text-editor.default\">\n\t\t\t\t<div class=\"elementor-widget-container\">\n\t\t\t\t\t\t\t\t\t<p>\ud83d\udc49 <a href=\"https:\/\/www.boa.aragon.es\/cgi-bin\/EBOA\/BRSCGI?CMD=VEROBJ&amp;MLKOB=1416568511111\" target=\"_blank\" rel=\"noopener\">Consulta aqu\u00ed toda la informaci\u00f3n<\/a><\/p>\t\t\t\t\t\t\t\t<\/div>\n\t\t\t\t<\/div>\n\t\t\t\t\t<\/div>\n\t\t<\/div>\n\t\t\t\t\t<\/div>\n\t\t<\/section>\n\t\t\t\t<section class=\"elementor-section elementor-top-section elementor-element elementor-element-3282b93 elementor-section-boxed elementor-section-height-default elementor-section-height-default\" data-id=\"3282b93\" data-element_type=\"section\">\n\t\t\t\t\t\t<div class=\"elementor-container elementor-column-gap-default\">\n\t\t\t\t\t<div class=\"elementor-column elementor-col-100 elementor-top-column elementor-element elementor-element-a822722\" data-id=\"a822722\" data-element_type=\"column\">\n\t\t\t<div class=\"elementor-widget-wrap elementor-element-populated\">\n\t\t\t\t\t\t<div class=\"elementor-element elementor-element-de37f78 elementor-widget elementor-widget-heading\" data-id=\"de37f78\" data-element_type=\"widget\" data-widget_type=\"heading.default\">\n\t\t\t\t<div class=\"elementor-widget-container\">\n\t\t\t\t\t<h3 class=\"elementor-heading-title elementor-size-default\">N\u00famero de plazas<\/h3>\t\t\t\t<\/div>\n\t\t\t\t<\/div>\n\t\t\t\t\t<\/div>\n\t\t<\/div>\n\t\t\t\t\t<\/div>\n\t\t<\/section>\n\t\t\t\t<section class=\"elementor-section elementor-top-section elementor-element elementor-element-089ea43 elementor-section-boxed elementor-section-height-default elementor-section-height-default\" data-id=\"089ea43\" data-element_type=\"section\">\n\t\t\t\t\t\t<div class=\"elementor-container elementor-column-gap-default\">\n\t\t\t\t\t<div class=\"elementor-column elementor-col-100 elementor-top-column elementor-element elementor-element-d9da8b3\" data-id=\"d9da8b3\" data-element_type=\"column\">\n\t\t\t<div class=\"elementor-widget-wrap elementor-element-populated\">\n\t\t\t\t\t\t<div class=\"elementor-element elementor-element-b082b77 elementor-widget elementor-widget-text-editor\" data-id=\"b082b77\" data-element_type=\"widget\" data-widget_type=\"text-editor.default\">\n\t\t\t\t<div class=\"elementor-widget-container\">\n\t\t\t\t\t\t\t\t\t<p>Se convoca concurso oposici\u00f3n para cubrir <strong>17 plazas<\/strong> b\u00e1sicas de la categor\u00eda de T\u00e9cnico\/a Superior de Laboratorio de Diagn\u00f3stico Cl\u00ednico<\/p><p>Dichas plazas se acumulan a las <strong>23 plazas<\/strong> correspondientes a las Ofertas de Empleo P\u00fablico de 2022, 2023 y 2024, ya convocadas por <a href=\"https:\/\/formantia.es\/blog\/tel-tecnico-laboratorio-servicio-aragones-de-salud-convoca-23-plazas-por-turno-libre-discapacidad-y-violencia-de-genero-14-04-2025\/\" target=\"_blank\" rel=\"noopener\">Resoluci\u00f3n de 1 de abril de 2025, de la Direcci\u00f3n Gerencia del Servicio Aragon\u00e9s de Salud<\/a>.<\/p><p>Se tramita la adjudicaci\u00f3n de todas ellas en un <strong>\u00fanico concurso oposici\u00f3n<\/strong>, con lo que las plazas objeto del proceso selectivo ser\u00e1n 40, para su provisi\u00f3n de acuerdo con la siguiente distribuci\u00f3n:<\/p><ul><li style=\"list-style-type: none;\"><ul><li>Turno libre: 32 plazas.<\/li><li>Cupo discapacidad: 5 plazas.<\/li><li>Personas transexuales: 1 plaza.<\/li><li>V\u00edctimas de violencia de g\u00e9nero: 2 plazas.<\/li><\/ul><\/li><\/ul>\t\t\t\t\t\t\t\t<\/div>\n\t\t\t\t<\/div>\n\t\t\t\t\t<\/div>\n\t\t<\/div>\n\t\t\t\t\t<\/div>\n\t\t<\/section>\n\t\t\t\t<section class=\"elementor-section elementor-top-section elementor-element elementor-element-13ebf7b elementor-section-boxed elementor-section-height-default elementor-section-height-default\" data-id=\"13ebf7b\" data-element_type=\"section\">\n\t\t\t\t\t\t<div class=\"elementor-container elementor-column-gap-default\">\n\t\t\t\t\t<div class=\"elementor-column elementor-col-100 elementor-top-column elementor-element elementor-element-a4acaae\" data-id=\"a4acaae\" data-element_type=\"column\">\n\t\t\t<div class=\"elementor-widget-wrap elementor-element-populated\">\n\t\t\t\t\t\t<div class=\"elementor-element elementor-element-11cda48 elementor-widget elementor-widget-heading\" data-id=\"11cda48\" data-element_type=\"widget\" data-widget_type=\"heading.default\">\n\t\t\t\t<div class=\"elementor-widget-container\">\n\t\t\t\t\t<h3 class=\"elementor-heading-title elementor-size-default\">Presentaci\u00f3n de solicitudes<\/h3>\t\t\t\t<\/div>\n\t\t\t\t<\/div>\n\t\t\t\t\t<\/div>\n\t\t<\/div>\n\t\t\t\t\t<\/div>\n\t\t<\/section>\n\t\t\t\t<section class=\"elementor-section elementor-top-section elementor-element elementor-element-ca64fff elementor-section-boxed elementor-section-height-default elementor-section-height-default\" data-id=\"ca64fff\" data-element_type=\"section\">\n\t\t\t\t\t\t<div class=\"elementor-container elementor-column-gap-default\">\n\t\t\t\t\t<div class=\"elementor-column elementor-col-100 elementor-top-column elementor-element elementor-element-7092813\" data-id=\"7092813\" data-element_type=\"column\">\n\t\t\t<div class=\"elementor-widget-wrap elementor-element-populated\">\n\t\t\t\t\t\t<div class=\"elementor-element elementor-element-17cc270 elementor-widget elementor-widget-text-editor\" data-id=\"17cc270\" data-element_type=\"widget\" data-widget_type=\"text-editor.default\">\n\t\t\t\t<div class=\"elementor-widget-container\">\n\t\t\t\t\t\t\t\t\t<ul><li>El plazo de presentaci\u00f3n de solicitudes ser\u00e1 de un mes a contar desde el d\u00eda siguiente a la publicaci\u00f3n de la presente convocatoria.<\/li><li>Las instancias para participar en las pruebas selectivas se formalizar\u00e1n v\u00eda web en el <a href=\"https:\/\/empleo.salud.aragon.es\" target=\"_blank\" rel=\"noopener\">Portal Electr\u00f3nico de Recursos Humanos del Servicio Aragon\u00e9s de Salud<\/a>.<\/li><li>Tasa: 16,94\u20ac.<\/li><\/ul>\t\t\t\t\t\t\t\t<\/div>\n\t\t\t\t<\/div>\n\t\t\t\t\t<\/div>\n\t\t<\/div>\n\t\t\t\t\t<\/div>\n\t\t<\/section>\n\t\t\t\t<section class=\"elementor-section elementor-top-section elementor-element elementor-element-2e9f9f5 elementor-section-boxed elementor-section-height-default elementor-section-height-default\" data-id=\"2e9f9f5\" data-element_type=\"section\">\n\t\t\t\t\t\t<div class=\"elementor-container elementor-column-gap-default\">\n\t\t\t\t\t<div class=\"elementor-column elementor-col-100 elementor-top-column elementor-element elementor-element-4d1211e\" data-id=\"4d1211e\" data-element_type=\"column\">\n\t\t\t<div class=\"elementor-widget-wrap elementor-element-populated\">\n\t\t\t\t\t\t<div class=\"elementor-element elementor-element-d28444c elementor-widget elementor-widget-heading\" data-id=\"d28444c\" data-element_type=\"widget\" data-widget_type=\"heading.default\">\n\t\t\t\t<div class=\"elementor-widget-container\">\n\t\t\t\t\t<h3 class=\"elementor-heading-title elementor-size-default\">Sistema concurso-oposici\u00f3n<\/h3>\t\t\t\t<\/div>\n\t\t\t\t<\/div>\n\t\t\t\t\t<\/div>\n\t\t<\/div>\n\t\t\t\t\t<\/div>\n\t\t<\/section>\n\t\t\t\t<section class=\"elementor-section elementor-top-section elementor-element elementor-element-0c37771 elementor-section-boxed elementor-section-height-default elementor-section-height-default\" data-id=\"0c37771\" data-element_type=\"section\">\n\t\t\t\t\t\t<div class=\"elementor-container elementor-column-gap-default\">\n\t\t\t\t\t<div class=\"elementor-column elementor-col-100 elementor-top-column elementor-element elementor-element-8b8dfda\" data-id=\"8b8dfda\" data-element_type=\"column\">\n\t\t\t<div class=\"elementor-widget-wrap elementor-element-populated\">\n\t\t\t\t\t\t<div class=\"elementor-element elementor-element-995ece9 elementor-widget elementor-widget-text-editor\" data-id=\"995ece9\" data-element_type=\"widget\" data-widget_type=\"text-editor.default\">\n\t\t\t\t<div class=\"elementor-widget-container\">\n\t\t\t\t\t\t\t\t\t<ul><li><strong>Fase oposici\u00f3n (60%)<\/strong><ul><li>Cuestionario tipo test de 100 preguntas y de 10 preguntas de reserva.<\/li><li>Las respuestas correctas puntuar\u00e1n positivamente, las no contestadas no tendr\u00e1n valoraci\u00f3n alguna y las contestadas err\u00f3neamente restar\u00e1n un tercio del valor de la respuesta correcta.<\/li><li>La puntuaci\u00f3n m\u00e1xima posible ser\u00e1 de 100 puntos.<\/li><\/ul><\/li><li><strong>Fase de concurso (40%)<\/strong><ul><li>La puntuaci\u00f3n m\u00e1xima posible ser\u00e1 de 100 puntos.<\/li><li>Baremo de m\u00e9ritos.<ul><li>Experiencia profesional: m\u00e1ximo 60 puntos.<ul><li>Servicios prestados en misma categor\u00eda en centros p\u00fablicos: 0,30 por mes.<\/li><li>Servicios prestados en misma categor\u00eda en centros privados concertados: 0,10 por mes.<\/li><li>Servicios prestados en distinta categor\u00eda en centros p\u00fablicos: 0,15 por mes.<\/li><\/ul><\/li><li>Formaci\u00f3n: m\u00e1ximo 20 puntos.<ul><li>Expediente acad\u00e9mico: m\u00e1ximo 2 puntos.<\/li><li>Formaci\u00f3n continua y continuada: m\u00e1ximo 15 puntos.<\/li><\/ul><\/li><li>Otras actividades: m\u00e1ximo 20 puntos.<\/li><\/ul><\/li><\/ul><\/li><\/ul>\t\t\t\t\t\t\t\t<\/div>\n\t\t\t\t<\/div>\n\t\t\t\t\t<\/div>\n\t\t<\/div>\n\t\t\t\t\t<\/div>\n\t\t<\/section>\n\t\t\t\t<section class=\"elementor-section elementor-top-section elementor-element elementor-element-d0010d1 elementor-section-boxed elementor-section-height-default elementor-section-height-default\" data-id=\"d0010d1\" data-element_type=\"section\">\n\t\t\t\t\t\t<div class=\"elementor-container elementor-column-gap-default\">\n\t\t\t\t\t<div class=\"elementor-column elementor-col-100 elementor-top-column elementor-element elementor-element-11e5f54\" data-id=\"11e5f54\" data-element_type=\"column\">\n\t\t\t<div class=\"elementor-widget-wrap elementor-element-populated\">\n\t\t\t\t\t\t<div class=\"elementor-element elementor-element-1ce609c elementor-widget elementor-widget-text-editor\" data-id=\"1ce609c\" data-element_type=\"widget\" data-widget_type=\"text-editor.default\">\n\t\t\t\t<div class=\"elementor-widget-container\">\n\t\t\t\t\t\t\t\t\t<p>\ud83d\udc49 <a href=\"https:\/\/formantia.es\/blog\/tel-tecnico-superior-laboratorio-aragon-servicio-de-salud-relacion-provisional-admitidos-excluidos-participar-proceso-selectivo-turno-libre-fijada-fecha-examen-20-01-2026\/\" target=\"_blank\" rel=\"noopener\">Consulta aqu\u00ed la informaci\u00f3n sobre el examen<\/a><\/p>\t\t\t\t\t\t\t\t<\/div>\n\t\t\t\t<\/div>\n\t\t\t\t\t<\/div>\n\t\t<\/div>\n\t\t\t\t\t<\/div>\n\t\t<\/section>\n\t\t\t\t<section class=\"elementor-section elementor-top-section elementor-element elementor-element-f5c0896 elementor-section-boxed elementor-section-height-default elementor-section-height-default\" data-id=\"f5c0896\" data-element_type=\"section\">\n\t\t\t\t\t\t<div class=\"elementor-container elementor-column-gap-default\">\n\t\t\t\t\t<div class=\"elementor-column elementor-col-100 elementor-top-column elementor-element elementor-element-9981fa8\" data-id=\"9981fa8\" data-element_type=\"column\">\n\t\t\t<div class=\"elementor-widget-wrap elementor-element-populated\">\n\t\t\t\t\t\t<div class=\"elementor-element elementor-element-ae62748 elementor-widget elementor-widget-heading\" data-id=\"ae62748\" data-element_type=\"widget\" data-widget_type=\"heading.default\">\n\t\t\t\t<div class=\"elementor-widget-container\">\n\t\t\t\t\t<h3 class=\"elementor-heading-title elementor-size-default\">Temario<\/h3>\t\t\t\t<\/div>\n\t\t\t\t<\/div>\n\t\t\t\t\t<\/div>\n\t\t<\/div>\n\t\t\t\t\t<\/div>\n\t\t<\/section>\n\t\t\t\t<section class=\"elementor-section elementor-top-section elementor-element elementor-element-16be9d8 elementor-section-boxed elementor-section-height-default elementor-section-height-default\" data-id=\"16be9d8\" data-element_type=\"section\">\n\t\t\t\t\t\t<div class=\"elementor-container elementor-column-gap-default\">\n\t\t\t\t\t<div class=\"elementor-column elementor-col-100 elementor-top-column elementor-element elementor-element-12a770f\" data-id=\"12a770f\" data-element_type=\"column\">\n\t\t\t<div class=\"elementor-widget-wrap elementor-element-populated\">\n\t\t\t\t\t\t<div class=\"elementor-element elementor-element-c6958ab elementor-widget elementor-widget-text-editor\" data-id=\"c6958ab\" data-element_type=\"widget\" data-widget_type=\"text-editor.default\">\n\t\t\t\t<div class=\"elementor-widget-container\">\n\t\t\t\t\t\t\t\t\t<ul><li>Riesgos derivados del manejo de sustancias qu\u00edmicas y aparataje en el laboratorio cl\u00ednico. Enfermedades profesionales. Asepsia y esterilizaci\u00f3n. Manejo de materiales est\u00e9riles. Conceptos: sepsis, asepsia, esterilizaci\u00f3n y desinfecci\u00f3n.<\/li><li>Calidad y seguridad del paciente: conceptos generales de calidad, aplicaci\u00f3n de sistemas de gesti\u00f3n de la calidad en el laboratorio cl\u00ednico. Normas de calidad en el laboratorio: acreditaci\u00f3n y certificaci\u00f3n. Fuentes de error en el laboratorio cl\u00ednico.<\/li><li>Responsabilidad civil y aspectos \u00e9ticos del trabajo del T\u00e9cnico Especialista en Laboratorio. Confidencialidad de la informaci\u00f3n. Protecci\u00f3n de datos de car\u00e1cter personal y aplicaciones inform\u00e1ticas en los laboratorios cl\u00ednicos.<\/li><\/ul>\t\t\t\t\t\t\t\t<\/div>\n\t\t\t\t<\/div>\n\t\t\t\t\t<\/div>\n\t\t<\/div>\n\t\t\t\t\t<\/div>\n\t\t<\/section>\n\t\t\t\t<section class=\"elementor-section elementor-top-section elementor-element elementor-element-84161b6 elementor-section-boxed elementor-section-height-default elementor-section-height-default\" data-id=\"84161b6\" data-element_type=\"section\">\n\t\t\t\t\t\t<div class=\"elementor-container elementor-column-gap-default\">\n\t\t\t\t\t<div class=\"elementor-column elementor-col-100 elementor-top-column elementor-element elementor-element-2d322f7\" data-id=\"2d322f7\" data-element_type=\"column\">\n\t\t\t<div class=\"elementor-widget-wrap elementor-element-populated\">\n\t\t\t\t\t\t<div class=\"elementor-element elementor-element-f1780ec elementor-widget elementor-widget-text-editor\" data-id=\"f1780ec\" data-element_type=\"widget\" data-widget_type=\"text-editor.default\">\n\t\t\t\t<div class=\"elementor-widget-container\">\n\t\t\t\t\t\t\t\t\t<p>\ud83d\udc49 <a href=\"https:\/\/www.boa.aragon.es\/cgi-bin\/EBOA\/BRSCGI?CMD=VEROBJ&amp;MLKOB=1416568511111\" target=\"_blank\" rel=\"noopener\">Consulta aqu\u00ed el temario completo<\/a><\/p>\t\t\t\t\t\t\t\t<\/div>\n\t\t\t\t<\/div>\n\t\t\t\t\t<\/div>\n\t\t<\/div>\n\t\t\t\t\t<\/div>\n\t\t<\/section>\n\t\t\t\t<section class=\"elementor-section elementor-top-section elementor-element elementor-element-13a7caa elementor-section-boxed elementor-section-height-default elementor-section-height-default\" data-id=\"13a7caa\" data-element_type=\"section\">\n\t\t\t\t\t\t<div class=\"elementor-container elementor-column-gap-default\">\n\t\t\t\t\t<div class=\"elementor-column elementor-col-100 elementor-top-column elementor-element elementor-element-0378811\" data-id=\"0378811\" data-element_type=\"column\">\n\t\t\t<div class=\"elementor-widget-wrap elementor-element-populated\">\n\t\t\t\t\t\t<div class=\"elementor-element elementor-element-b83f256 elementor-widget elementor-widget-heading\" data-id=\"b83f256\" data-element_type=\"widget\" data-widget_type=\"heading.default\">\n\t\t\t\t<div class=\"elementor-widget-container\">\n\t\t\t\t\t<h3 class=\"elementor-heading-title elementor-size-default\">\u00a1Quiero mi plaza!<\/h3>\t\t\t\t<\/div>\n\t\t\t\t<\/div>\n\t\t\t\t\t<\/div>\n\t\t<\/div>\n\t\t\t\t\t<\/div>\n\t\t<\/section>\n\t\t\t\t<section class=\"elementor-section elementor-top-section elementor-element elementor-element-2d1afcf elementor-section-boxed elementor-section-height-default elementor-section-height-default\" data-id=\"2d1afcf\" data-element_type=\"section\">\n\t\t\t\t\t\t<div class=\"elementor-container elementor-column-gap-default\">\n\t\t\t\t\t<div class=\"elementor-column elementor-col-100 elementor-top-column elementor-element elementor-element-49564e0\" data-id=\"49564e0\" data-element_type=\"column\">\n\t\t\t<div class=\"elementor-widget-wrap elementor-element-populated\">\n\t\t\t\t\t\t<div class=\"elementor-element elementor-element-ab64a64 elementor-widget elementor-widget-text-editor\" data-id=\"ab64a64\" data-element_type=\"widget\" data-widget_type=\"text-editor.default\">\n\t\t\t\t<div class=\"elementor-widget-container\">\n\t\t\t\t\t\t\t\t\t<p>Prep\u00e1rate con nuestro programa espec\u00edfico de TEL \u2013 T\u00e9cnico Superior Laboratorio para el Servicio Aragon\u00e9s de Salud.<\/p>\t\t\t\t\t\t\t\t<\/div>\n\t\t\t\t<\/div>\n\t\t\t\t\t<\/div>\n\t\t<\/div>\n\t\t\t\t\t<\/div>\n\t\t<\/section>\n\t\t\t\t<section class=\"elementor-section elementor-top-section elementor-element elementor-element-c3fc3d4 elementor-section-boxed elementor-section-height-default elementor-section-height-default\" data-id=\"c3fc3d4\" data-element_type=\"section\">\n\t\t\t\t\t\t<div class=\"elementor-container elementor-column-gap-default\">\n\t\t\t\t\t<div class=\"elementor-column elementor-col-100 elementor-top-column elementor-element elementor-element-14102a0\" data-id=\"14102a0\" data-element_type=\"column\">\n\t\t\t<div class=\"elementor-widget-wrap elementor-element-populated\">\n\t\t\t\t\t\t<div class=\"elementor-element elementor-element-28ff20a elementor-widget elementor-widget-text-editor\" data-id=\"28ff20a\" data-element_type=\"widget\" data-widget_type=\"text-editor.default\">\n\t\t\t\t<div class=\"elementor-widget-container\">\n\t\t\t\t\t\t\t\t\t<p>\ud83d\udc49 <a href=\"https:\/\/formantia.es\/oposiciones\/tecnico-laboratorio\/tecnico-superior-laboratorio-diagnostico-clinico-aragon\" target=\"_blank\" rel=\"noopener\">Consulta toda la informaci\u00f3n aqu\u00ed<\/a><\/p>\t\t\t\t\t\t\t\t<\/div>\n\t\t\t\t<\/div>\n\t\t\t\t\t<\/div>\n\t\t<\/div>\n\t\t\t\t\t<\/div>\n\t\t<\/section>\n\t\t\t\t<section class=\"elementor-section elementor-top-section elementor-element elementor-element-51e9a61 elementor-section-boxed elementor-section-height-default elementor-section-height-default\" data-id=\"51e9a61\" data-element_type=\"section\">\n\t\t\t\t\t\t<div class=\"elementor-container elementor-column-gap-default\">\n\t\t\t\t\t<div class=\"elementor-column elementor-col-100 elementor-top-column elementor-element elementor-element-e587b4c\" data-id=\"e587b4c\" data-element_type=\"column\">\n\t\t\t<div class=\"elementor-widget-wrap elementor-element-populated\">\n\t\t\t\t\t\t<div class=\"elementor-element elementor-element-cadb94a elementor-widget elementor-widget-text-editor\" data-id=\"cadb94a\" data-element_type=\"widget\" data-widget_type=\"text-editor.default\">\n\t\t\t\t<div class=\"elementor-widget-container\">\n\t\t\t\t\t\t\t\t\t<p class=\"p1\">Disclaimer\/aviso:<\/p><p class=\"p1\">La informaci\u00f3n provista en los post del blog de Formantia no constituye ni pretende constituir asesoramiento legal personalizado; toda la informaci\u00f3n facilitada es solo para fines informativos generales y pueden no constituir informaci\u00f3n exhaustiva.<\/p><p class=\"p1\">En la medida que el blog contenga enlaces a otros contenidos de terceros, dichos enlaces son solo para la ampliar la informaci\u00f3n del lector, usuario o navegador; Formantia no recomienda ni respalda dicho contenido.<\/p><p class=\"p1\">Se renuncia expresamente a toda responsabilidad con respecto a las acciones tomadas o no tomadas en base al contenido de los post del blog.<\/p>\t\t\t\t\t\t\t\t<\/div>\n\t\t\t\t<\/div>\n\t\t\t\t\t<\/div>\n\t\t<\/div>\n\t\t\t\t\t<\/div>\n\t\t<\/section>\n\t\t\t\t<\/div>\n\t\t","protected":false},"excerpt":{"rendered":"<p>RESOLUCI\u00d3N de 7 de octubre de 2025, de la Direcci\u00f3n Gerencia del Servicio Aragon\u00e9s de Salud, por la que se convoca proceso selectivo para el acceso a la condici\u00f3n de personal estatutario fijo en plazas b\u00e1sicas de la categor\u00eda de T\u00e9cnico\/a Superior de Laboratorio de Diagn\u00f3stico Cl\u00ednico en centros del Servicio Aragon\u00e9s de Salud de [&hellip;]<\/p>\n","protected":false},"author":16,"featured_media":45549,"comment_status":"closed","ping_status":"open","sticky":false,"template":"","format":"standard","meta":{"_seopress_robots_primary_cat":"none","footnotes":""},"categories":[184],"tags":[42],"class_list":["post-45571","post","type-post","status-publish","format-standard","has-post-thumbnail","hentry","category-convocatorias","tag-tel","entry"],"_links":{"self":[{"href":"https:\/\/formantia.es\/blog\/wp-json\/wp\/v2\/posts\/45571","targetHints":{"allow":["GET"]}}],"collection":[{"href":"https:\/\/formantia.es\/blog\/wp-json\/wp\/v2\/posts"}],"about":[{"href":"https:\/\/formantia.es\/blog\/wp-json\/wp\/v2\/types\/post"}],"author":[{"embeddable":true,"href":"https:\/\/formantia.es\/blog\/wp-json\/wp\/v2\/users\/16"}],"replies":[{"embeddable":true,"href":"https:\/\/formantia.es\/blog\/wp-json\/wp\/v2\/comments?post=45571"}],"version-history":[{"count":13,"href":"https:\/\/formantia.es\/blog\/wp-json\/wp\/v2\/posts\/45571\/revisions"}],"predecessor-version":[{"id":48579,"href":"https:\/\/formantia.es\/blog\/wp-json\/wp\/v2\/posts\/45571\/revisions\/48579"}],"wp:featuredmedia":[{"embeddable":true,"href":"https:\/\/formantia.es\/blog\/wp-json\/wp\/v2\/media\/45549"}],"wp:attachment":[{"href":"https:\/\/formantia.es\/blog\/wp-json\/wp\/v2\/media?parent=45571"}],"wp:term":[{"taxonomy":"category","embeddable":true,"href":"https:\/\/formantia.es\/blog\/wp-json\/wp\/v2\/categories?post=45571"},{"taxonomy":"post_tag","embeddable":true,"href":"https:\/\/formantia.es\/blog\/wp-json\/wp\/v2\/tags?post=45571"}],"curies":[{"name":"wp","href":"https:\/\/api.w.org\/{rel}","templated":true}]}}