{"id":45563,"date":"2025-10-22T10:44:18","date_gmt":"2025-10-22T08:44:18","guid":{"rendered":"https:\/\/formantia.es\/blog\/?p=45563"},"modified":"2026-01-20T13:07:04","modified_gmt":"2026-01-20T12:07:04","slug":"tel-tecnico-superior-laboratorio-aragon-servicio-de-salud-convocatoria-12-plazas-promocion-interna-22-10-2025","status":"publish","type":"post","link":"https:\/\/formantia.es\/blog\/tel-tecnico-superior-laboratorio-aragon-servicio-de-salud-convocatoria-12-plazas-promocion-interna-22-10-2025\/","title":{"rendered":"El Servicio Aragon\u00e9s de Salud convoca 12 plazas de TEL &#8211; T\u00e9cnico Superior Laboratorio por turno de promoci\u00f3n interna"},"content":{"rendered":"\t\t<div data-elementor-type=\"wp-post\" data-elementor-id=\"45563\" class=\"elementor elementor-45563\" data-elementor-post-type=\"post\">\n\t\t\t\t\t\t<section class=\"elementor-section elementor-top-section elementor-element elementor-element-5607b3b elementor-section-boxed elementor-section-height-default elementor-section-height-default\" data-id=\"5607b3b\" data-element_type=\"section\">\n\t\t\t\t\t\t<div class=\"elementor-container elementor-column-gap-default\">\n\t\t\t\t\t<div class=\"elementor-column elementor-col-100 elementor-top-column elementor-element elementor-element-9a05960\" data-id=\"9a05960\" data-element_type=\"column\">\n\t\t\t<div class=\"elementor-widget-wrap elementor-element-populated\">\n\t\t\t\t\t\t<div class=\"elementor-element elementor-element-49258ca elementor-widget elementor-widget-text-editor\" data-id=\"49258ca\" data-element_type=\"widget\" data-widget_type=\"text-editor.default\">\n\t\t\t\t<div class=\"elementor-widget-container\">\n\t\t\t\t\t\t\t\t\t<p><em>RESOLUCI\u00d3N de 7 de octubre de 2025, de la Direcci\u00f3n Gerencia del Servicio Aragon\u00e9s de Salud, por la que se convoca proceso selectivo para el acceso a la condici\u00f3n de personal estatutario fijo en plazas b\u00e1sicas de la categor\u00eda de T\u00e9cnico\/a Superior de Laboratorio de Diagn\u00f3stico Cl\u00ednico en centros del Servicio Aragon\u00e9s de Salud de la Comunidad Aut\u00f3noma de Arag\u00f3n, para su provisi\u00f3n por el turno de promoci\u00f3n interna.<\/em><\/p>\t\t\t\t\t\t\t\t<\/div>\n\t\t\t\t<\/div>\n\t\t\t\t\t<\/div>\n\t\t<\/div>\n\t\t\t\t\t<\/div>\n\t\t<\/section>\n\t\t\t\t<section class=\"elementor-section elementor-top-section elementor-element elementor-element-352b66a elementor-section-boxed elementor-section-height-default elementor-section-height-default\" data-id=\"352b66a\" data-element_type=\"section\">\n\t\t\t\t\t\t<div class=\"elementor-container elementor-column-gap-default\">\n\t\t\t\t\t<div class=\"elementor-column elementor-col-100 elementor-top-column elementor-element elementor-element-563758d\" data-id=\"563758d\" data-element_type=\"column\">\n\t\t\t<div class=\"elementor-widget-wrap elementor-element-populated\">\n\t\t\t\t\t\t<div class=\"elementor-element elementor-element-8fef3c6 elementor-widget elementor-widget-text-editor\" data-id=\"8fef3c6\" data-element_type=\"widget\" data-widget_type=\"text-editor.default\">\n\t\t\t\t<div class=\"elementor-widget-container\">\n\t\t\t\t\t\t\t\t\t<p>\ud83d\udc49 <a href=\"https:\/\/www.boa.aragon.es\/cgi-bin\/EBOA\/BRSCGI?CMD=VEROBJ&amp;MLKOB=1416566491010\" target=\"_blank\" rel=\"noopener\">Consulta aqu\u00ed toda la informaci\u00f3n<\/a><\/p>\t\t\t\t\t\t\t\t<\/div>\n\t\t\t\t<\/div>\n\t\t\t\t\t<\/div>\n\t\t<\/div>\n\t\t\t\t\t<\/div>\n\t\t<\/section>\n\t\t\t\t<section class=\"elementor-section elementor-top-section elementor-element elementor-element-c17101f elementor-section-boxed elementor-section-height-default elementor-section-height-default\" data-id=\"c17101f\" data-element_type=\"section\">\n\t\t\t\t\t\t<div class=\"elementor-container elementor-column-gap-default\">\n\t\t\t\t\t<div class=\"elementor-column elementor-col-100 elementor-top-column elementor-element elementor-element-df9a195\" data-id=\"df9a195\" data-element_type=\"column\">\n\t\t\t<div class=\"elementor-widget-wrap elementor-element-populated\">\n\t\t\t\t\t\t<div class=\"elementor-element elementor-element-e4ff864 elementor-widget elementor-widget-heading\" data-id=\"e4ff864\" data-element_type=\"widget\" data-widget_type=\"heading.default\">\n\t\t\t\t<div class=\"elementor-widget-container\">\n\t\t\t\t\t<h3 class=\"elementor-heading-title elementor-size-default\">N\u00famero de plazas<\/h3>\t\t\t\t<\/div>\n\t\t\t\t<\/div>\n\t\t\t\t\t<\/div>\n\t\t<\/div>\n\t\t\t\t\t<\/div>\n\t\t<\/section>\n\t\t\t\t<section class=\"elementor-section elementor-top-section elementor-element elementor-element-68c48d9 elementor-section-boxed elementor-section-height-default elementor-section-height-default\" data-id=\"68c48d9\" data-element_type=\"section\">\n\t\t\t\t\t\t<div class=\"elementor-container elementor-column-gap-default\">\n\t\t\t\t\t<div class=\"elementor-column elementor-col-100 elementor-top-column elementor-element elementor-element-6f26f44\" data-id=\"6f26f44\" data-element_type=\"column\">\n\t\t\t<div class=\"elementor-widget-wrap elementor-element-populated\">\n\t\t\t\t\t\t<div class=\"elementor-element elementor-element-8360d88 elementor-widget elementor-widget-text-editor\" data-id=\"8360d88\" data-element_type=\"widget\" data-widget_type=\"text-editor.default\">\n\t\t\t\t<div class=\"elementor-widget-container\">\n\t\t\t\t\t\t\t\t\t<p>Se convoca concurso oposici\u00f3n para cubrir <strong>12 plazas<\/strong> b\u00e1sicas de la categor\u00eda de T\u00e9cnico\/a Superior de Laboratorio de Diagn\u00f3stico Cl\u00ednico<\/p><p>Dichas plazas se acumulan a las <strong>13 plazas<\/strong> correspondientes a las Ofertas de Empleo P\u00fablico de los a\u00f1os 2022, 2023 y 2024, ya convocadas por <a href=\"https:\/\/formantia.es\/blog\/tel-tecnico-laboratorio-servicio-aragones-de-salud-convoca-13-plazas-por-turno-de-promocion-interna-14-04-2025\/\" target=\"_blank\" rel=\"noopener\">Resoluci\u00f3n de 1 de abril de 2025, de la Direcci\u00f3n Gerencia del Servicio Aragon\u00e9s de Salud<\/a>.<\/p><p>Se tramita la adjudicaci\u00f3n de todas ellas en un <strong>\u00fanico concurso oposici\u00f3n<\/strong>, con lo que las plazas objeto del proceso selectivo ser\u00e1n <strong>25<\/strong>, para su provisi\u00f3n por el turno de promoci\u00f3n interna.<\/p>\t\t\t\t\t\t\t\t<\/div>\n\t\t\t\t<\/div>\n\t\t\t\t\t<\/div>\n\t\t<\/div>\n\t\t\t\t\t<\/div>\n\t\t<\/section>\n\t\t\t\t<section class=\"elementor-section elementor-top-section elementor-element elementor-element-2b017f6 elementor-section-boxed elementor-section-height-default elementor-section-height-default\" data-id=\"2b017f6\" data-element_type=\"section\">\n\t\t\t\t\t\t<div class=\"elementor-container elementor-column-gap-default\">\n\t\t\t\t\t<div class=\"elementor-column elementor-col-100 elementor-top-column elementor-element elementor-element-a9fc1f5\" data-id=\"a9fc1f5\" data-element_type=\"column\">\n\t\t\t<div class=\"elementor-widget-wrap elementor-element-populated\">\n\t\t\t\t\t\t<div class=\"elementor-element elementor-element-4ba97e6 elementor-widget elementor-widget-heading\" data-id=\"4ba97e6\" data-element_type=\"widget\" data-widget_type=\"heading.default\">\n\t\t\t\t<div class=\"elementor-widget-container\">\n\t\t\t\t\t<h3 class=\"elementor-heading-title elementor-size-default\">Presentaci\u00f3n de solicitudes<\/h3>\t\t\t\t<\/div>\n\t\t\t\t<\/div>\n\t\t\t\t\t<\/div>\n\t\t<\/div>\n\t\t\t\t\t<\/div>\n\t\t<\/section>\n\t\t\t\t<section class=\"elementor-section elementor-top-section elementor-element elementor-element-74d7199 elementor-section-boxed elementor-section-height-default elementor-section-height-default\" data-id=\"74d7199\" data-element_type=\"section\">\n\t\t\t\t\t\t<div class=\"elementor-container elementor-column-gap-default\">\n\t\t\t\t\t<div class=\"elementor-column elementor-col-100 elementor-top-column elementor-element elementor-element-38b77e6\" data-id=\"38b77e6\" data-element_type=\"column\">\n\t\t\t<div class=\"elementor-widget-wrap elementor-element-populated\">\n\t\t\t\t\t\t<div class=\"elementor-element elementor-element-29d2afd elementor-widget elementor-widget-text-editor\" data-id=\"29d2afd\" data-element_type=\"widget\" data-widget_type=\"text-editor.default\">\n\t\t\t\t<div class=\"elementor-widget-container\">\n\t\t\t\t\t\t\t\t\t<ul><li>El plazo de presentaci\u00f3n de solicitudes ser\u00e1 de un mes a contar desde el d\u00eda siguiente a la publicaci\u00f3n de la presente convocatoria.<\/li><li>Las instancias para participar en las pruebas selectivas se formalizar\u00e1n v\u00eda web en el <a href=\"https:\/\/empleo.salud.aragon.es\" target=\"_blank\" rel=\"noopener\">Portal Electr\u00f3nico de Recursos Humanos del Servicio Aragon\u00e9s de Salud<\/a>.<\/li><li>Tasa: 16,94\u20ac.<\/li><\/ul>\t\t\t\t\t\t\t\t<\/div>\n\t\t\t\t<\/div>\n\t\t\t\t\t<\/div>\n\t\t<\/div>\n\t\t\t\t\t<\/div>\n\t\t<\/section>\n\t\t\t\t<section class=\"elementor-section elementor-top-section elementor-element elementor-element-b7a5985 elementor-section-boxed elementor-section-height-default elementor-section-height-default\" data-id=\"b7a5985\" data-element_type=\"section\">\n\t\t\t\t\t\t<div class=\"elementor-container elementor-column-gap-default\">\n\t\t\t\t\t<div class=\"elementor-column elementor-col-100 elementor-top-column elementor-element elementor-element-38fa3c0\" data-id=\"38fa3c0\" data-element_type=\"column\">\n\t\t\t<div class=\"elementor-widget-wrap elementor-element-populated\">\n\t\t\t\t\t\t<div class=\"elementor-element elementor-element-1772c16 elementor-widget elementor-widget-heading\" data-id=\"1772c16\" data-element_type=\"widget\" data-widget_type=\"heading.default\">\n\t\t\t\t<div class=\"elementor-widget-container\">\n\t\t\t\t\t<h3 class=\"elementor-heading-title elementor-size-default\">Sistema concurso-oposici\u00f3n<\/h3>\t\t\t\t<\/div>\n\t\t\t\t<\/div>\n\t\t\t\t\t<\/div>\n\t\t<\/div>\n\t\t\t\t\t<\/div>\n\t\t<\/section>\n\t\t\t\t<section class=\"elementor-section elementor-top-section elementor-element elementor-element-577df62 elementor-section-boxed elementor-section-height-default elementor-section-height-default\" data-id=\"577df62\" data-element_type=\"section\">\n\t\t\t\t\t\t<div class=\"elementor-container elementor-column-gap-default\">\n\t\t\t\t\t<div class=\"elementor-column elementor-col-100 elementor-top-column elementor-element elementor-element-73486ce\" data-id=\"73486ce\" data-element_type=\"column\">\n\t\t\t<div class=\"elementor-widget-wrap elementor-element-populated\">\n\t\t\t\t\t\t<div class=\"elementor-element elementor-element-0b028bf elementor-widget elementor-widget-text-editor\" data-id=\"0b028bf\" data-element_type=\"widget\" data-widget_type=\"text-editor.default\">\n\t\t\t\t<div class=\"elementor-widget-container\">\n\t\t\t\t\t\t\t\t\t<ul><li><strong>Fase oposici\u00f3n (60%)<\/strong><ul><li>Cuestionario tipo test de 100 preguntas y de 10 preguntas de reserva.<\/li><li>Las respuestas correctas puntuar\u00e1n positivamente, las no contestadas no tendr\u00e1n valoraci\u00f3n alguna y las contestadas err\u00f3neamente restar\u00e1n un tercio del valor de la respuesta correcta.<\/li><li>La puntuaci\u00f3n m\u00e1xima posible ser\u00e1 de 100 puntos.<\/li><\/ul><\/li><li><strong>Fase de concurso (40%)<\/strong><ul><li>La puntuaci\u00f3n m\u00e1xima posible ser\u00e1 de 100 puntos.<\/li><li>Baremo de m\u00e9ritos.<ul><li>Experiencia profesional: m\u00e1ximo 60 puntos.<ul><li>Servicios prestados en misma categor\u00eda en centros p\u00fablicos: 0,30 por mes.<\/li><li>Servicios prestados en misma categor\u00eda en centros privados concertados: 0,10 por mes.<\/li><li>Servicios prestados en distinta categor\u00eda en centros p\u00fablicos: 0,15 por mes.<\/li><\/ul><\/li><li>Formaci\u00f3n: m\u00e1ximo 20 puntos.<ul><li>Expediente acad\u00e9mico: m\u00e1ximo 2 puntos.<\/li><li>Formaci\u00f3n continua y continuada: m\u00e1ximo 15 puntos.<\/li><\/ul><\/li><li>Otras actividades: m\u00e1ximo 20 puntos.<\/li><\/ul><\/li><\/ul><\/li><\/ul>\t\t\t\t\t\t\t\t<\/div>\n\t\t\t\t<\/div>\n\t\t\t\t\t<\/div>\n\t\t<\/div>\n\t\t\t\t\t<\/div>\n\t\t<\/section>\n\t\t\t\t<section class=\"elementor-section elementor-top-section elementor-element elementor-element-19dfe74 elementor-section-boxed elementor-section-height-default elementor-section-height-default\" data-id=\"19dfe74\" data-element_type=\"section\">\n\t\t\t\t\t\t<div class=\"elementor-container elementor-column-gap-default\">\n\t\t\t\t\t<div class=\"elementor-column elementor-col-100 elementor-top-column elementor-element elementor-element-2bb9c85\" data-id=\"2bb9c85\" data-element_type=\"column\">\n\t\t\t<div class=\"elementor-widget-wrap elementor-element-populated\">\n\t\t\t\t\t\t<div class=\"elementor-element elementor-element-56ab40b elementor-widget elementor-widget-text-editor\" data-id=\"56ab40b\" data-element_type=\"widget\" data-widget_type=\"text-editor.default\">\n\t\t\t\t<div class=\"elementor-widget-container\">\n\t\t\t\t\t\t\t\t\t<p>\ud83d\udc49 <a href=\"https:\/\/formantia.es\/blog\/tel-tecnico-superior-laboratorio-aragon-servicio-de-salud-relacion-provisional-admitidos-excluidos-participar-proceso-selectivo-promocion-interna-fijada-fecha-examen-20-01-2026\/\" target=\"_blank\" rel=\"noopener\">Consulta aqu\u00ed la informaci\u00f3n sobre el examen<\/a><\/p>\t\t\t\t\t\t\t\t<\/div>\n\t\t\t\t<\/div>\n\t\t\t\t\t<\/div>\n\t\t<\/div>\n\t\t\t\t\t<\/div>\n\t\t<\/section>\n\t\t\t\t<section class=\"elementor-section elementor-top-section elementor-element elementor-element-cc4fd0e elementor-section-boxed elementor-section-height-default elementor-section-height-default\" data-id=\"cc4fd0e\" data-element_type=\"section\">\n\t\t\t\t\t\t<div class=\"elementor-container elementor-column-gap-default\">\n\t\t\t\t\t<div class=\"elementor-column elementor-col-100 elementor-top-column elementor-element elementor-element-462b9e5\" data-id=\"462b9e5\" data-element_type=\"column\">\n\t\t\t<div class=\"elementor-widget-wrap elementor-element-populated\">\n\t\t\t\t\t\t<div class=\"elementor-element elementor-element-b196683 elementor-widget elementor-widget-heading\" data-id=\"b196683\" data-element_type=\"widget\" data-widget_type=\"heading.default\">\n\t\t\t\t<div class=\"elementor-widget-container\">\n\t\t\t\t\t<h3 class=\"elementor-heading-title elementor-size-default\">Temario<\/h3>\t\t\t\t<\/div>\n\t\t\t\t<\/div>\n\t\t\t\t\t<\/div>\n\t\t<\/div>\n\t\t\t\t\t<\/div>\n\t\t<\/section>\n\t\t\t\t<section class=\"elementor-section elementor-top-section elementor-element elementor-element-92a5ab9 elementor-section-boxed elementor-section-height-default elementor-section-height-default\" data-id=\"92a5ab9\" data-element_type=\"section\">\n\t\t\t\t\t\t<div class=\"elementor-container elementor-column-gap-default\">\n\t\t\t\t\t<div class=\"elementor-column elementor-col-100 elementor-top-column elementor-element elementor-element-45bbe2f\" data-id=\"45bbe2f\" data-element_type=\"column\">\n\t\t\t<div class=\"elementor-widget-wrap elementor-element-populated\">\n\t\t\t\t\t\t<div class=\"elementor-element elementor-element-fe94ffc elementor-widget elementor-widget-text-editor\" data-id=\"fe94ffc\" data-element_type=\"widget\" data-widget_type=\"text-editor.default\">\n\t\t\t\t<div class=\"elementor-widget-container\">\n\t\t\t\t\t\t\t\t\t<ul><li>Riesgos derivados del manejo de sustancias qu\u00edmicas y aparataje en el laboratorio cl\u00ednico. Enfermedades profesionales. Asepsia y esterilizaci\u00f3n. Manejo de materiales est\u00e9riles. Conceptos: sepsis, asepsia, esterilizaci\u00f3n y desinfecci\u00f3n.<\/li><li>Calidad y seguridad del paciente: conceptos generales de calidad, aplicaci\u00f3n de sistemas de gesti\u00f3n de la calidad en el laboratorio cl\u00ednico. Normas de calidad en el laboratorio: acreditaci\u00f3n y certificaci\u00f3n. Fuentes de error en el laboratorio cl\u00ednico.<\/li><li>Responsabilidad civil y aspectos \u00e9ticos del trabajo del T\u00e9cnico Especialista en Laboratorio. Confidencialidad de la informaci\u00f3n. Protecci\u00f3n de datos de car\u00e1cter personal y aplicaciones inform\u00e1ticas en los laboratorios cl\u00ednicos.<\/li><\/ul>\t\t\t\t\t\t\t\t<\/div>\n\t\t\t\t<\/div>\n\t\t\t\t\t<\/div>\n\t\t<\/div>\n\t\t\t\t\t<\/div>\n\t\t<\/section>\n\t\t\t\t<section class=\"elementor-section elementor-top-section elementor-element elementor-element-64545be elementor-section-boxed elementor-section-height-default elementor-section-height-default\" data-id=\"64545be\" data-element_type=\"section\">\n\t\t\t\t\t\t<div class=\"elementor-container elementor-column-gap-default\">\n\t\t\t\t\t<div class=\"elementor-column elementor-col-100 elementor-top-column elementor-element elementor-element-3d03707\" data-id=\"3d03707\" data-element_type=\"column\">\n\t\t\t<div class=\"elementor-widget-wrap elementor-element-populated\">\n\t\t\t\t\t\t<div class=\"elementor-element elementor-element-64bb0c7 elementor-widget elementor-widget-text-editor\" data-id=\"64bb0c7\" data-element_type=\"widget\" data-widget_type=\"text-editor.default\">\n\t\t\t\t<div class=\"elementor-widget-container\">\n\t\t\t\t\t\t\t\t\t<p>\ud83d\udc49 <a href=\"https:\/\/www.boa.aragon.es\/cgi-bin\/EBOA\/BRSCGI?CMD=VEROBJ&amp;MLKOB=1416566491010\" target=\"_blank\" rel=\"noopener\">Consulta aqu\u00ed el temario completo<\/a><\/p>\t\t\t\t\t\t\t\t<\/div>\n\t\t\t\t<\/div>\n\t\t\t\t\t<\/div>\n\t\t<\/div>\n\t\t\t\t\t<\/div>\n\t\t<\/section>\n\t\t\t\t<section class=\"elementor-section elementor-top-section elementor-element elementor-element-472576b elementor-section-boxed elementor-section-height-default elementor-section-height-default\" data-id=\"472576b\" data-element_type=\"section\">\n\t\t\t\t\t\t<div class=\"elementor-container elementor-column-gap-default\">\n\t\t\t\t\t<div class=\"elementor-column elementor-col-100 elementor-top-column elementor-element elementor-element-d0a08d9\" data-id=\"d0a08d9\" data-element_type=\"column\">\n\t\t\t<div class=\"elementor-widget-wrap elementor-element-populated\">\n\t\t\t\t\t\t<div class=\"elementor-element elementor-element-342635f elementor-widget elementor-widget-heading\" data-id=\"342635f\" data-element_type=\"widget\" data-widget_type=\"heading.default\">\n\t\t\t\t<div class=\"elementor-widget-container\">\n\t\t\t\t\t<h3 class=\"elementor-heading-title elementor-size-default\">\u00a1Quiero mi plaza!<\/h3>\t\t\t\t<\/div>\n\t\t\t\t<\/div>\n\t\t\t\t\t<\/div>\n\t\t<\/div>\n\t\t\t\t\t<\/div>\n\t\t<\/section>\n\t\t\t\t<section class=\"elementor-section elementor-top-section elementor-element elementor-element-2e9ee7b elementor-section-boxed elementor-section-height-default elementor-section-height-default\" data-id=\"2e9ee7b\" data-element_type=\"section\">\n\t\t\t\t\t\t<div class=\"elementor-container elementor-column-gap-default\">\n\t\t\t\t\t<div class=\"elementor-column elementor-col-100 elementor-top-column elementor-element elementor-element-1e2731e\" data-id=\"1e2731e\" data-element_type=\"column\">\n\t\t\t<div class=\"elementor-widget-wrap elementor-element-populated\">\n\t\t\t\t\t\t<div class=\"elementor-element elementor-element-9bb889f elementor-widget elementor-widget-text-editor\" data-id=\"9bb889f\" data-element_type=\"widget\" data-widget_type=\"text-editor.default\">\n\t\t\t\t<div class=\"elementor-widget-container\">\n\t\t\t\t\t\t\t\t\t<p>Prep\u00e1rate con nuestro programa espec\u00edfico de TEL \u2013 T\u00e9cnico Superior Laboratorio para el Servicio Aragon\u00e9s de Salud.<\/p>\t\t\t\t\t\t\t\t<\/div>\n\t\t\t\t<\/div>\n\t\t\t\t\t<\/div>\n\t\t<\/div>\n\t\t\t\t\t<\/div>\n\t\t<\/section>\n\t\t\t\t<section class=\"elementor-section elementor-top-section elementor-element elementor-element-e0ee6f0 elementor-section-boxed elementor-section-height-default elementor-section-height-default\" data-id=\"e0ee6f0\" data-element_type=\"section\">\n\t\t\t\t\t\t<div class=\"elementor-container elementor-column-gap-default\">\n\t\t\t\t\t<div class=\"elementor-column elementor-col-100 elementor-top-column elementor-element elementor-element-2605c07\" data-id=\"2605c07\" data-element_type=\"column\">\n\t\t\t<div class=\"elementor-widget-wrap elementor-element-populated\">\n\t\t\t\t\t\t<div class=\"elementor-element elementor-element-9da66d1 elementor-widget elementor-widget-text-editor\" data-id=\"9da66d1\" data-element_type=\"widget\" data-widget_type=\"text-editor.default\">\n\t\t\t\t<div class=\"elementor-widget-container\">\n\t\t\t\t\t\t\t\t\t<p>\ud83d\udc49 <a href=\"https:\/\/formantia.es\/oposiciones\/tecnico-laboratorio\/tecnico-superior-laboratorio-diagnostico-clinico-aragon\" target=\"_blank\" rel=\"noopener\">Consulta toda la informaci\u00f3n aqu\u00ed<\/a><\/p>\t\t\t\t\t\t\t\t<\/div>\n\t\t\t\t<\/div>\n\t\t\t\t\t<\/div>\n\t\t<\/div>\n\t\t\t\t\t<\/div>\n\t\t<\/section>\n\t\t\t\t<section class=\"elementor-section elementor-top-section elementor-element elementor-element-55a5add elementor-section-boxed elementor-section-height-default elementor-section-height-default\" data-id=\"55a5add\" data-element_type=\"section\">\n\t\t\t\t\t\t<div class=\"elementor-container elementor-column-gap-default\">\n\t\t\t\t\t<div class=\"elementor-column elementor-col-100 elementor-top-column elementor-element elementor-element-f623a22\" data-id=\"f623a22\" data-element_type=\"column\">\n\t\t\t<div class=\"elementor-widget-wrap elementor-element-populated\">\n\t\t\t\t\t\t<div class=\"elementor-element elementor-element-bcc52a1 elementor-widget elementor-widget-text-editor\" data-id=\"bcc52a1\" data-element_type=\"widget\" data-widget_type=\"text-editor.default\">\n\t\t\t\t<div class=\"elementor-widget-container\">\n\t\t\t\t\t\t\t\t\t<p class=\"p1\">Disclaimer\/aviso:<\/p><p class=\"p1\">La informaci\u00f3n provista en los post del blog de Formantia no constituye ni pretende constituir asesoramiento legal personalizado; toda la informaci\u00f3n facilitada es solo para fines informativos generales y pueden no constituir informaci\u00f3n exhaustiva.<\/p><p class=\"p1\">En la medida que el blog contenga enlaces a otros contenidos de terceros, dichos enlaces son solo para la ampliar la informaci\u00f3n del lector, usuario o navegador; Formantia no recomienda ni respalda dicho contenido.<\/p><p class=\"p1\">Se renuncia expresamente a toda responsabilidad con respecto a las acciones tomadas o no tomadas en base al contenido de los post del blog.<\/p>\t\t\t\t\t\t\t\t<\/div>\n\t\t\t\t<\/div>\n\t\t\t\t\t<\/div>\n\t\t<\/div>\n\t\t\t\t\t<\/div>\n\t\t<\/section>\n\t\t\t\t<\/div>\n\t\t","protected":false},"excerpt":{"rendered":"<p>RESOLUCI\u00d3N de 7 de octubre de 2025, de la Direcci\u00f3n Gerencia del Servicio Aragon\u00e9s de Salud, por la que se convoca proceso selectivo para el acceso a la condici\u00f3n de personal estatutario fijo en plazas b\u00e1sicas de la categor\u00eda de T\u00e9cnico\/a Superior de Laboratorio de Diagn\u00f3stico Cl\u00ednico en centros del Servicio Aragon\u00e9s de Salud de [&hellip;]<\/p>\n","protected":false},"author":16,"featured_media":45548,"comment_status":"closed","ping_status":"open","sticky":false,"template":"","format":"standard","meta":{"_seopress_robots_primary_cat":"none","footnotes":""},"categories":[184],"tags":[42],"class_list":["post-45563","post","type-post","status-publish","format-standard","has-post-thumbnail","hentry","category-convocatorias","tag-tel","entry"],"_links":{"self":[{"href":"https:\/\/formantia.es\/blog\/wp-json\/wp\/v2\/posts\/45563","targetHints":{"allow":["GET"]}}],"collection":[{"href":"https:\/\/formantia.es\/blog\/wp-json\/wp\/v2\/posts"}],"about":[{"href":"https:\/\/formantia.es\/blog\/wp-json\/wp\/v2\/types\/post"}],"author":[{"embeddable":true,"href":"https:\/\/formantia.es\/blog\/wp-json\/wp\/v2\/users\/16"}],"replies":[{"embeddable":true,"href":"https:\/\/formantia.es\/blog\/wp-json\/wp\/v2\/comments?post=45563"}],"version-history":[{"count":13,"href":"https:\/\/formantia.es\/blog\/wp-json\/wp\/v2\/posts\/45563\/revisions"}],"predecessor-version":[{"id":48587,"href":"https:\/\/formantia.es\/blog\/wp-json\/wp\/v2\/posts\/45563\/revisions\/48587"}],"wp:featuredmedia":[{"embeddable":true,"href":"https:\/\/formantia.es\/blog\/wp-json\/wp\/v2\/media\/45548"}],"wp:attachment":[{"href":"https:\/\/formantia.es\/blog\/wp-json\/wp\/v2\/media?parent=45563"}],"wp:term":[{"taxonomy":"category","embeddable":true,"href":"https:\/\/formantia.es\/blog\/wp-json\/wp\/v2\/categories?post=45563"},{"taxonomy":"post_tag","embeddable":true,"href":"https:\/\/formantia.es\/blog\/wp-json\/wp\/v2\/tags?post=45563"}],"curies":[{"name":"wp","href":"https:\/\/api.w.org\/{rel}","templated":true}]}}