{"id":45555,"date":"2025-10-22T10:37:49","date_gmt":"2025-10-22T08:37:49","guid":{"rendered":"https:\/\/formantia.es\/blog\/?p=45555"},"modified":"2025-10-22T11:51:49","modified_gmt":"2025-10-22T09:51:49","slug":"tcae-auxiliar-de-enfermeria-aragon-servicio-de-salud-convocatoria-85-plazas-promocion-interna-22-10-2025","status":"publish","type":"post","link":"https:\/\/formantia.es\/blog\/tcae-auxiliar-de-enfermeria-aragon-servicio-de-salud-convocatoria-85-plazas-promocion-interna-22-10-2025\/","title":{"rendered":"El Servicio Aragon\u00e9s de Salud convoca 85 plazas de TCAE &#8211; Auxiliar de Enfermer\u00eda por turno de promoci\u00f3n interna"},"content":{"rendered":"\t\t<div data-elementor-type=\"wp-post\" data-elementor-id=\"45555\" class=\"elementor elementor-45555\" data-elementor-post-type=\"post\">\n\t\t\t\t\t\t<section class=\"elementor-section elementor-top-section elementor-element elementor-element-d8b5186 elementor-section-boxed elementor-section-height-default elementor-section-height-default\" data-id=\"d8b5186\" data-element_type=\"section\">\n\t\t\t\t\t\t<div class=\"elementor-container elementor-column-gap-default\">\n\t\t\t\t\t<div class=\"elementor-column elementor-col-100 elementor-top-column elementor-element elementor-element-daced76\" data-id=\"daced76\" data-element_type=\"column\">\n\t\t\t<div class=\"elementor-widget-wrap elementor-element-populated\">\n\t\t\t\t\t\t<div class=\"elementor-element elementor-element-5906791 elementor-widget elementor-widget-text-editor\" data-id=\"5906791\" data-element_type=\"widget\" data-widget_type=\"text-editor.default\">\n\t\t\t\t<div class=\"elementor-widget-container\">\n\t\t\t\t\t\t\t\t\t<p><em>RESOLUCI\u00d3N de 7 de octubre de 2025, de la Direcci\u00f3n Gerencia del Servicio Aragon\u00e9s de Salud, por la que se convoca proceso selectivo para el acceso a la condici\u00f3n de personal estatutario fijo en plazas b\u00e1sicas de la categor\u00eda de T\u00e9cnico\/a en Cuidados Auxiliares de Enfermer\u00eda, en centros del Servicio Aragon\u00e9s de Salud de la Comunidad Aut\u00f3noma de Arag\u00f3n, para su provisi\u00f3n por el turno de promoci\u00f3n interna.<\/em><\/p>\t\t\t\t\t\t\t\t<\/div>\n\t\t\t\t<\/div>\n\t\t\t\t\t<\/div>\n\t\t<\/div>\n\t\t\t\t\t<\/div>\n\t\t<\/section>\n\t\t\t\t<section class=\"elementor-section elementor-top-section elementor-element elementor-element-c84d6db elementor-section-boxed elementor-section-height-default elementor-section-height-default\" data-id=\"c84d6db\" data-element_type=\"section\">\n\t\t\t\t\t\t<div class=\"elementor-container elementor-column-gap-default\">\n\t\t\t\t\t<div class=\"elementor-column elementor-col-100 elementor-top-column elementor-element elementor-element-938787d\" data-id=\"938787d\" data-element_type=\"column\">\n\t\t\t<div class=\"elementor-widget-wrap elementor-element-populated\">\n\t\t\t\t\t\t<div class=\"elementor-element elementor-element-eac694b elementor-widget elementor-widget-text-editor\" data-id=\"eac694b\" data-element_type=\"widget\" data-widget_type=\"text-editor.default\">\n\t\t\t\t<div class=\"elementor-widget-container\">\n\t\t\t\t\t\t\t\t\t<p>\ud83d\udc49 <a href=\"https:\/\/www.boa.aragon.es\/cgi-bin\/EBOA\/BRSCGI?CMD=VEROBJ&amp;MLKOB=1416562450909\" target=\"_blank\" rel=\"noopener\">Consulta aqu\u00ed toda la informaci\u00f3n<\/a><\/p>\t\t\t\t\t\t\t\t<\/div>\n\t\t\t\t<\/div>\n\t\t\t\t\t<\/div>\n\t\t<\/div>\n\t\t\t\t\t<\/div>\n\t\t<\/section>\n\t\t\t\t<section class=\"elementor-section elementor-top-section elementor-element elementor-element-febd9bd elementor-section-boxed elementor-section-height-default elementor-section-height-default\" data-id=\"febd9bd\" data-element_type=\"section\">\n\t\t\t\t\t\t<div class=\"elementor-container elementor-column-gap-default\">\n\t\t\t\t\t<div class=\"elementor-column elementor-col-100 elementor-top-column elementor-element elementor-element-55e2dfe\" data-id=\"55e2dfe\" data-element_type=\"column\">\n\t\t\t<div class=\"elementor-widget-wrap elementor-element-populated\">\n\t\t\t\t\t\t<div class=\"elementor-element elementor-element-6d6df88 elementor-widget elementor-widget-heading\" data-id=\"6d6df88\" data-element_type=\"widget\" data-widget_type=\"heading.default\">\n\t\t\t\t<div class=\"elementor-widget-container\">\n\t\t\t\t\t<h3 class=\"elementor-heading-title elementor-size-default\">N\u00famero de plazas<\/h3>\t\t\t\t<\/div>\n\t\t\t\t<\/div>\n\t\t\t\t\t<\/div>\n\t\t<\/div>\n\t\t\t\t\t<\/div>\n\t\t<\/section>\n\t\t\t\t<section class=\"elementor-section elementor-top-section elementor-element elementor-element-5d2e16b elementor-section-boxed elementor-section-height-default elementor-section-height-default\" data-id=\"5d2e16b\" data-element_type=\"section\">\n\t\t\t\t\t\t<div class=\"elementor-container elementor-column-gap-default\">\n\t\t\t\t\t<div class=\"elementor-column elementor-col-100 elementor-top-column elementor-element elementor-element-d1f1f5c\" data-id=\"d1f1f5c\" data-element_type=\"column\">\n\t\t\t<div class=\"elementor-widget-wrap elementor-element-populated\">\n\t\t\t\t\t\t<div class=\"elementor-element elementor-element-1f3c16d elementor-widget elementor-widget-text-editor\" data-id=\"1f3c16d\" data-element_type=\"widget\" data-widget_type=\"text-editor.default\">\n\t\t\t\t<div class=\"elementor-widget-container\">\n\t\t\t\t\t\t\t\t\t<p>Se convoca concurso oposici\u00f3n para cubrir <strong>85 plazas<\/strong> b\u00e1sicas de la categor\u00eda de T\u00e9cnico\/a en Cuidados Auxiliares de Enfermer\u00eda.<\/p><p>Dichas plazas se acumulan a las <strong>97 plazas<\/strong> correspondientes a las Ofertas de Empleo P\u00fablico de los a\u00f1os 2022, 2023 y 2024, ya convocadas por <a href=\"https:\/\/formantia.es\/blog\/tcae-auxiliar-enfermeria-servicio-aragones-de-salud-convoca-104-plazas-por-promocion-interna-27-01-2025\/\" target=\"_blank\" rel=\"noopener\">Resoluci\u00f3n de 10 de enero de 2025, de la Direcci\u00f3n Gerencia del Servicio Aragon\u00e9s de Salud<\/a>.<\/p><p>Se tramita la adjudicaci\u00f3n de todas ellas en un <strong>\u00fanico concurso oposici\u00f3n<\/strong>, con lo que las plazas objeto del proceso selectivo ser\u00e1n <strong>182<\/strong>, para su provisi\u00f3n por el turno de promoci\u00f3n interna.<\/p>\t\t\t\t\t\t\t\t<\/div>\n\t\t\t\t<\/div>\n\t\t\t\t\t<\/div>\n\t\t<\/div>\n\t\t\t\t\t<\/div>\n\t\t<\/section>\n\t\t\t\t<section class=\"elementor-section elementor-top-section elementor-element elementor-element-689fd08 elementor-section-boxed elementor-section-height-default elementor-section-height-default\" data-id=\"689fd08\" data-element_type=\"section\">\n\t\t\t\t\t\t<div class=\"elementor-container elementor-column-gap-default\">\n\t\t\t\t\t<div class=\"elementor-column elementor-col-100 elementor-top-column elementor-element elementor-element-8d16b3a\" data-id=\"8d16b3a\" data-element_type=\"column\">\n\t\t\t<div class=\"elementor-widget-wrap elementor-element-populated\">\n\t\t\t\t\t\t<div class=\"elementor-element elementor-element-c6c49eb elementor-widget elementor-widget-heading\" data-id=\"c6c49eb\" data-element_type=\"widget\" data-widget_type=\"heading.default\">\n\t\t\t\t<div class=\"elementor-widget-container\">\n\t\t\t\t\t<h3 class=\"elementor-heading-title elementor-size-default\">Presentaci\u00f3n de solicitudes<\/h3>\t\t\t\t<\/div>\n\t\t\t\t<\/div>\n\t\t\t\t\t<\/div>\n\t\t<\/div>\n\t\t\t\t\t<\/div>\n\t\t<\/section>\n\t\t\t\t<section class=\"elementor-section elementor-top-section elementor-element elementor-element-74a0a20 elementor-section-boxed elementor-section-height-default elementor-section-height-default\" data-id=\"74a0a20\" data-element_type=\"section\">\n\t\t\t\t\t\t<div class=\"elementor-container elementor-column-gap-default\">\n\t\t\t\t\t<div class=\"elementor-column elementor-col-100 elementor-top-column elementor-element elementor-element-05627f8\" data-id=\"05627f8\" data-element_type=\"column\">\n\t\t\t<div class=\"elementor-widget-wrap elementor-element-populated\">\n\t\t\t\t\t\t<div class=\"elementor-element elementor-element-ff38e46 elementor-widget elementor-widget-text-editor\" data-id=\"ff38e46\" data-element_type=\"widget\" data-widget_type=\"text-editor.default\">\n\t\t\t\t<div class=\"elementor-widget-container\">\n\t\t\t\t\t\t\t\t\t<ul><li>El plazo de presentaci\u00f3n de solicitudes ser\u00e1 de un mes a contar desde el d\u00eda siguiente a la publicaci\u00f3n de la presente convocatoria.<\/li><li>Las instancias para participar en las pruebas selectivas se formalizar\u00e1n v\u00eda web en el <a href=\"https:\/\/empleo.salud.aragon.es\" target=\"_blank\" rel=\"noopener\">Portal Electr\u00f3nico de Recursos Humanos del Servicio Aragon\u00e9s de Salud<\/a>.<\/li><li>Tasa: 12,76\u20ac.<\/li><\/ul>\t\t\t\t\t\t\t\t<\/div>\n\t\t\t\t<\/div>\n\t\t\t\t\t<\/div>\n\t\t<\/div>\n\t\t\t\t\t<\/div>\n\t\t<\/section>\n\t\t\t\t<section class=\"elementor-section elementor-top-section elementor-element elementor-element-70ea558 elementor-section-boxed elementor-section-height-default elementor-section-height-default\" data-id=\"70ea558\" data-element_type=\"section\">\n\t\t\t\t\t\t<div class=\"elementor-container elementor-column-gap-default\">\n\t\t\t\t\t<div class=\"elementor-column elementor-col-100 elementor-top-column elementor-element elementor-element-021a363\" data-id=\"021a363\" data-element_type=\"column\">\n\t\t\t<div class=\"elementor-widget-wrap elementor-element-populated\">\n\t\t\t\t\t\t<div class=\"elementor-element elementor-element-7b14cca elementor-widget elementor-widget-heading\" data-id=\"7b14cca\" data-element_type=\"widget\" data-widget_type=\"heading.default\">\n\t\t\t\t<div class=\"elementor-widget-container\">\n\t\t\t\t\t<h3 class=\"elementor-heading-title elementor-size-default\">Sistema concurso-oposici\u00f3n<\/h3>\t\t\t\t<\/div>\n\t\t\t\t<\/div>\n\t\t\t\t\t<\/div>\n\t\t<\/div>\n\t\t\t\t\t<\/div>\n\t\t<\/section>\n\t\t\t\t<section class=\"elementor-section elementor-top-section elementor-element elementor-element-a2ba925 elementor-section-boxed elementor-section-height-default elementor-section-height-default\" data-id=\"a2ba925\" data-element_type=\"section\">\n\t\t\t\t\t\t<div class=\"elementor-container elementor-column-gap-default\">\n\t\t\t\t\t<div class=\"elementor-column elementor-col-100 elementor-top-column elementor-element elementor-element-f6094c7\" data-id=\"f6094c7\" data-element_type=\"column\">\n\t\t\t<div class=\"elementor-widget-wrap elementor-element-populated\">\n\t\t\t\t\t\t<div class=\"elementor-element elementor-element-ac32bbb elementor-widget elementor-widget-text-editor\" data-id=\"ac32bbb\" data-element_type=\"widget\" data-widget_type=\"text-editor.default\">\n\t\t\t\t<div class=\"elementor-widget-container\">\n\t\t\t\t\t\t\t\t\t<ul><li><strong>Fase oposici\u00f3n (60%)<\/strong><ul><li>Cuestionario tipo test de 100 preguntas y de 10 preguntas de reserva.<\/li><li>Las respuestas correctas puntuar\u00e1n positivamente, las no contestadas no tendr\u00e1n valoraci\u00f3n alguna y las contestadas err\u00f3neamente restar\u00e1n un tercio del valor de la respuesta correcta.<\/li><li>La puntuaci\u00f3n m\u00e1xima posible ser\u00e1 de 100 puntos.<\/li><\/ul><\/li><li><strong>Fase de concurso (40%)<\/strong><ul><li>La puntuaci\u00f3n m\u00e1xima posible ser\u00e1 de 100 puntos.<\/li><li>Baremo de m\u00e9ritos.<ul><li>Experiencia profesional: m\u00e1ximo 60 puntos.<ul><li>Servicios prestados en misma categor\u00eda en centros p\u00fablicos: 0,30 por mes.<\/li><li>Servicios prestados en misma categor\u00eda en centros privados concertados: 0,10 por mes.<\/li><li>Servicios prestados en distinta categor\u00eda en centros p\u00fablicos: 0,30 por mes.<\/li><\/ul><\/li><li>Formaci\u00f3n: m\u00e1ximo 20 puntos.<ul><li>Expediente acad\u00e9mico: m\u00e1ximo 2 puntos.<\/li><li>Formaci\u00f3n continua y continuada: m\u00e1ximo 15 puntos.<\/li><\/ul><\/li><li>Otras actividades: m\u00e1ximo 20 puntos.<\/li><\/ul><\/li><\/ul><\/li><\/ul>\t\t\t\t\t\t\t\t<\/div>\n\t\t\t\t<\/div>\n\t\t\t\t\t<\/div>\n\t\t<\/div>\n\t\t\t\t\t<\/div>\n\t\t<\/section>\n\t\t\t\t<section class=\"elementor-section elementor-top-section elementor-element elementor-element-643d164 elementor-section-boxed elementor-section-height-default elementor-section-height-default\" data-id=\"643d164\" data-element_type=\"section\">\n\t\t\t\t\t\t<div class=\"elementor-container elementor-column-gap-default\">\n\t\t\t\t\t<div class=\"elementor-column elementor-col-100 elementor-top-column elementor-element elementor-element-f26ba9d\" data-id=\"f26ba9d\" data-element_type=\"column\">\n\t\t\t<div class=\"elementor-widget-wrap elementor-element-populated\">\n\t\t\t\t\t\t<div class=\"elementor-element elementor-element-9a56793 elementor-widget elementor-widget-heading\" data-id=\"9a56793\" data-element_type=\"widget\" data-widget_type=\"heading.default\">\n\t\t\t\t<div class=\"elementor-widget-container\">\n\t\t\t\t\t<h3 class=\"elementor-heading-title elementor-size-default\">Temario<\/h3>\t\t\t\t<\/div>\n\t\t\t\t<\/div>\n\t\t\t\t\t<\/div>\n\t\t<\/div>\n\t\t\t\t\t<\/div>\n\t\t<\/section>\n\t\t\t\t<section class=\"elementor-section elementor-top-section elementor-element elementor-element-d1c242a elementor-section-boxed elementor-section-height-default elementor-section-height-default\" data-id=\"d1c242a\" data-element_type=\"section\">\n\t\t\t\t\t\t<div class=\"elementor-container elementor-column-gap-default\">\n\t\t\t\t\t<div class=\"elementor-column elementor-col-100 elementor-top-column elementor-element elementor-element-babd308\" data-id=\"babd308\" data-element_type=\"column\">\n\t\t\t<div class=\"elementor-widget-wrap elementor-element-populated\">\n\t\t\t\t\t\t<div class=\"elementor-element elementor-element-b274657 elementor-widget elementor-widget-text-editor\" data-id=\"b274657\" data-element_type=\"widget\" data-widget_type=\"text-editor.default\">\n\t\t\t\t<div class=\"elementor-widget-container\">\n\t\t\t\t\t\t\t\t\t<ul><li>Salud Laboral: Condiciones f\u00edsico-ambientales del trabajo, riesgos de naturaleza biol\u00f3gico, qu\u00edmico y f\u00edsico. Medidas de prevenci\u00f3n. Factores de naturaleza psicosocial: Stress, burnout, mobbing. Medidas de prevenci\u00f3n.<\/li><li>Calidad en el Sistema Nacional de Salud: Concepto, dimensiones y m\u00e9todos de evaluaci\u00f3n de la calidad. Seguridad Cl\u00ednica: Identificaci\u00f3n de eventos adversos. Evitabilidad e impacto. Sistemas de notificaci\u00f3n. Gesti\u00f3n de f\u00e1rmacos: caducidades, conservaci\u00f3n y almacenamiento.<\/li><li>Gesti\u00f3n de residuos sanitarios en la Comunidad Aut\u00f3noma de Arag\u00f3n: Definici\u00f3n, clasificaci\u00f3n, recogida, envasado, etiquetado, eliminaci\u00f3n, transporte, almacenamiento y tratamiento.<\/li><\/ul>\t\t\t\t\t\t\t\t<\/div>\n\t\t\t\t<\/div>\n\t\t\t\t\t<\/div>\n\t\t<\/div>\n\t\t\t\t\t<\/div>\n\t\t<\/section>\n\t\t\t\t<section class=\"elementor-section elementor-top-section elementor-element elementor-element-2f37746 elementor-section-boxed elementor-section-height-default elementor-section-height-default\" data-id=\"2f37746\" data-element_type=\"section\">\n\t\t\t\t\t\t<div class=\"elementor-container elementor-column-gap-default\">\n\t\t\t\t\t<div class=\"elementor-column elementor-col-100 elementor-top-column elementor-element elementor-element-24d4331\" data-id=\"24d4331\" data-element_type=\"column\">\n\t\t\t<div class=\"elementor-widget-wrap elementor-element-populated\">\n\t\t\t\t\t\t<div class=\"elementor-element elementor-element-f8284c9 elementor-widget elementor-widget-text-editor\" data-id=\"f8284c9\" data-element_type=\"widget\" data-widget_type=\"text-editor.default\">\n\t\t\t\t<div class=\"elementor-widget-container\">\n\t\t\t\t\t\t\t\t\t<p>\ud83d\udc49 <a href=\"https:\/\/www.boa.aragon.es\/cgi-bin\/EBOA\/BRSCGI?CMD=VEROBJ&amp;MLKOB=1416562450909\" target=\"_blank\" rel=\"noopener\">Consulta aqu\u00ed el temario completo<\/a><\/p>\t\t\t\t\t\t\t\t<\/div>\n\t\t\t\t<\/div>\n\t\t\t\t\t<\/div>\n\t\t<\/div>\n\t\t\t\t\t<\/div>\n\t\t<\/section>\n\t\t\t\t<section class=\"elementor-section elementor-top-section elementor-element elementor-element-7999469 elementor-section-boxed elementor-section-height-default elementor-section-height-default\" data-id=\"7999469\" data-element_type=\"section\">\n\t\t\t\t\t\t<div class=\"elementor-container elementor-column-gap-default\">\n\t\t\t\t\t<div class=\"elementor-column elementor-col-100 elementor-top-column elementor-element elementor-element-99aceb3\" data-id=\"99aceb3\" data-element_type=\"column\">\n\t\t\t<div class=\"elementor-widget-wrap elementor-element-populated\">\n\t\t\t\t\t\t<div class=\"elementor-element elementor-element-8aa0f8f elementor-widget elementor-widget-text-editor\" data-id=\"8aa0f8f\" data-element_type=\"widget\" data-widget_type=\"text-editor.default\">\n\t\t\t\t<div class=\"elementor-widget-container\">\n\t\t\t\t\t\t\t\t\t<p class=\"p1\">Disclaimer\/aviso:<\/p><p class=\"p1\">La informaci\u00f3n provista en los post del blog de Formantia no constituye ni pretende constituir asesoramiento legal personalizado; toda la informaci\u00f3n facilitada es solo para fines informativos generales y pueden no constituir informaci\u00f3n exhaustiva.<\/p><p class=\"p1\">En la medida que el blog contenga enlaces a otros contenidos de terceros, dichos enlaces son solo para la ampliar la informaci\u00f3n del lector, usuario o navegador; Formantia no recomienda ni respalda dicho contenido.<\/p><p class=\"p1\">Se renuncia expresamente a toda responsabilidad con respecto a las acciones tomadas o no tomadas en base al contenido de los post del blog.<\/p>\t\t\t\t\t\t\t\t<\/div>\n\t\t\t\t<\/div>\n\t\t\t\t\t<\/div>\n\t\t<\/div>\n\t\t\t\t\t<\/div>\n\t\t<\/section>\n\t\t\t\t<\/div>\n\t\t","protected":false},"excerpt":{"rendered":"<p>RESOLUCI\u00d3N de 7 de octubre de 2025, de la Direcci\u00f3n Gerencia del Servicio Aragon\u00e9s de Salud, por la que se convoca proceso selectivo para el acceso a la condici\u00f3n de personal estatutario fijo en plazas b\u00e1sicas de la categor\u00eda de T\u00e9cnico\/a en Cuidados Auxiliares de Enfermer\u00eda, en centros del Servicio Aragon\u00e9s de Salud de la [&hellip;]<\/p>\n","protected":false},"author":16,"featured_media":45547,"comment_status":"closed","ping_status":"open","sticky":false,"template":"","format":"standard","meta":{"_seopress_robots_primary_cat":"none","footnotes":""},"categories":[184],"tags":[40],"class_list":["post-45555","post","type-post","status-publish","format-standard","has-post-thumbnail","hentry","category-convocatorias","tag-tcae","entry"],"_links":{"self":[{"href":"https:\/\/formantia.es\/blog\/wp-json\/wp\/v2\/posts\/45555","targetHints":{"allow":["GET"]}}],"collection":[{"href":"https:\/\/formantia.es\/blog\/wp-json\/wp\/v2\/posts"}],"about":[{"href":"https:\/\/formantia.es\/blog\/wp-json\/wp\/v2\/types\/post"}],"author":[{"embeddable":true,"href":"https:\/\/formantia.es\/blog\/wp-json\/wp\/v2\/users\/16"}],"replies":[{"embeddable":true,"href":"https:\/\/formantia.es\/blog\/wp-json\/wp\/v2\/comments?post=45555"}],"version-history":[{"count":21,"href":"https:\/\/formantia.es\/blog\/wp-json\/wp\/v2\/posts\/45555\/revisions"}],"predecessor-version":[{"id":45606,"href":"https:\/\/formantia.es\/blog\/wp-json\/wp\/v2\/posts\/45555\/revisions\/45606"}],"wp:featuredmedia":[{"embeddable":true,"href":"https:\/\/formantia.es\/blog\/wp-json\/wp\/v2\/media\/45547"}],"wp:attachment":[{"href":"https:\/\/formantia.es\/blog\/wp-json\/wp\/v2\/media?parent=45555"}],"wp:term":[{"taxonomy":"category","embeddable":true,"href":"https:\/\/formantia.es\/blog\/wp-json\/wp\/v2\/categories?post=45555"},{"taxonomy":"post_tag","embeddable":true,"href":"https:\/\/formantia.es\/blog\/wp-json\/wp\/v2\/tags?post=45555"}],"curies":[{"name":"wp","href":"https:\/\/api.w.org\/{rel}","templated":true}]}}