{"id":45543,"date":"2025-10-22T10:33:33","date_gmt":"2025-10-22T08:33:33","guid":{"rendered":"https:\/\/formantia.es\/blog\/?p=45543"},"modified":"2025-10-22T12:10:56","modified_gmt":"2025-10-22T10:10:56","slug":"tcae-auxiliar-de-enfermeria-aragon-servicio-de-salud-convocatoria-204-plazas-turno-libre-22-10-2025","status":"publish","type":"post","link":"https:\/\/formantia.es\/blog\/tcae-auxiliar-de-enfermeria-aragon-servicio-de-salud-convocatoria-204-plazas-turno-libre-22-10-2025\/","title":{"rendered":"El Servicio Aragon\u00e9s de Salud convoca 204 plazas de TCAE &#8211; Auxiliar de Enfermer\u00eda por turno libre, discapacidad general, discapacidad intelectual, enfermedad mental, personas transexuales, violencia de g\u00e9nero y v\u00edctimas de terrorismo"},"content":{"rendered":"\t\t<div data-elementor-type=\"wp-post\" data-elementor-id=\"45543\" class=\"elementor elementor-45543\" data-elementor-post-type=\"post\">\n\t\t\t\t\t\t<section class=\"elementor-section elementor-top-section elementor-element elementor-element-059bda2 elementor-section-boxed elementor-section-height-default elementor-section-height-default\" data-id=\"059bda2\" data-element_type=\"section\">\n\t\t\t\t\t\t<div class=\"elementor-container elementor-column-gap-default\">\n\t\t\t\t\t<div class=\"elementor-column elementor-col-100 elementor-top-column elementor-element elementor-element-7f3e084\" data-id=\"7f3e084\" data-element_type=\"column\">\n\t\t\t<div class=\"elementor-widget-wrap elementor-element-populated\">\n\t\t\t\t\t\t<div class=\"elementor-element elementor-element-9ed88c8 elementor-widget elementor-widget-text-editor\" data-id=\"9ed88c8\" data-element_type=\"widget\" data-widget_type=\"text-editor.default\">\n\t\t\t\t<div class=\"elementor-widget-container\">\n\t\t\t\t\t\t\t\t\t<p><em>RESOLUCI\u00d3N de 7 de octubre de 2025, de la Direcci\u00f3n Gerencia del Servicio Aragon\u00e9s de Salud, por la que se convoca proceso selectivo para el acceso a la condici\u00f3n de personal estatutario fijo en plazas b\u00e1sicas de la categor\u00eda de T\u00e9cnico\/a en Cuidados Auxiliares de Enfermer\u00eda en centros del Servicio Aragon\u00e9s de Salud de la Comunidad Aut\u00f3noma de Arag\u00f3n, para su provisi\u00f3n por turno libre, discapacidad general, discapacidad intelectual, enfermedad mental, personas transexuales, violencia de g\u00e9nero y v\u00edctimas de terrorismo.<\/em><\/p>\t\t\t\t\t\t\t\t<\/div>\n\t\t\t\t<\/div>\n\t\t\t\t\t<\/div>\n\t\t<\/div>\n\t\t\t\t\t<\/div>\n\t\t<\/section>\n\t\t\t\t<section class=\"elementor-section elementor-top-section elementor-element elementor-element-8ff1abb elementor-section-boxed elementor-section-height-default elementor-section-height-default\" data-id=\"8ff1abb\" data-element_type=\"section\">\n\t\t\t\t\t\t<div class=\"elementor-container elementor-column-gap-default\">\n\t\t\t\t\t<div class=\"elementor-column elementor-col-100 elementor-top-column elementor-element elementor-element-6bf9205\" data-id=\"6bf9205\" data-element_type=\"column\">\n\t\t\t<div class=\"elementor-widget-wrap elementor-element-populated\">\n\t\t\t\t\t\t<div class=\"elementor-element elementor-element-968846a elementor-widget elementor-widget-text-editor\" data-id=\"968846a\" data-element_type=\"widget\" data-widget_type=\"text-editor.default\">\n\t\t\t\t<div class=\"elementor-widget-container\">\n\t\t\t\t\t\t\t\t\t<p>\ud83d\udc49 <a href=\"https:\/\/www.boa.aragon.es\/cgi-bin\/EBOA\/BRSCGI?CMD=VEROBJ&amp;MLKOB=1416562450909\" target=\"_blank\" rel=\"noopener\">Consulta aqu\u00ed toda la informaci\u00f3n<\/a><\/p>\t\t\t\t\t\t\t\t<\/div>\n\t\t\t\t<\/div>\n\t\t\t\t\t<\/div>\n\t\t<\/div>\n\t\t\t\t\t<\/div>\n\t\t<\/section>\n\t\t\t\t<section class=\"elementor-section elementor-top-section elementor-element elementor-element-de507b7 elementor-section-boxed elementor-section-height-default elementor-section-height-default\" data-id=\"de507b7\" data-element_type=\"section\">\n\t\t\t\t\t\t<div class=\"elementor-container elementor-column-gap-default\">\n\t\t\t\t\t<div class=\"elementor-column elementor-col-100 elementor-top-column elementor-element elementor-element-ff4afda\" data-id=\"ff4afda\" data-element_type=\"column\">\n\t\t\t<div class=\"elementor-widget-wrap elementor-element-populated\">\n\t\t\t\t\t\t<div class=\"elementor-element elementor-element-62af438 elementor-widget elementor-widget-heading\" data-id=\"62af438\" data-element_type=\"widget\" data-widget_type=\"heading.default\">\n\t\t\t\t<div class=\"elementor-widget-container\">\n\t\t\t\t\t<h3 class=\"elementor-heading-title elementor-size-default\">N\u00famero de plazas<\/h3>\t\t\t\t<\/div>\n\t\t\t\t<\/div>\n\t\t\t\t\t<\/div>\n\t\t<\/div>\n\t\t\t\t\t<\/div>\n\t\t<\/section>\n\t\t\t\t<section class=\"elementor-section elementor-top-section elementor-element elementor-element-8250596 elementor-section-boxed elementor-section-height-default elementor-section-height-default\" data-id=\"8250596\" data-element_type=\"section\">\n\t\t\t\t\t\t<div class=\"elementor-container elementor-column-gap-default\">\n\t\t\t\t\t<div class=\"elementor-column elementor-col-100 elementor-top-column elementor-element elementor-element-9f6c5e9\" data-id=\"9f6c5e9\" data-element_type=\"column\">\n\t\t\t<div class=\"elementor-widget-wrap elementor-element-populated\">\n\t\t\t\t\t\t<div class=\"elementor-element elementor-element-08749a4 elementor-widget elementor-widget-text-editor\" data-id=\"08749a4\" data-element_type=\"widget\" data-widget_type=\"text-editor.default\">\n\t\t\t\t<div class=\"elementor-widget-container\">\n\t\t\t\t\t\t\t\t\t<p>Se convoca concurso oposici\u00f3n para cubrir <strong>204 plazas<\/strong> b\u00e1sicas de la categor\u00eda de T\u00e9cnico\/a en Cuidados Auxiliares de Enfermer\u00eda.<\/p><p>Dichas plazas se acumulan a las <strong>221 plazas<\/strong> correspondientes a las Ofertas de Empleo P\u00fablico de los a\u00f1os 2022, 2023 y 2024, ya convocadas por <a href=\"https:\/\/formantia.es\/blog\/tcae-auxiliar-enfermeria-servicio-aragones-de-salud-convoca-214-plazas-por-turno-libre-discapacidad-personas-transexuales-violencia-de-genero-y-violencia-de-terrorismo-27-01-2025\/\" target=\"_blank\" rel=\"noopener\">Resoluci\u00f3n de 10 de enero de 2025, de la Direcci\u00f3n Gerencia del Servicio Aragon\u00e9s de Salud<\/a>.<\/p><p>Se tramita la adjudicaci\u00f3n de todas ellas en un <strong>\u00fanico concurso oposici\u00f3n<\/strong>, con lo que las plazas objeto del proceso selectivo ser\u00e1n 425, para su provisi\u00f3n de acuerdo con la siguiente distribuci\u00f3n:<\/p><ul><li style=\"list-style-type: none;\"><ul><li>Turno libre: 345 plazas.<\/li><li>Cupo discapacidad general: 32 plazas.<\/li><li>Cupo discapacidad intelectual: 14 plazas.<\/li><li>Cupo enfermedad mental: 13 plazas.<\/li><li>Personas transexuales: 5 plazas.<\/li><li>V\u00edctimas de violencia de g\u00e9nero: 13 plazas.<\/li><li>V\u00edctimas de terrorismo: 3 plazas.<\/li><\/ul><\/li><\/ul>\t\t\t\t\t\t\t\t<\/div>\n\t\t\t\t<\/div>\n\t\t\t\t\t<\/div>\n\t\t<\/div>\n\t\t\t\t\t<\/div>\n\t\t<\/section>\n\t\t\t\t<section class=\"elementor-section elementor-top-section elementor-element elementor-element-e398880 elementor-section-boxed elementor-section-height-default elementor-section-height-default\" data-id=\"e398880\" data-element_type=\"section\">\n\t\t\t\t\t\t<div class=\"elementor-container elementor-column-gap-default\">\n\t\t\t\t\t<div class=\"elementor-column elementor-col-100 elementor-top-column elementor-element elementor-element-8b752c3\" data-id=\"8b752c3\" data-element_type=\"column\">\n\t\t\t<div class=\"elementor-widget-wrap elementor-element-populated\">\n\t\t\t\t\t\t<div class=\"elementor-element elementor-element-8f81140 elementor-widget elementor-widget-heading\" data-id=\"8f81140\" data-element_type=\"widget\" data-widget_type=\"heading.default\">\n\t\t\t\t<div class=\"elementor-widget-container\">\n\t\t\t\t\t<h3 class=\"elementor-heading-title elementor-size-default\">Presentaci\u00f3n de solicitudes<\/h3>\t\t\t\t<\/div>\n\t\t\t\t<\/div>\n\t\t\t\t\t<\/div>\n\t\t<\/div>\n\t\t\t\t\t<\/div>\n\t\t<\/section>\n\t\t\t\t<section class=\"elementor-section elementor-top-section elementor-element elementor-element-d60fe1f elementor-section-boxed elementor-section-height-default elementor-section-height-default\" data-id=\"d60fe1f\" data-element_type=\"section\">\n\t\t\t\t\t\t<div class=\"elementor-container elementor-column-gap-default\">\n\t\t\t\t\t<div class=\"elementor-column elementor-col-100 elementor-top-column elementor-element elementor-element-03cdb4d\" data-id=\"03cdb4d\" data-element_type=\"column\">\n\t\t\t<div class=\"elementor-widget-wrap elementor-element-populated\">\n\t\t\t\t\t\t<div class=\"elementor-element elementor-element-9057c8f elementor-widget elementor-widget-text-editor\" data-id=\"9057c8f\" data-element_type=\"widget\" data-widget_type=\"text-editor.default\">\n\t\t\t\t<div class=\"elementor-widget-container\">\n\t\t\t\t\t\t\t\t\t<ul><li>El plazo de presentaci\u00f3n de solicitudes ser\u00e1 de un mes a contar desde el d\u00eda siguiente a la publicaci\u00f3n de la presente convocatoria.<\/li><li>Las instancias para participar en las pruebas selectivas se formalizar\u00e1n v\u00eda web en el <a href=\"https:\/\/empleo.salud.aragon.es\" target=\"_blank\" rel=\"noopener\">Portal Electr\u00f3nico de Recursos Humanos del Servicio Aragon\u00e9s de Salud<\/a>.<\/li><li>Tasa: 12,76\u20ac.<\/li><\/ul>\t\t\t\t\t\t\t\t<\/div>\n\t\t\t\t<\/div>\n\t\t\t\t\t<\/div>\n\t\t<\/div>\n\t\t\t\t\t<\/div>\n\t\t<\/section>\n\t\t\t\t<section class=\"elementor-section elementor-top-section elementor-element elementor-element-fc5efbb elementor-section-boxed elementor-section-height-default elementor-section-height-default\" data-id=\"fc5efbb\" data-element_type=\"section\">\n\t\t\t\t\t\t<div class=\"elementor-container elementor-column-gap-default\">\n\t\t\t\t\t<div class=\"elementor-column elementor-col-100 elementor-top-column elementor-element elementor-element-c918790\" data-id=\"c918790\" data-element_type=\"column\">\n\t\t\t<div class=\"elementor-widget-wrap elementor-element-populated\">\n\t\t\t\t\t\t<div class=\"elementor-element elementor-element-9571e4d elementor-widget elementor-widget-heading\" data-id=\"9571e4d\" data-element_type=\"widget\" data-widget_type=\"heading.default\">\n\t\t\t\t<div class=\"elementor-widget-container\">\n\t\t\t\t\t<h3 class=\"elementor-heading-title elementor-size-default\">Sistema concurso-oposici\u00f3n<\/h3>\t\t\t\t<\/div>\n\t\t\t\t<\/div>\n\t\t\t\t\t<\/div>\n\t\t<\/div>\n\t\t\t\t\t<\/div>\n\t\t<\/section>\n\t\t\t\t<section class=\"elementor-section elementor-top-section elementor-element elementor-element-c1b778b elementor-section-boxed elementor-section-height-default elementor-section-height-default\" data-id=\"c1b778b\" data-element_type=\"section\">\n\t\t\t\t\t\t<div class=\"elementor-container elementor-column-gap-default\">\n\t\t\t\t\t<div class=\"elementor-column elementor-col-100 elementor-top-column elementor-element elementor-element-72f72b7\" data-id=\"72f72b7\" data-element_type=\"column\">\n\t\t\t<div class=\"elementor-widget-wrap elementor-element-populated\">\n\t\t\t\t\t\t<div class=\"elementor-element elementor-element-79f9bd7 elementor-widget elementor-widget-text-editor\" data-id=\"79f9bd7\" data-element_type=\"widget\" data-widget_type=\"text-editor.default\">\n\t\t\t\t<div class=\"elementor-widget-container\">\n\t\t\t\t\t\t\t\t\t<ul><li><strong>Fase oposici\u00f3n (60%)<\/strong><ul><li>Cuestionario tipo test de 100 preguntas y de 10 preguntas de reserva.<\/li><li>Las respuestas correctas puntuar\u00e1n positivamente, las no contestadas no tendr\u00e1n valoraci\u00f3n alguna y las contestadas err\u00f3neamente restar\u00e1n un tercio del valor de la respuesta correcta.<\/li><li>La puntuaci\u00f3n m\u00e1xima posible ser\u00e1 de 100 puntos.<\/li><\/ul><\/li><li><strong>Fase de concurso (40%)<\/strong><ul><li>La puntuaci\u00f3n m\u00e1xima posible ser\u00e1 de 100 puntos.<\/li><li>Baremo de m\u00e9ritos.<ul><li>Experiencia profesional: m\u00e1ximo 60 puntos.<ul><li>Servicios prestados en misma categor\u00eda en centros p\u00fablicos: 0,30 por mes.<\/li><li>Servicios prestados en misma categor\u00eda en centros privados concertados: 0,10 por mes.<\/li><li>Servicios prestados en distinta categor\u00eda en centros p\u00fablicos: 0,15 por mes.<\/li><\/ul><\/li><li>Formaci\u00f3n: m\u00e1ximo 20 puntos.<ul><li>Expediente acad\u00e9mico: m\u00e1ximo 2 puntos.<\/li><li>Formaci\u00f3n continua y continuada: m\u00e1ximo 15 puntos.<\/li><\/ul><\/li><li>Otras actividades: m\u00e1ximo 20 puntos.<\/li><\/ul><\/li><\/ul><\/li><\/ul>\t\t\t\t\t\t\t\t<\/div>\n\t\t\t\t<\/div>\n\t\t\t\t\t<\/div>\n\t\t<\/div>\n\t\t\t\t\t<\/div>\n\t\t<\/section>\n\t\t\t\t<section class=\"elementor-section elementor-top-section elementor-element elementor-element-769c58d elementor-section-boxed elementor-section-height-default elementor-section-height-default\" data-id=\"769c58d\" data-element_type=\"section\">\n\t\t\t\t\t\t<div class=\"elementor-container elementor-column-gap-default\">\n\t\t\t\t\t<div class=\"elementor-column elementor-col-100 elementor-top-column elementor-element elementor-element-135bd37\" data-id=\"135bd37\" data-element_type=\"column\">\n\t\t\t<div class=\"elementor-widget-wrap elementor-element-populated\">\n\t\t\t\t\t\t<div class=\"elementor-element elementor-element-8b207ea elementor-widget elementor-widget-heading\" data-id=\"8b207ea\" data-element_type=\"widget\" data-widget_type=\"heading.default\">\n\t\t\t\t<div class=\"elementor-widget-container\">\n\t\t\t\t\t<h3 class=\"elementor-heading-title elementor-size-default\">Temario<\/h3>\t\t\t\t<\/div>\n\t\t\t\t<\/div>\n\t\t\t\t\t<\/div>\n\t\t<\/div>\n\t\t\t\t\t<\/div>\n\t\t<\/section>\n\t\t\t\t<section class=\"elementor-section elementor-top-section elementor-element elementor-element-78603ad elementor-section-boxed elementor-section-height-default elementor-section-height-default\" data-id=\"78603ad\" data-element_type=\"section\">\n\t\t\t\t\t\t<div class=\"elementor-container elementor-column-gap-default\">\n\t\t\t\t\t<div class=\"elementor-column elementor-col-100 elementor-top-column elementor-element elementor-element-cb9354e\" data-id=\"cb9354e\" data-element_type=\"column\">\n\t\t\t<div class=\"elementor-widget-wrap elementor-element-populated\">\n\t\t\t\t\t\t<div class=\"elementor-element elementor-element-4b824ca elementor-widget elementor-widget-text-editor\" data-id=\"4b824ca\" data-element_type=\"widget\" data-widget_type=\"text-editor.default\">\n\t\t\t\t<div class=\"elementor-widget-container\">\n\t\t\t\t\t\t\t\t\t<ul><li>Salud Laboral: Condiciones f\u00edsico-ambientales del trabajo, riesgos de naturaleza biol\u00f3gico, qu\u00edmico y f\u00edsico. Medidas de prevenci\u00f3n. Factores de naturaleza psicosocial: Stress, burnout, mobbing. Medidas de prevenci\u00f3n.<\/li><li>Calidad en el Sistema Nacional de Salud: Concepto, dimensiones y m\u00e9todos de evaluaci\u00f3n de la calidad. Seguridad Cl\u00ednica: Identificaci\u00f3n de eventos adversos. Evitabilidad e impacto. Sistemas de notificaci\u00f3n. Gesti\u00f3n de f\u00e1rmacos: caducidades, conservaci\u00f3n y almacenamiento.<\/li><li>Gesti\u00f3n de residuos sanitarios en la Comunidad Aut\u00f3noma de Arag\u00f3n: Definici\u00f3n, clasificaci\u00f3n, recogida, envasado, etiquetado, eliminaci\u00f3n, transporte, almacenamiento y tratamiento.<\/li><\/ul>\t\t\t\t\t\t\t\t<\/div>\n\t\t\t\t<\/div>\n\t\t\t\t\t<\/div>\n\t\t<\/div>\n\t\t\t\t\t<\/div>\n\t\t<\/section>\n\t\t\t\t<section class=\"elementor-section elementor-top-section elementor-element elementor-element-afcba35 elementor-section-boxed elementor-section-height-default elementor-section-height-default\" data-id=\"afcba35\" data-element_type=\"section\">\n\t\t\t\t\t\t<div class=\"elementor-container elementor-column-gap-default\">\n\t\t\t\t\t<div class=\"elementor-column elementor-col-100 elementor-top-column elementor-element elementor-element-398d49b\" data-id=\"398d49b\" data-element_type=\"column\">\n\t\t\t<div class=\"elementor-widget-wrap elementor-element-populated\">\n\t\t\t\t\t\t<div class=\"elementor-element elementor-element-46df766 elementor-widget elementor-widget-text-editor\" data-id=\"46df766\" data-element_type=\"widget\" data-widget_type=\"text-editor.default\">\n\t\t\t\t<div class=\"elementor-widget-container\">\n\t\t\t\t\t\t\t\t\t<p>\ud83d\udc49 <a href=\"https:\/\/www.boa.aragon.es\/cgi-bin\/EBOA\/BRSCGI?CMD=VEROBJ&amp;MLKOB=1416564471010\" target=\"_blank\" rel=\"noopener\">Consulta aqu\u00ed el temario completo<\/a><\/p>\t\t\t\t\t\t\t\t<\/div>\n\t\t\t\t<\/div>\n\t\t\t\t\t<\/div>\n\t\t<\/div>\n\t\t\t\t\t<\/div>\n\t\t<\/section>\n\t\t\t\t<section class=\"elementor-section elementor-top-section elementor-element elementor-element-8913fbc elementor-section-boxed elementor-section-height-default elementor-section-height-default\" data-id=\"8913fbc\" data-element_type=\"section\">\n\t\t\t\t\t\t<div class=\"elementor-container elementor-column-gap-default\">\n\t\t\t\t\t<div class=\"elementor-column elementor-col-100 elementor-top-column elementor-element elementor-element-88e098f\" data-id=\"88e098f\" data-element_type=\"column\">\n\t\t\t<div class=\"elementor-widget-wrap elementor-element-populated\">\n\t\t\t\t\t\t<div class=\"elementor-element elementor-element-c65519e elementor-widget elementor-widget-heading\" data-id=\"c65519e\" data-element_type=\"widget\" data-widget_type=\"heading.default\">\n\t\t\t\t<div class=\"elementor-widget-container\">\n\t\t\t\t\t<h3 class=\"elementor-heading-title elementor-size-default\">\u00a1Quiero mi plaza!<\/h3>\t\t\t\t<\/div>\n\t\t\t\t<\/div>\n\t\t\t\t\t<\/div>\n\t\t<\/div>\n\t\t\t\t\t<\/div>\n\t\t<\/section>\n\t\t\t\t<section class=\"elementor-section elementor-top-section elementor-element elementor-element-6cf2eb2 elementor-section-boxed elementor-section-height-default elementor-section-height-default\" data-id=\"6cf2eb2\" data-element_type=\"section\">\n\t\t\t\t\t\t<div class=\"elementor-container elementor-column-gap-default\">\n\t\t\t\t\t<div class=\"elementor-column elementor-col-100 elementor-top-column elementor-element elementor-element-71c3b9b\" data-id=\"71c3b9b\" data-element_type=\"column\">\n\t\t\t<div class=\"elementor-widget-wrap elementor-element-populated\">\n\t\t\t\t\t\t<div class=\"elementor-element elementor-element-de0002f elementor-widget elementor-widget-text-editor\" data-id=\"de0002f\" data-element_type=\"widget\" data-widget_type=\"text-editor.default\">\n\t\t\t\t<div class=\"elementor-widget-container\">\n\t\t\t\t\t\t\t\t\t<p>Prep\u00e1rate con nuestro programa espec\u00edfico de TCAE \u2013 Auxiliar de Enfermer\u00eda para el Servicio Aragon\u00e9s de Salud.<\/p>\t\t\t\t\t\t\t\t<\/div>\n\t\t\t\t<\/div>\n\t\t\t\t\t<\/div>\n\t\t<\/div>\n\t\t\t\t\t<\/div>\n\t\t<\/section>\n\t\t\t\t<section class=\"elementor-section elementor-top-section elementor-element elementor-element-f3f37c6 elementor-section-boxed elementor-section-height-default elementor-section-height-default\" data-id=\"f3f37c6\" data-element_type=\"section\">\n\t\t\t\t\t\t<div class=\"elementor-container elementor-column-gap-default\">\n\t\t\t\t\t<div class=\"elementor-column elementor-col-100 elementor-top-column elementor-element elementor-element-0d576a9\" data-id=\"0d576a9\" data-element_type=\"column\">\n\t\t\t<div class=\"elementor-widget-wrap elementor-element-populated\">\n\t\t\t\t\t\t<div class=\"elementor-element elementor-element-6c0aed0 elementor-widget elementor-widget-text-editor\" data-id=\"6c0aed0\" data-element_type=\"widget\" data-widget_type=\"text-editor.default\">\n\t\t\t\t<div class=\"elementor-widget-container\">\n\t\t\t\t\t\t\t\t\t<p>\ud83d\udc49 <a href=\"https:\/\/formantia.es\/oposiciones\/tcae-auxiliar-enfermeria\/tcae-para-aragon-tecnico-en-cuidados-auxiliares-de-enfermeria\" target=\"_blank\" rel=\"noopener\">Consulta toda la informaci\u00f3n aqu\u00ed<\/a><\/p>\t\t\t\t\t\t\t\t<\/div>\n\t\t\t\t<\/div>\n\t\t\t\t\t<\/div>\n\t\t<\/div>\n\t\t\t\t\t<\/div>\n\t\t<\/section>\n\t\t\t\t<section class=\"elementor-section elementor-top-section elementor-element elementor-element-d4d5176 elementor-section-boxed elementor-section-height-default elementor-section-height-default\" data-id=\"d4d5176\" data-element_type=\"section\">\n\t\t\t\t\t\t<div class=\"elementor-container elementor-column-gap-default\">\n\t\t\t\t\t<div class=\"elementor-column elementor-col-100 elementor-top-column elementor-element elementor-element-4dfabb0\" data-id=\"4dfabb0\" data-element_type=\"column\">\n\t\t\t<div class=\"elementor-widget-wrap elementor-element-populated\">\n\t\t\t\t\t\t<div class=\"elementor-element elementor-element-4f6a0f4 elementor-widget elementor-widget-text-editor\" data-id=\"4f6a0f4\" data-element_type=\"widget\" data-widget_type=\"text-editor.default\">\n\t\t\t\t<div class=\"elementor-widget-container\">\n\t\t\t\t\t\t\t\t\t<p class=\"p1\">Disclaimer\/aviso:<\/p><p class=\"p1\">La informaci\u00f3n provista en los post del blog de Formantia no constituye ni pretende constituir asesoramiento legal personalizado; toda la informaci\u00f3n facilitada es solo para fines informativos generales y pueden no constituir informaci\u00f3n exhaustiva.<\/p><p class=\"p1\">En la medida que el blog contenga enlaces a otros contenidos de terceros, dichos enlaces son solo para la ampliar la informaci\u00f3n del lector, usuario o navegador; Formantia no recomienda ni respalda dicho contenido.<\/p><p class=\"p1\">Se renuncia expresamente a toda responsabilidad con respecto a las acciones tomadas o no tomadas en base al contenido de los post del blog.<\/p>\t\t\t\t\t\t\t\t<\/div>\n\t\t\t\t<\/div>\n\t\t\t\t\t<\/div>\n\t\t<\/div>\n\t\t\t\t\t<\/div>\n\t\t<\/section>\n\t\t\t\t<\/div>\n\t\t","protected":false},"excerpt":{"rendered":"<p>RESOLUCI\u00d3N de 7 de octubre de 2025, de la Direcci\u00f3n Gerencia del Servicio Aragon\u00e9s de Salud, por la que se convoca proceso selectivo para el acceso a la condici\u00f3n de personal estatutario fijo en plazas b\u00e1sicas de la categor\u00eda de T\u00e9cnico\/a en Cuidados Auxiliares de Enfermer\u00eda en centros del Servicio Aragon\u00e9s de Salud de la [&hellip;]<\/p>\n","protected":false},"author":16,"featured_media":45546,"comment_status":"closed","ping_status":"open","sticky":false,"template":"","format":"standard","meta":{"_seopress_robots_primary_cat":"none","footnotes":""},"categories":[184],"tags":[40],"class_list":["post-45543","post","type-post","status-publish","format-standard","has-post-thumbnail","hentry","category-convocatorias","tag-tcae","entry"],"_links":{"self":[{"href":"https:\/\/formantia.es\/blog\/wp-json\/wp\/v2\/posts\/45543","targetHints":{"allow":["GET"]}}],"collection":[{"href":"https:\/\/formantia.es\/blog\/wp-json\/wp\/v2\/posts"}],"about":[{"href":"https:\/\/formantia.es\/blog\/wp-json\/wp\/v2\/types\/post"}],"author":[{"embeddable":true,"href":"https:\/\/formantia.es\/blog\/wp-json\/wp\/v2\/users\/16"}],"replies":[{"embeddable":true,"href":"https:\/\/formantia.es\/blog\/wp-json\/wp\/v2\/comments?post=45543"}],"version-history":[{"count":13,"href":"https:\/\/formantia.es\/blog\/wp-json\/wp\/v2\/posts\/45543\/revisions"}],"predecessor-version":[{"id":45611,"href":"https:\/\/formantia.es\/blog\/wp-json\/wp\/v2\/posts\/45543\/revisions\/45611"}],"wp:featuredmedia":[{"embeddable":true,"href":"https:\/\/formantia.es\/blog\/wp-json\/wp\/v2\/media\/45546"}],"wp:attachment":[{"href":"https:\/\/formantia.es\/blog\/wp-json\/wp\/v2\/media?parent=45543"}],"wp:term":[{"taxonomy":"category","embeddable":true,"href":"https:\/\/formantia.es\/blog\/wp-json\/wp\/v2\/categories?post=45543"},{"taxonomy":"post_tag","embeddable":true,"href":"https:\/\/formantia.es\/blog\/wp-json\/wp\/v2\/tags?post=45543"}],"curies":[{"name":"wp","href":"https:\/\/api.w.org\/{rel}","templated":true}]}}