{"id":45480,"date":"2025-10-21T12:09:50","date_gmt":"2025-10-21T10:09:50","guid":{"rendered":"https:\/\/formantia.es\/blog\/?p=45480"},"modified":"2025-10-21T12:09:50","modified_gmt":"2025-10-21T10:09:50","slug":"tcae-auxiliar-de-enfermeria-castilla-y-leon-servicio-salud-sacyl-aprobadas-listas-provisionales-admitidos-excluidos-proceso-selectivo-21-10-2025","status":"publish","type":"post","link":"https:\/\/formantia.es\/blog\/tcae-auxiliar-de-enfermeria-castilla-y-leon-servicio-salud-sacyl-aprobadas-listas-provisionales-admitidos-excluidos-proceso-selectivo-21-10-2025\/","title":{"rendered":"El Servicio de Salud de Castilla y Le\u00f3n aprueba las listas provisionales de admitidos y excluidos del proceso selectivo de TCAE \u2013 Auxiliar de Enfermer\u00eda"},"content":{"rendered":"\t\t<div data-elementor-type=\"wp-post\" data-elementor-id=\"45480\" class=\"elementor elementor-45480\" data-elementor-post-type=\"post\">\n\t\t\t\t\t\t<section class=\"elementor-section elementor-top-section elementor-element elementor-element-4ff820b elementor-section-boxed elementor-section-height-default elementor-section-height-default\" data-id=\"4ff820b\" data-element_type=\"section\">\n\t\t\t\t\t\t<div class=\"elementor-container elementor-column-gap-default\">\n\t\t\t\t\t<div class=\"elementor-column elementor-col-100 elementor-top-column elementor-element elementor-element-29af577\" data-id=\"29af577\" data-element_type=\"column\">\n\t\t\t<div class=\"elementor-widget-wrap elementor-element-populated\">\n\t\t\t\t\t\t<div class=\"elementor-element elementor-element-00c3802 elementor-widget elementor-widget-text-editor\" data-id=\"00c3802\" data-element_type=\"widget\" data-widget_type=\"text-editor.default\">\n\t\t\t\t<div class=\"elementor-widget-container\">\n\t\t\t\t\t\t\t\t\t<p><em>RESOLUCI\u00d3N de 15 de octubre de 2025, de la Direcci\u00f3n General de Personal y Desarrollo Profesional, por la que se aprueban las listas provisionales de admitidos y excluidos del proceso selectivo extraordinario de estabilizaci\u00f3n para el acceso a la condici\u00f3n de personal estatutario fijo en plazas correspondientes a las categor\u00edas de Diplomados Sanitarios, Diplomados Especialistas, T\u00e9cnicos Superiores y T\u00e9cnicos Medios del \u00c1rea Sanitaria del Servicio de Salud de Castilla y Le\u00f3n, por el sistema de concurso-oposici\u00f3n, convocado mediante Orden SAN\/1918\/2022, de 23 de diciembre.<\/em><\/p>\t\t\t\t\t\t\t\t<\/div>\n\t\t\t\t<\/div>\n\t\t\t\t\t<\/div>\n\t\t<\/div>\n\t\t\t\t\t<\/div>\n\t\t<\/section>\n\t\t\t\t<section class=\"elementor-section elementor-top-section elementor-element elementor-element-d947c67 elementor-section-boxed elementor-section-height-default elementor-section-height-default\" data-id=\"d947c67\" data-element_type=\"section\">\n\t\t\t\t\t\t<div class=\"elementor-container elementor-column-gap-default\">\n\t\t\t\t\t<div class=\"elementor-column elementor-col-100 elementor-top-column elementor-element elementor-element-de4593c\" data-id=\"de4593c\" data-element_type=\"column\">\n\t\t\t<div class=\"elementor-widget-wrap elementor-element-populated\">\n\t\t\t\t\t\t<div class=\"elementor-element elementor-element-16714c2 elementor-widget elementor-widget-text-editor\" data-id=\"16714c2\" data-element_type=\"widget\" data-widget_type=\"text-editor.default\">\n\t\t\t\t<div class=\"elementor-widget-container\">\n\t\t\t\t\t\t\t\t\t<p>\ud83d\udc49 <a href=\"https:\/\/bocyl.jcyl.es\/boletines\/2025\/10\/21\/pdf\/BOCYL-D-21102025-13.pdf\" target=\"_blank\" rel=\"noopener\">Consulta aqu\u00ed toda la informaci\u00f3n<\/a><\/p>\t\t\t\t\t\t\t\t<\/div>\n\t\t\t\t<\/div>\n\t\t\t\t\t<\/div>\n\t\t<\/div>\n\t\t\t\t\t<\/div>\n\t\t<\/section>\n\t\t\t\t<section class=\"elementor-section elementor-top-section elementor-element elementor-element-e004511 elementor-section-boxed elementor-section-height-default elementor-section-height-default\" data-id=\"e004511\" data-element_type=\"section\">\n\t\t\t\t\t\t<div class=\"elementor-container elementor-column-gap-default\">\n\t\t\t\t\t<div class=\"elementor-column elementor-col-100 elementor-top-column elementor-element elementor-element-a23a947\" data-id=\"a23a947\" data-element_type=\"column\">\n\t\t\t<div class=\"elementor-widget-wrap elementor-element-populated\">\n\t\t\t\t\t\t<div class=\"elementor-element elementor-element-86c83a8 elementor-widget elementor-widget-text-editor\" data-id=\"86c83a8\" data-element_type=\"widget\" data-widget_type=\"text-editor.default\">\n\t\t\t\t<div class=\"elementor-widget-container\">\n\t\t\t\t\t\t\t\t\t<p>\ud83d\udc49 <a href=\"https:\/\/www.saludcastillayleon.es\/profesionales\/es\/procesos_selectivos\/proceso-excepcional-estabilizacion-ley-20-2021-28-diciembre\/diplomados-especialistas-diplomados-sanitarios-tecnicos-sup\/tecnico-cuidados-auxiliares-enfermeria-concurso-oposicion.ficheros\/3145977-ANEXO_I_Prov_Admitidos.pdf\" target=\"_blank\" rel=\"noopener\">Consulta aqu\u00ed la lista de admitidos<\/a><\/p>\t\t\t\t\t\t\t\t<\/div>\n\t\t\t\t<\/div>\n\t\t\t\t\t<\/div>\n\t\t<\/div>\n\t\t\t\t\t<\/div>\n\t\t<\/section>\n\t\t\t\t<section class=\"elementor-section elementor-top-section elementor-element elementor-element-584c198 elementor-section-boxed elementor-section-height-default elementor-section-height-default\" data-id=\"584c198\" data-element_type=\"section\">\n\t\t\t\t\t\t<div class=\"elementor-container elementor-column-gap-default\">\n\t\t\t\t\t<div class=\"elementor-column elementor-col-100 elementor-top-column elementor-element elementor-element-5ded2a3\" data-id=\"5ded2a3\" data-element_type=\"column\">\n\t\t\t<div class=\"elementor-widget-wrap elementor-element-populated\">\n\t\t\t\t\t\t<div class=\"elementor-element elementor-element-a251624 elementor-widget elementor-widget-text-editor\" data-id=\"a251624\" data-element_type=\"widget\" data-widget_type=\"text-editor.default\">\n\t\t\t\t<div class=\"elementor-widget-container\">\n\t\t\t\t\t\t\t\t\t<p>\ud83d\udc49 <a href=\"https:\/\/www.saludcastillayleon.es\/profesionales\/es\/procesos_selectivos\/proceso-excepcional-estabilizacion-ley-20-2021-28-diciembre\/diplomados-especialistas-diplomados-sanitarios-tecnicos-sup\/tecnico-cuidados-auxiliares-enfermeria-concurso-oposicion.ficheros\/3145978-ANEXO_II_Prov_Excluidos.pdf\" target=\"_blank\" rel=\"noopener\">Consulta aqu\u00ed la lista de excluidos<\/a><\/p>\t\t\t\t\t\t\t\t<\/div>\n\t\t\t\t<\/div>\n\t\t\t\t\t<\/div>\n\t\t<\/div>\n\t\t\t\t\t<\/div>\n\t\t<\/section>\n\t\t\t\t<section class=\"elementor-section elementor-top-section elementor-element elementor-element-4254fdf elementor-section-boxed elementor-section-height-default elementor-section-height-default\" data-id=\"4254fdf\" data-element_type=\"section\">\n\t\t\t\t\t\t<div class=\"elementor-container elementor-column-gap-default\">\n\t\t\t\t\t<div class=\"elementor-column elementor-col-100 elementor-top-column elementor-element elementor-element-a102f71\" data-id=\"a102f71\" data-element_type=\"column\">\n\t\t\t<div class=\"elementor-widget-wrap elementor-element-populated\">\n\t\t\t\t\t\t<div class=\"elementor-element elementor-element-5b20e88 elementor-widget elementor-widget-heading\" data-id=\"5b20e88\" data-element_type=\"widget\" data-widget_type=\"heading.default\">\n\t\t\t\t<div class=\"elementor-widget-container\">\n\t\t\t\t\t<h3 class=\"elementor-heading-title elementor-size-default\">Plazo<\/h3>\t\t\t\t<\/div>\n\t\t\t\t<\/div>\n\t\t\t\t\t<\/div>\n\t\t<\/div>\n\t\t\t\t\t<\/div>\n\t\t<\/section>\n\t\t\t\t<section class=\"elementor-section elementor-top-section elementor-element elementor-element-40c39dc elementor-section-boxed elementor-section-height-default elementor-section-height-default\" data-id=\"40c39dc\" data-element_type=\"section\">\n\t\t\t\t\t\t<div class=\"elementor-container elementor-column-gap-default\">\n\t\t\t\t\t<div class=\"elementor-column elementor-col-100 elementor-top-column elementor-element elementor-element-1c84e36\" data-id=\"1c84e36\" data-element_type=\"column\">\n\t\t\t<div class=\"elementor-widget-wrap elementor-element-populated\">\n\t\t\t\t\t\t<div class=\"elementor-element elementor-element-1bdbc14 elementor-widget elementor-widget-text-editor\" data-id=\"1bdbc14\" data-element_type=\"widget\" data-widget_type=\"text-editor.default\">\n\t\t\t\t<div class=\"elementor-widget-container\">\n\t\t\t\t\t\t\t\t\t<p>Los aspirantes dispondr\u00e1n de un <strong>plazo de 10 d\u00edas h\u00e1biles<\/strong>, contados a partir del d\u00eda siguiente al de la publicaci\u00f3n de la presente Resoluci\u00f3n, para formular las alegaciones que estimen oportunas o para subsanar el defecto que haya motivado su exclusi\u00f3n.<\/p>\t\t\t\t\t\t\t\t<\/div>\n\t\t\t\t<\/div>\n\t\t\t\t\t<\/div>\n\t\t<\/div>\n\t\t\t\t\t<\/div>\n\t\t<\/section>\n\t\t\t\t<section class=\"elementor-section elementor-top-section elementor-element elementor-element-48c7eb1 elementor-section-boxed elementor-section-height-default elementor-section-height-default\" data-id=\"48c7eb1\" data-element_type=\"section\">\n\t\t\t\t\t\t<div class=\"elementor-container elementor-column-gap-default\">\n\t\t\t\t\t<div class=\"elementor-column elementor-col-100 elementor-top-column elementor-element elementor-element-95a26cf\" data-id=\"95a26cf\" data-element_type=\"column\">\n\t\t\t<div class=\"elementor-widget-wrap elementor-element-populated\">\n\t\t\t\t\t\t<div class=\"elementor-element elementor-element-26d6561 elementor-widget elementor-widget-text-editor\" data-id=\"26d6561\" data-element_type=\"widget\" data-widget_type=\"text-editor.default\">\n\t\t\t\t<div class=\"elementor-widget-container\">\n\t\t\t\t\t\t\t\t\t<p class=\"p1\">Disclaimer\/aviso:<\/p><p class=\"p1\">La informaci\u00f3n provista en los post del blog de Formantia no constituye ni pretende constituir asesoramiento legal personalizado; toda la informaci\u00f3n facilitada es solo para fines informativos generales y pueden no constituir informaci\u00f3n exhaustiva.<\/p><p class=\"p1\">En la medida que el blog contenga enlaces a otros contenidos de terceros, dichos enlaces son solo para la ampliar la informaci\u00f3n del lector, usuario o navegador; Formantia no recomienda ni respalda dicho contenido.<\/p><p class=\"p1\">Se renuncia expresamente a toda responsabilidad con respecto a las acciones tomadas o no tomadas en base al contenido de los post del blog.<\/p>\t\t\t\t\t\t\t\t<\/div>\n\t\t\t\t<\/div>\n\t\t\t\t\t<\/div>\n\t\t<\/div>\n\t\t\t\t\t<\/div>\n\t\t<\/section>\n\t\t\t\t<\/div>\n\t\t","protected":false},"excerpt":{"rendered":"<p>RESOLUCI\u00d3N de 15 de octubre de 2025, de la Direcci\u00f3n General de Personal y Desarrollo Profesional, por la que se aprueban las listas provisionales de admitidos y excluidos del proceso selectivo extraordinario de estabilizaci\u00f3n para el acceso a la condici\u00f3n de personal estatutario fijo en plazas correspondientes a las categor\u00edas de Diplomados Sanitarios, Diplomados Especialistas, [&hellip;]<\/p>\n","protected":false},"author":16,"featured_media":45440,"comment_status":"closed","ping_status":"open","sticky":false,"template":"","format":"standard","meta":{"_seopress_robots_primary_cat":"none","footnotes":""},"categories":[186],"tags":[40],"class_list":["post-45480","post","type-post","status-publish","format-standard","has-post-thumbnail","hentry","category-noticias","tag-tcae","entry"],"_links":{"self":[{"href":"https:\/\/formantia.es\/blog\/wp-json\/wp\/v2\/posts\/45480","targetHints":{"allow":["GET"]}}],"collection":[{"href":"https:\/\/formantia.es\/blog\/wp-json\/wp\/v2\/posts"}],"about":[{"href":"https:\/\/formantia.es\/blog\/wp-json\/wp\/v2\/types\/post"}],"author":[{"embeddable":true,"href":"https:\/\/formantia.es\/blog\/wp-json\/wp\/v2\/users\/16"}],"replies":[{"embeddable":true,"href":"https:\/\/formantia.es\/blog\/wp-json\/wp\/v2\/comments?post=45480"}],"version-history":[{"count":5,"href":"https:\/\/formantia.es\/blog\/wp-json\/wp\/v2\/posts\/45480\/revisions"}],"predecessor-version":[{"id":45487,"href":"https:\/\/formantia.es\/blog\/wp-json\/wp\/v2\/posts\/45480\/revisions\/45487"}],"wp:featuredmedia":[{"embeddable":true,"href":"https:\/\/formantia.es\/blog\/wp-json\/wp\/v2\/media\/45440"}],"wp:attachment":[{"href":"https:\/\/formantia.es\/blog\/wp-json\/wp\/v2\/media?parent=45480"}],"wp:term":[{"taxonomy":"category","embeddable":true,"href":"https:\/\/formantia.es\/blog\/wp-json\/wp\/v2\/categories?post=45480"},{"taxonomy":"post_tag","embeddable":true,"href":"https:\/\/formantia.es\/blog\/wp-json\/wp\/v2\/tags?post=45480"}],"curies":[{"name":"wp","href":"https:\/\/api.w.org\/{rel}","templated":true}]}}