{"id":45460,"date":"2025-10-21T11:51:32","date_gmt":"2025-10-21T09:51:32","guid":{"rendered":"https:\/\/formantia.es\/blog\/?p=45460"},"modified":"2025-10-21T11:51:32","modified_gmt":"2025-10-21T09:51:32","slug":"tel-tecnico-superior-laboratorio-castilla-y-leon-servicio-de-salud-sacyl-aprobadas-listas-provisionales-admitidos-excluidos-proceso-selectivo-21-10-2025","status":"publish","type":"post","link":"https:\/\/formantia.es\/blog\/tel-tecnico-superior-laboratorio-castilla-y-leon-servicio-de-salud-sacyl-aprobadas-listas-provisionales-admitidos-excluidos-proceso-selectivo-21-10-2025\/","title":{"rendered":"El Servicio de Salud de Castilla y Le\u00f3n aprueba las listas provisionales de admitidos y excluidos del proceso selectivo de TEL \u2013 T\u00e9cnico Superior Laboratorio"},"content":{"rendered":"\t\t<div data-elementor-type=\"wp-post\" data-elementor-id=\"45460\" class=\"elementor elementor-45460\" data-elementor-post-type=\"post\">\n\t\t\t\t\t\t<section class=\"elementor-section elementor-top-section elementor-element elementor-element-ec8db81 elementor-section-boxed elementor-section-height-default elementor-section-height-default\" data-id=\"ec8db81\" data-element_type=\"section\">\n\t\t\t\t\t\t<div class=\"elementor-container elementor-column-gap-default\">\n\t\t\t\t\t<div class=\"elementor-column elementor-col-100 elementor-top-column elementor-element elementor-element-20cd3ed\" data-id=\"20cd3ed\" data-element_type=\"column\">\n\t\t\t<div class=\"elementor-widget-wrap elementor-element-populated\">\n\t\t\t\t\t\t<div class=\"elementor-element elementor-element-685b0c7 elementor-widget elementor-widget-text-editor\" data-id=\"685b0c7\" data-element_type=\"widget\" data-widget_type=\"text-editor.default\">\n\t\t\t\t<div class=\"elementor-widget-container\">\n\t\t\t\t\t\t\t\t\t<p><em>RESOLUCI\u00d3N de 15 de octubre de 2025, de la Direcci\u00f3n General de Personal y Desarrollo Profesional, por la que se aprueban las listas provisionales de admitidos y excluidos del proceso selectivo extraordinario de estabilizaci\u00f3n para el acceso a la condici\u00f3n de personal estatutario fijo en plazas correspondientes a las categor\u00edas de Diplomados Sanitarios, Diplomados Especialistas, T\u00e9cnicos Superiores y T\u00e9cnicos Medios del \u00c1rea Sanitaria del Servicio de Salud de Castilla y Le\u00f3n, por el sistema de concurso-oposici\u00f3n, convocado mediante Orden SAN\/1918\/2022, de 23 de diciembre.<\/em><\/p>\t\t\t\t\t\t\t\t<\/div>\n\t\t\t\t<\/div>\n\t\t\t\t\t<\/div>\n\t\t<\/div>\n\t\t\t\t\t<\/div>\n\t\t<\/section>\n\t\t\t\t<section class=\"elementor-section elementor-top-section elementor-element elementor-element-1a07155 elementor-section-boxed elementor-section-height-default elementor-section-height-default\" data-id=\"1a07155\" data-element_type=\"section\">\n\t\t\t\t\t\t<div class=\"elementor-container elementor-column-gap-default\">\n\t\t\t\t\t<div class=\"elementor-column elementor-col-100 elementor-top-column elementor-element elementor-element-dd198ae\" data-id=\"dd198ae\" data-element_type=\"column\">\n\t\t\t<div class=\"elementor-widget-wrap elementor-element-populated\">\n\t\t\t\t\t\t<div class=\"elementor-element elementor-element-9d107f4 elementor-widget elementor-widget-text-editor\" data-id=\"9d107f4\" data-element_type=\"widget\" data-widget_type=\"text-editor.default\">\n\t\t\t\t<div class=\"elementor-widget-container\">\n\t\t\t\t\t\t\t\t\t<p>\ud83d\udc49 <a href=\"https:\/\/bocyl.jcyl.es\/boletines\/2025\/10\/21\/pdf\/BOCYL-D-21102025-13.pdf\" target=\"_blank\" rel=\"noopener\">Consulta aqu\u00ed toda la informaci\u00f3n<\/a><\/p>\t\t\t\t\t\t\t\t<\/div>\n\t\t\t\t<\/div>\n\t\t\t\t\t<\/div>\n\t\t<\/div>\n\t\t\t\t\t<\/div>\n\t\t<\/section>\n\t\t\t\t<section class=\"elementor-section elementor-top-section elementor-element elementor-element-f036237 elementor-section-boxed elementor-section-height-default elementor-section-height-default\" data-id=\"f036237\" data-element_type=\"section\">\n\t\t\t\t\t\t<div class=\"elementor-container elementor-column-gap-default\">\n\t\t\t\t\t<div class=\"elementor-column elementor-col-100 elementor-top-column elementor-element elementor-element-b49da72\" data-id=\"b49da72\" data-element_type=\"column\">\n\t\t\t<div class=\"elementor-widget-wrap elementor-element-populated\">\n\t\t\t\t\t\t<div class=\"elementor-element elementor-element-eb5d82f elementor-widget elementor-widget-text-editor\" data-id=\"eb5d82f\" data-element_type=\"widget\" data-widget_type=\"text-editor.default\">\n\t\t\t\t<div class=\"elementor-widget-container\">\n\t\t\t\t\t\t\t\t\t<p>\ud83d\udc49 <a href=\"https:\/\/www.saludcastillayleon.es\/profesionales\/es\/procesos_selectivos\/proceso-excepcional-estabilizacion-ley-20-2021-28-diciembre\/diplomados-especialistas-diplomados-sanitarios-tecnicos-sup\/tecnico-superior-laboratorio-diagnostico-clinico-concurso-o.ficheros\/3145956-ANEXO_I_Prov_Admitidos.pdf\" target=\"_blank\" rel=\"noopener\">Consulta aqu\u00ed la lista de admitidos<\/a><\/p>\t\t\t\t\t\t\t\t<\/div>\n\t\t\t\t<\/div>\n\t\t\t\t\t<\/div>\n\t\t<\/div>\n\t\t\t\t\t<\/div>\n\t\t<\/section>\n\t\t\t\t<section class=\"elementor-section elementor-top-section elementor-element elementor-element-79e67fc elementor-section-boxed elementor-section-height-default elementor-section-height-default\" data-id=\"79e67fc\" data-element_type=\"section\">\n\t\t\t\t\t\t<div class=\"elementor-container elementor-column-gap-default\">\n\t\t\t\t\t<div class=\"elementor-column elementor-col-100 elementor-top-column elementor-element elementor-element-551f58b\" data-id=\"551f58b\" data-element_type=\"column\">\n\t\t\t<div class=\"elementor-widget-wrap elementor-element-populated\">\n\t\t\t\t\t\t<div class=\"elementor-element elementor-element-1d82d68 elementor-widget elementor-widget-text-editor\" data-id=\"1d82d68\" data-element_type=\"widget\" data-widget_type=\"text-editor.default\">\n\t\t\t\t<div class=\"elementor-widget-container\">\n\t\t\t\t\t\t\t\t\t<p>\ud83d\udc49 <a href=\"https:\/\/www.saludcastillayleon.es\/profesionales\/es\/procesos_selectivos\/proceso-excepcional-estabilizacion-ley-20-2021-28-diciembre\/diplomados-especialistas-diplomados-sanitarios-tecnicos-sup\/tecnico-superior-laboratorio-diagnostico-clinico-concurso-o.ficheros\/3145957-ANEXO_II_Prov_Excluidos.pdf\" target=\"_blank\" rel=\"noopener\">Consulta aqu\u00ed la lista de excluidos<\/a><\/p>\t\t\t\t\t\t\t\t<\/div>\n\t\t\t\t<\/div>\n\t\t\t\t\t<\/div>\n\t\t<\/div>\n\t\t\t\t\t<\/div>\n\t\t<\/section>\n\t\t\t\t<section class=\"elementor-section elementor-top-section elementor-element elementor-element-0f3efd4 elementor-section-boxed elementor-section-height-default elementor-section-height-default\" data-id=\"0f3efd4\" data-element_type=\"section\">\n\t\t\t\t\t\t<div class=\"elementor-container elementor-column-gap-default\">\n\t\t\t\t\t<div class=\"elementor-column elementor-col-100 elementor-top-column elementor-element elementor-element-b552c21\" data-id=\"b552c21\" data-element_type=\"column\">\n\t\t\t<div class=\"elementor-widget-wrap elementor-element-populated\">\n\t\t\t\t\t\t<div class=\"elementor-element elementor-element-61006b8 elementor-widget elementor-widget-heading\" data-id=\"61006b8\" data-element_type=\"widget\" data-widget_type=\"heading.default\">\n\t\t\t\t<div class=\"elementor-widget-container\">\n\t\t\t\t\t<h3 class=\"elementor-heading-title elementor-size-default\">Plazo<\/h3>\t\t\t\t<\/div>\n\t\t\t\t<\/div>\n\t\t\t\t\t<\/div>\n\t\t<\/div>\n\t\t\t\t\t<\/div>\n\t\t<\/section>\n\t\t\t\t<section class=\"elementor-section elementor-top-section elementor-element elementor-element-16808a7 elementor-section-boxed elementor-section-height-default elementor-section-height-default\" data-id=\"16808a7\" data-element_type=\"section\">\n\t\t\t\t\t\t<div class=\"elementor-container elementor-column-gap-default\">\n\t\t\t\t\t<div class=\"elementor-column elementor-col-100 elementor-top-column elementor-element elementor-element-5684681\" data-id=\"5684681\" data-element_type=\"column\">\n\t\t\t<div class=\"elementor-widget-wrap elementor-element-populated\">\n\t\t\t\t\t\t<div class=\"elementor-element elementor-element-ebead4f elementor-widget elementor-widget-text-editor\" data-id=\"ebead4f\" data-element_type=\"widget\" data-widget_type=\"text-editor.default\">\n\t\t\t\t<div class=\"elementor-widget-container\">\n\t\t\t\t\t\t\t\t\t<p>Los aspirantes dispondr\u00e1n de un plazo de 10 d\u00edas h\u00e1biles, contados a partir del d\u00eda siguiente al de la publicaci\u00f3n de la presente Resoluci\u00f3n, para formular las alegaciones que estimen oportunas o para subsanar el defecto que haya motivado su exclusi\u00f3n.<\/p>\t\t\t\t\t\t\t\t<\/div>\n\t\t\t\t<\/div>\n\t\t\t\t\t<\/div>\n\t\t<\/div>\n\t\t\t\t\t<\/div>\n\t\t<\/section>\n\t\t\t\t<section class=\"elementor-section elementor-top-section elementor-element elementor-element-49e83d4 elementor-section-boxed elementor-section-height-default elementor-section-height-default\" data-id=\"49e83d4\" data-element_type=\"section\">\n\t\t\t\t\t\t<div class=\"elementor-container elementor-column-gap-default\">\n\t\t\t\t\t<div class=\"elementor-column elementor-col-100 elementor-top-column elementor-element elementor-element-ccfc1b7\" data-id=\"ccfc1b7\" data-element_type=\"column\">\n\t\t\t<div class=\"elementor-widget-wrap elementor-element-populated\">\n\t\t\t\t\t\t<div class=\"elementor-element elementor-element-43a5e34 elementor-widget elementor-widget-text-editor\" data-id=\"43a5e34\" data-element_type=\"widget\" data-widget_type=\"text-editor.default\">\n\t\t\t\t<div class=\"elementor-widget-container\">\n\t\t\t\t\t\t\t\t\t<p class=\"p1\">Disclaimer\/aviso:<\/p><p class=\"p1\">La informaci\u00f3n provista en los post del blog de Formantia no constituye ni pretende constituir asesoramiento legal personalizado; toda la informaci\u00f3n facilitada es solo para fines informativos generales y pueden no constituir informaci\u00f3n exhaustiva.<\/p><p class=\"p1\">En la medida que el blog contenga enlaces a otros contenidos de terceros, dichos enlaces son solo para la ampliar la informaci\u00f3n del lector, usuario o navegador; Formantia no recomienda ni respalda dicho contenido.<\/p><p class=\"p1\">Se renuncia expresamente a toda responsabilidad con respecto a las acciones tomadas o no tomadas en base al contenido de los post del blog.<\/p>\t\t\t\t\t\t\t\t<\/div>\n\t\t\t\t<\/div>\n\t\t\t\t\t<\/div>\n\t\t<\/div>\n\t\t\t\t\t<\/div>\n\t\t<\/section>\n\t\t\t\t<\/div>\n\t\t","protected":false},"excerpt":{"rendered":"<p>RESOLUCI\u00d3N de 15 de octubre de 2025, de la Direcci\u00f3n General de Personal y Desarrollo Profesional, por la que se aprueban las listas provisionales de admitidos y excluidos del proceso selectivo extraordinario de estabilizaci\u00f3n para el acceso a la condici\u00f3n de personal estatutario fijo en plazas correspondientes a las categor\u00edas de Diplomados Sanitarios, Diplomados Especialistas, [&hellip;]<\/p>\n","protected":false},"author":16,"featured_media":45442,"comment_status":"closed","ping_status":"open","sticky":false,"template":"","format":"standard","meta":{"_seopress_robots_primary_cat":"none","footnotes":""},"categories":[186],"tags":[42],"class_list":["post-45460","post","type-post","status-publish","format-standard","has-post-thumbnail","hentry","category-noticias","tag-tel","entry"],"_links":{"self":[{"href":"https:\/\/formantia.es\/blog\/wp-json\/wp\/v2\/posts\/45460","targetHints":{"allow":["GET"]}}],"collection":[{"href":"https:\/\/formantia.es\/blog\/wp-json\/wp\/v2\/posts"}],"about":[{"href":"https:\/\/formantia.es\/blog\/wp-json\/wp\/v2\/types\/post"}],"author":[{"embeddable":true,"href":"https:\/\/formantia.es\/blog\/wp-json\/wp\/v2\/users\/16"}],"replies":[{"embeddable":true,"href":"https:\/\/formantia.es\/blog\/wp-json\/wp\/v2\/comments?post=45460"}],"version-history":[{"count":8,"href":"https:\/\/formantia.es\/blog\/wp-json\/wp\/v2\/posts\/45460\/revisions"}],"predecessor-version":[{"id":45470,"href":"https:\/\/formantia.es\/blog\/wp-json\/wp\/v2\/posts\/45460\/revisions\/45470"}],"wp:featuredmedia":[{"embeddable":true,"href":"https:\/\/formantia.es\/blog\/wp-json\/wp\/v2\/media\/45442"}],"wp:attachment":[{"href":"https:\/\/formantia.es\/blog\/wp-json\/wp\/v2\/media?parent=45460"}],"wp:term":[{"taxonomy":"category","embeddable":true,"href":"https:\/\/formantia.es\/blog\/wp-json\/wp\/v2\/categories?post=45460"},{"taxonomy":"post_tag","embeddable":true,"href":"https:\/\/formantia.es\/blog\/wp-json\/wp\/v2\/tags?post=45460"}],"curies":[{"name":"wp","href":"https:\/\/api.w.org\/{rel}","templated":true}]}}