{"id":45433,"date":"2025-10-21T11:44:41","date_gmt":"2025-10-21T09:44:41","guid":{"rendered":"https:\/\/formantia.es\/blog\/?p=45433"},"modified":"2025-10-21T11:44:41","modified_gmt":"2025-10-21T09:44:41","slug":"tcae-auxiliar-de-enfermeria-asturias-adjudicaciones-de-destinos-en-el-proceso-de-movilidad-voluntaria-21-10-2025","status":"publish","type":"post","link":"https:\/\/formantia.es\/blog\/tcae-auxiliar-de-enfermeria-asturias-adjudicaciones-de-destinos-en-el-proceso-de-movilidad-voluntaria-21-10-2025\/","title":{"rendered":"El Servicio de Salud del Principado de Asturias publica el listado definitivo de puntuaciones y adjudicaciones de destinos en el proceso de movilidad voluntaria de TCAE &#8211; Auxiliar de Enfermer\u00eda"},"content":{"rendered":"\t\t<div data-elementor-type=\"wp-post\" data-elementor-id=\"45433\" class=\"elementor elementor-45433\" data-elementor-post-type=\"post\">\n\t\t\t\t\t\t<section class=\"elementor-section elementor-top-section elementor-element elementor-element-a186842 elementor-section-boxed elementor-section-height-default elementor-section-height-default\" data-id=\"a186842\" data-element_type=\"section\">\n\t\t\t\t\t\t<div class=\"elementor-container elementor-column-gap-default\">\n\t\t\t\t\t<div class=\"elementor-column elementor-col-100 elementor-top-column elementor-element elementor-element-17368e4\" data-id=\"17368e4\" data-element_type=\"column\">\n\t\t\t<div class=\"elementor-widget-wrap elementor-element-populated\">\n\t\t\t\t\t\t<div class=\"elementor-element elementor-element-59ceb5b elementor-widget elementor-widget-text-editor\" data-id=\"59ceb5b\" data-element_type=\"widget\" data-widget_type=\"text-editor.default\">\n\t\t\t\t<div class=\"elementor-widget-container\">\n\t\t\t\t\t\t\t\t\t<p><em>Resoluci\u00f3n de 26 de septiembre de 2025, de la Direcci\u00f3n Gerencia del Servicio de Salud del Principado de Asturias, por la que se hace p\u00fablico el listado definitivo de puntuaciones y adjudicaciones de destinos funcionales en el proceso de movilidad voluntaria abierto y peri\u00f3dico, para el acceso a plazas estatutarias de la Categor\u00eda de T\u00e9cnico en Cuidados Auxiliares de Enfermer\u00eda.<\/em><\/p>\t\t\t\t\t\t\t\t<\/div>\n\t\t\t\t<\/div>\n\t\t\t\t\t<\/div>\n\t\t<\/div>\n\t\t\t\t\t<\/div>\n\t\t<\/section>\n\t\t\t\t<section class=\"elementor-section elementor-top-section elementor-element elementor-element-1a3345a elementor-section-boxed elementor-section-height-default elementor-section-height-default\" data-id=\"1a3345a\" data-element_type=\"section\">\n\t\t\t\t\t\t<div class=\"elementor-container elementor-column-gap-default\">\n\t\t\t\t\t<div class=\"elementor-column elementor-col-100 elementor-top-column elementor-element elementor-element-3174d0c\" data-id=\"3174d0c\" data-element_type=\"column\">\n\t\t\t<div class=\"elementor-widget-wrap elementor-element-populated\">\n\t\t\t\t\t\t<div class=\"elementor-element elementor-element-700f3a0 elementor-widget elementor-widget-text-editor\" data-id=\"700f3a0\" data-element_type=\"widget\" data-widget_type=\"text-editor.default\">\n\t\t\t\t<div class=\"elementor-widget-container\">\n\t\t\t\t\t\t\t\t\t<p>\ud83d\udc49 <a href=\"https:\/\/miprincipado.asturias.es\/bopa\/2025\/10\/21\/2025-08460.pdf\" target=\"_blank\" rel=\"noopener\">Consulta aqu\u00ed toda la informaci\u00f3n<\/a><\/p>\t\t\t\t\t\t\t\t<\/div>\n\t\t\t\t<\/div>\n\t\t\t\t\t<\/div>\n\t\t<\/div>\n\t\t\t\t\t<\/div>\n\t\t<\/section>\n\t\t\t\t<section class=\"elementor-section elementor-top-section elementor-element elementor-element-f43d2d5 elementor-section-boxed elementor-section-height-default elementor-section-height-default\" data-id=\"f43d2d5\" data-element_type=\"section\">\n\t\t\t\t\t\t<div class=\"elementor-container elementor-column-gap-default\">\n\t\t\t\t\t<div class=\"elementor-column elementor-col-100 elementor-top-column elementor-element elementor-element-cc29567\" data-id=\"cc29567\" data-element_type=\"column\">\n\t\t\t<div class=\"elementor-widget-wrap elementor-element-populated\">\n\t\t\t\t\t\t<div class=\"elementor-element elementor-element-98dd1a0 elementor-widget elementor-widget-heading\" data-id=\"98dd1a0\" data-element_type=\"widget\" data-widget_type=\"heading.default\">\n\t\t\t\t<div class=\"elementor-widget-container\">\n\t\t\t\t\t<h3 class=\"elementor-heading-title elementor-size-default\">Plazos<\/h3>\t\t\t\t<\/div>\n\t\t\t\t<\/div>\n\t\t\t\t\t<\/div>\n\t\t<\/div>\n\t\t\t\t\t<\/div>\n\t\t<\/section>\n\t\t\t\t<section class=\"elementor-section elementor-top-section elementor-element elementor-element-08f779d elementor-section-boxed elementor-section-height-default elementor-section-height-default\" data-id=\"08f779d\" data-element_type=\"section\">\n\t\t\t\t\t\t<div class=\"elementor-container elementor-column-gap-default\">\n\t\t\t\t\t<div class=\"elementor-column elementor-col-100 elementor-top-column elementor-element elementor-element-8df6d8c\" data-id=\"8df6d8c\" data-element_type=\"column\">\n\t\t\t<div class=\"elementor-widget-wrap elementor-element-populated\">\n\t\t\t\t\t\t<div class=\"elementor-element elementor-element-39fa90a elementor-widget elementor-widget-text-editor\" data-id=\"39fa90a\" data-element_type=\"widget\" data-widget_type=\"text-editor.default\">\n\t\t\t\t<div class=\"elementor-widget-container\">\n\t\t\t\t\t\t\t\t\t<p>Los concursantes que obtengan plaza cesar\u00e1n en la que, en su caso desempe\u00f1en, al tercer d\u00eda h\u00e1bil siguiente a la publicaci\u00f3n de la presente Resoluci\u00f3n.<\/p><p>La toma de posesi\u00f3n de la nueva plaza deber\u00e1 efectuarse dentro de los tres d\u00edas siguientes al del cese, si las plazas radican en el mismo concejo, o de siete d\u00edas h\u00e1biles al del cese, si la plaza radica en distinto concejo.<\/p>\t\t\t\t\t\t\t\t<\/div>\n\t\t\t\t<\/div>\n\t\t\t\t\t<\/div>\n\t\t<\/div>\n\t\t\t\t\t<\/div>\n\t\t<\/section>\n\t\t\t\t<section class=\"elementor-section elementor-top-section elementor-element elementor-element-d8470c4 elementor-section-boxed elementor-section-height-default elementor-section-height-default\" data-id=\"d8470c4\" data-element_type=\"section\">\n\t\t\t\t\t\t<div class=\"elementor-container elementor-column-gap-default\">\n\t\t\t\t\t<div class=\"elementor-column elementor-col-100 elementor-top-column elementor-element elementor-element-65133fb\" data-id=\"65133fb\" data-element_type=\"column\">\n\t\t\t<div class=\"elementor-widget-wrap elementor-element-populated\">\n\t\t\t\t\t\t<div class=\"elementor-element elementor-element-e0c2ad2 elementor-widget elementor-widget-text-editor\" data-id=\"e0c2ad2\" data-element_type=\"widget\" data-widget_type=\"text-editor.default\">\n\t\t\t\t<div class=\"elementor-widget-container\">\n\t\t\t\t\t\t\t\t\t<p class=\"p1\">Disclaimer\/aviso:<\/p><p class=\"p1\">La informaci\u00f3n provista en los post del blog de Formantia no constituye ni pretende constituir asesoramiento legal personalizado; toda la informaci\u00f3n facilitada es solo para fines informativos generales y pueden no constituir informaci\u00f3n exhaustiva.<\/p><p class=\"p1\">En la medida que el blog contenga enlaces a otros contenidos de terceros, dichos enlaces son solo para la ampliar la informaci\u00f3n del lector, usuario o navegador; Formantia no recomienda ni respalda dicho contenido.<\/p><p class=\"p1\">Se renuncia expresamente a toda responsabilidad con respecto a las acciones tomadas o no tomadas en base al contenido de los post del blog.<\/p>\t\t\t\t\t\t\t\t<\/div>\n\t\t\t\t<\/div>\n\t\t\t\t\t<\/div>\n\t\t<\/div>\n\t\t\t\t\t<\/div>\n\t\t<\/section>\n\t\t\t\t<\/div>\n\t\t","protected":false},"excerpt":{"rendered":"<p>Resoluci\u00f3n de 26 de septiembre de 2025, de la Direcci\u00f3n Gerencia del Servicio de Salud del Principado de Asturias, por la que se hace p\u00fablico el listado definitivo de puntuaciones y adjudicaciones de destinos funcionales en el proceso de movilidad voluntaria abierto y peri\u00f3dico, para el acceso a plazas estatutarias de la Categor\u00eda de T\u00e9cnico [&hellip;]<\/p>\n","protected":false},"author":16,"featured_media":45438,"comment_status":"closed","ping_status":"open","sticky":false,"template":"","format":"standard","meta":{"_seopress_robots_primary_cat":"none","footnotes":""},"categories":[186],"tags":[40],"class_list":["post-45433","post","type-post","status-publish","format-standard","has-post-thumbnail","hentry","category-noticias","tag-tcae","entry"],"_links":{"self":[{"href":"https:\/\/formantia.es\/blog\/wp-json\/wp\/v2\/posts\/45433","targetHints":{"allow":["GET"]}}],"collection":[{"href":"https:\/\/formantia.es\/blog\/wp-json\/wp\/v2\/posts"}],"about":[{"href":"https:\/\/formantia.es\/blog\/wp-json\/wp\/v2\/types\/post"}],"author":[{"embeddable":true,"href":"https:\/\/formantia.es\/blog\/wp-json\/wp\/v2\/users\/16"}],"replies":[{"embeddable":true,"href":"https:\/\/formantia.es\/blog\/wp-json\/wp\/v2\/comments?post=45433"}],"version-history":[{"count":5,"href":"https:\/\/formantia.es\/blog\/wp-json\/wp\/v2\/posts\/45433\/revisions"}],"predecessor-version":[{"id":45451,"href":"https:\/\/formantia.es\/blog\/wp-json\/wp\/v2\/posts\/45433\/revisions\/45451"}],"wp:featuredmedia":[{"embeddable":true,"href":"https:\/\/formantia.es\/blog\/wp-json\/wp\/v2\/media\/45438"}],"wp:attachment":[{"href":"https:\/\/formantia.es\/blog\/wp-json\/wp\/v2\/media?parent=45433"}],"wp:term":[{"taxonomy":"category","embeddable":true,"href":"https:\/\/formantia.es\/blog\/wp-json\/wp\/v2\/categories?post=45433"},{"taxonomy":"post_tag","embeddable":true,"href":"https:\/\/formantia.es\/blog\/wp-json\/wp\/v2\/tags?post=45433"}],"curies":[{"name":"wp","href":"https:\/\/api.w.org\/{rel}","templated":true}]}}