{"id":45310,"date":"2025-10-17T12:28:46","date_gmt":"2025-10-17T10:28:46","guid":{"rendered":"https:\/\/formantia.es\/blog\/?p=45310"},"modified":"2025-10-17T12:28:46","modified_gmt":"2025-10-17T10:28:46","slug":"higienista-tecnico-superior-higiene-bucodental-asturias-servicio-de-salud-del-principado-acuerda-designacion-asesor-tribunal-seleccion-proceso-selectivo-17-10-2025","status":"publish","type":"post","link":"https:\/\/formantia.es\/blog\/higienista-tecnico-superior-higiene-bucodental-asturias-servicio-de-salud-del-principado-acuerda-designacion-asesor-tribunal-seleccion-proceso-selectivo-17-10-2025\/","title":{"rendered":"El Servicio de Salud del Principado de Asturias acuerda la designaci\u00f3n de un Asesor para el Tribunal de selecci\u00f3n del proceso selectivo de Higienista &#8211; T\u00e9cnico Superior Higiene Bucodental"},"content":{"rendered":"\t\t<div data-elementor-type=\"wp-post\" data-elementor-id=\"45310\" class=\"elementor elementor-45310\" data-elementor-post-type=\"post\">\n\t\t\t\t\t\t<section class=\"elementor-section elementor-top-section elementor-element elementor-element-dd746c5 elementor-section-boxed elementor-section-height-default elementor-section-height-default\" data-id=\"dd746c5\" data-element_type=\"section\">\n\t\t\t\t\t\t<div class=\"elementor-container elementor-column-gap-default\">\n\t\t\t\t\t<div class=\"elementor-column elementor-col-100 elementor-top-column elementor-element elementor-element-5768449\" data-id=\"5768449\" data-element_type=\"column\">\n\t\t\t<div class=\"elementor-widget-wrap elementor-element-populated\">\n\t\t\t\t\t\t<div class=\"elementor-element elementor-element-56a7e32 elementor-widget elementor-widget-text-editor\" data-id=\"56a7e32\" data-element_type=\"widget\" data-widget_type=\"text-editor.default\">\n\t\t\t\t<div class=\"elementor-widget-container\">\n\t\t\t\t\t\t\t\t\t<p><em>Resoluci\u00f3n de 2 de octubre de 2025, de la Direcci\u00f3n de Profesionales del Servicio de Salud del Principado de Asturias, por la que se acuerda la designaci\u00f3n de un Asesor para el Tribunal de selecci\u00f3n del proceso selectivo para el acceso a plazas de personal estatutario fijo de la Categor\u00eda de Higienista Dental, convocado por Resoluci\u00f3n de 28 de abril de 2025, de la Direcci\u00f3n Gerencia del Servicio de Salud del Principado de Asturias (BOPA de 13 de mayo de 2025).<\/em><\/p>\t\t\t\t\t\t\t\t<\/div>\n\t\t\t\t<\/div>\n\t\t\t\t\t<\/div>\n\t\t<\/div>\n\t\t\t\t\t<\/div>\n\t\t<\/section>\n\t\t\t\t<section class=\"elementor-section elementor-top-section elementor-element elementor-element-56c17d9 elementor-section-boxed elementor-section-height-default elementor-section-height-default\" data-id=\"56c17d9\" data-element_type=\"section\">\n\t\t\t\t\t\t<div class=\"elementor-container elementor-column-gap-default\">\n\t\t\t\t\t<div class=\"elementor-column elementor-col-100 elementor-top-column elementor-element elementor-element-8f02c35\" data-id=\"8f02c35\" data-element_type=\"column\">\n\t\t\t<div class=\"elementor-widget-wrap elementor-element-populated\">\n\t\t\t\t\t\t<div class=\"elementor-element elementor-element-48756b3 elementor-widget elementor-widget-text-editor\" data-id=\"48756b3\" data-element_type=\"widget\" data-widget_type=\"text-editor.default\">\n\t\t\t\t<div class=\"elementor-widget-container\">\n\t\t\t\t\t\t\t\t\t<p>\ud83d\udc49 <a href=\"https:\/\/miprincipado.asturias.es\/bopa\/2025\/10\/17\/2025-08360.pdf\" target=\"_blank\" rel=\"noopener\">Consulta aqu\u00ed toda la informaci\u00f3n<\/a><\/p>\t\t\t\t\t\t\t\t<\/div>\n\t\t\t\t<\/div>\n\t\t\t\t\t<\/div>\n\t\t<\/div>\n\t\t\t\t\t<\/div>\n\t\t<\/section>\n\t\t\t\t<section class=\"elementor-section elementor-top-section elementor-element elementor-element-d680583 elementor-section-boxed elementor-section-height-default elementor-section-height-default\" data-id=\"d680583\" data-element_type=\"section\">\n\t\t\t\t\t\t<div class=\"elementor-container elementor-column-gap-default\">\n\t\t\t\t\t<div class=\"elementor-column elementor-col-100 elementor-top-column elementor-element elementor-element-1d8d887\" data-id=\"1d8d887\" data-element_type=\"column\">\n\t\t\t<div class=\"elementor-widget-wrap elementor-element-populated\">\n\t\t\t\t\t\t<div class=\"elementor-element elementor-element-6ec5f5c elementor-widget elementor-widget-text-editor\" data-id=\"6ec5f5c\" data-element_type=\"widget\" data-widget_type=\"text-editor.default\">\n\t\t\t\t<div class=\"elementor-widget-container\">\n\t\t\t\t\t\t\t\t\t<p class=\"p1\">Disclaimer\/aviso:<\/p><p class=\"p1\">La informaci\u00f3n provista en los post del blog de Formantia no constituye ni pretende constituir asesoramiento legal personalizado; toda la informaci\u00f3n facilitada es solo para fines informativos generales y pueden no constituir informaci\u00f3n exhaustiva.<\/p><p class=\"p1\">En la medida que el blog contenga enlaces a otros contenidos de terceros, dichos enlaces son solo para la ampliar la informaci\u00f3n del lector, usuario o navegador; Formantia no recomienda ni respalda dicho contenido.<\/p><p class=\"p1\">Se renuncia expresamente a toda responsabilidad con respecto a las acciones tomadas o no tomadas en base al contenido de los post del blog.<\/p>\t\t\t\t\t\t\t\t<\/div>\n\t\t\t\t<\/div>\n\t\t\t\t\t<\/div>\n\t\t<\/div>\n\t\t\t\t\t<\/div>\n\t\t<\/section>\n\t\t\t\t<\/div>\n\t\t","protected":false},"excerpt":{"rendered":"<p>Resoluci\u00f3n de 2 de octubre de 2025, de la Direcci\u00f3n de Profesionales del Servicio de Salud del Principado de Asturias, por la que se acuerda la designaci\u00f3n de un Asesor para el Tribunal de selecci\u00f3n del proceso selectivo para el acceso a plazas de personal estatutario fijo de la Categor\u00eda de Higienista Dental, convocado por [&hellip;]<\/p>\n","protected":false},"author":16,"featured_media":45295,"comment_status":"closed","ping_status":"open","sticky":false,"template":"","format":"standard","meta":{"_seopress_robots_primary_cat":"none","footnotes":""},"categories":[186],"tags":[190],"class_list":["post-45310","post","type-post","status-publish","format-standard","has-post-thumbnail","hentry","category-noticias","tag-thb","entry"],"_links":{"self":[{"href":"https:\/\/formantia.es\/blog\/wp-json\/wp\/v2\/posts\/45310","targetHints":{"allow":["GET"]}}],"collection":[{"href":"https:\/\/formantia.es\/blog\/wp-json\/wp\/v2\/posts"}],"about":[{"href":"https:\/\/formantia.es\/blog\/wp-json\/wp\/v2\/types\/post"}],"author":[{"embeddable":true,"href":"https:\/\/formantia.es\/blog\/wp-json\/wp\/v2\/users\/16"}],"replies":[{"embeddable":true,"href":"https:\/\/formantia.es\/blog\/wp-json\/wp\/v2\/comments?post=45310"}],"version-history":[{"count":8,"href":"https:\/\/formantia.es\/blog\/wp-json\/wp\/v2\/posts\/45310\/revisions"}],"predecessor-version":[{"id":45320,"href":"https:\/\/formantia.es\/blog\/wp-json\/wp\/v2\/posts\/45310\/revisions\/45320"}],"wp:featuredmedia":[{"embeddable":true,"href":"https:\/\/formantia.es\/blog\/wp-json\/wp\/v2\/media\/45295"}],"wp:attachment":[{"href":"https:\/\/formantia.es\/blog\/wp-json\/wp\/v2\/media?parent=45310"}],"wp:term":[{"taxonomy":"category","embeddable":true,"href":"https:\/\/formantia.es\/blog\/wp-json\/wp\/v2\/categories?post=45310"},{"taxonomy":"post_tag","embeddable":true,"href":"https:\/\/formantia.es\/blog\/wp-json\/wp\/v2\/tags?post=45310"}],"curies":[{"name":"wp","href":"https:\/\/api.w.org\/{rel}","templated":true}]}}