{"id":45287,"date":"2025-10-17T12:17:39","date_gmt":"2025-10-17T10:17:39","guid":{"rendered":"https:\/\/formantia.es\/blog\/?p=45287"},"modified":"2025-10-17T12:17:39","modified_gmt":"2025-10-17T10:17:39","slug":"tel-tecnico-superior-laboratorio-asturias-servicio-de-salud-del-principado-adjudicacion-de-destinos-en-el-proceso-de-movilidad-voluntaria-17-10-2025","status":"publish","type":"post","link":"https:\/\/formantia.es\/blog\/tel-tecnico-superior-laboratorio-asturias-servicio-de-salud-del-principado-adjudicacion-de-destinos-en-el-proceso-de-movilidad-voluntaria-17-10-2025\/","title":{"rendered":"El Servicio de Salud del Principado de Asturias hace p\u00fablico el listado definitivo de puntuaciones y adjudicaciones de destinos en el proceso de movilidad voluntaria de TEL &#8211; T\u00e9cnico Superior Laboratorio"},"content":{"rendered":"\t\t<div data-elementor-type=\"wp-post\" data-elementor-id=\"45287\" class=\"elementor elementor-45287\" data-elementor-post-type=\"post\">\n\t\t\t\t\t\t<section class=\"elementor-section elementor-top-section elementor-element elementor-element-e2b1c3d elementor-section-boxed elementor-section-height-default elementor-section-height-default\" data-id=\"e2b1c3d\" data-element_type=\"section\">\n\t\t\t\t\t\t<div class=\"elementor-container elementor-column-gap-default\">\n\t\t\t\t\t<div class=\"elementor-column elementor-col-100 elementor-top-column elementor-element elementor-element-51689e6\" data-id=\"51689e6\" data-element_type=\"column\">\n\t\t\t<div class=\"elementor-widget-wrap elementor-element-populated\">\n\t\t\t\t\t\t<div class=\"elementor-element elementor-element-96698cd elementor-widget elementor-widget-text-editor\" data-id=\"96698cd\" data-element_type=\"widget\" data-widget_type=\"text-editor.default\">\n\t\t\t\t<div class=\"elementor-widget-container\">\n\t\t\t\t\t\t\t\t\t<p><em>Resoluci\u00f3n de 26 de septiembre de 2025, de la Direcci\u00f3n Gerencia del Servicio de Salud del Principado de Asturias, por la que se hace p\u00fablico el listado definitivo de puntuaciones y adjudicaciones de destinos funcionales en el proceso de movilidad voluntaria abierto y peri\u00f3dico, para el acceso a plazas estatutarias de la Categor\u00eda de T\u00e9cnico Especialista en Laboratorio.<\/em><\/p>\t\t\t\t\t\t\t\t<\/div>\n\t\t\t\t<\/div>\n\t\t\t\t\t<\/div>\n\t\t<\/div>\n\t\t\t\t\t<\/div>\n\t\t<\/section>\n\t\t\t\t<section class=\"elementor-section elementor-top-section elementor-element elementor-element-231aeb1 elementor-section-boxed elementor-section-height-default elementor-section-height-default\" data-id=\"231aeb1\" data-element_type=\"section\">\n\t\t\t\t\t\t<div class=\"elementor-container elementor-column-gap-default\">\n\t\t\t\t\t<div class=\"elementor-column elementor-col-100 elementor-top-column elementor-element elementor-element-f27b19d\" data-id=\"f27b19d\" data-element_type=\"column\">\n\t\t\t<div class=\"elementor-widget-wrap elementor-element-populated\">\n\t\t\t\t\t\t<div class=\"elementor-element elementor-element-b348d8f elementor-widget elementor-widget-text-editor\" data-id=\"b348d8f\" data-element_type=\"widget\" data-widget_type=\"text-editor.default\">\n\t\t\t\t<div class=\"elementor-widget-container\">\n\t\t\t\t\t\t\t\t\t<p>\ud83d\udc49 <a href=\"https:\/\/miprincipado.asturias.es\/bopa\/2025\/10\/17\/2025-08358.pdf\" target=\"_blank\" rel=\"noopener\">Consulta aqu\u00ed toda la informaci\u00f3n<\/a><\/p>\t\t\t\t\t\t\t\t<\/div>\n\t\t\t\t<\/div>\n\t\t\t\t\t<\/div>\n\t\t<\/div>\n\t\t\t\t\t<\/div>\n\t\t<\/section>\n\t\t\t\t<section class=\"elementor-section elementor-top-section elementor-element elementor-element-0ac71ed elementor-section-boxed elementor-section-height-default elementor-section-height-default\" data-id=\"0ac71ed\" data-element_type=\"section\">\n\t\t\t\t\t\t<div class=\"elementor-container elementor-column-gap-default\">\n\t\t\t\t\t<div class=\"elementor-column elementor-col-100 elementor-top-column elementor-element elementor-element-eecbba6\" data-id=\"eecbba6\" data-element_type=\"column\">\n\t\t\t<div class=\"elementor-widget-wrap elementor-element-populated\">\n\t\t\t\t\t\t<div class=\"elementor-element elementor-element-74afb17 elementor-widget elementor-widget-heading\" data-id=\"74afb17\" data-element_type=\"widget\" data-widget_type=\"heading.default\">\n\t\t\t\t<div class=\"elementor-widget-container\">\n\t\t\t\t\t<h3 class=\"elementor-heading-title elementor-size-default\">Plazos<\/h3>\t\t\t\t<\/div>\n\t\t\t\t<\/div>\n\t\t\t\t\t<\/div>\n\t\t<\/div>\n\t\t\t\t\t<\/div>\n\t\t<\/section>\n\t\t\t\t<section class=\"elementor-section elementor-top-section elementor-element elementor-element-b6c3ef8 elementor-section-boxed elementor-section-height-default elementor-section-height-default\" data-id=\"b6c3ef8\" data-element_type=\"section\">\n\t\t\t\t\t\t<div class=\"elementor-container elementor-column-gap-default\">\n\t\t\t\t\t<div class=\"elementor-column elementor-col-100 elementor-top-column elementor-element elementor-element-9d7b725\" data-id=\"9d7b725\" data-element_type=\"column\">\n\t\t\t<div class=\"elementor-widget-wrap elementor-element-populated\">\n\t\t\t\t\t\t<div class=\"elementor-element elementor-element-61adc9d elementor-widget elementor-widget-text-editor\" data-id=\"61adc9d\" data-element_type=\"widget\" data-widget_type=\"text-editor.default\">\n\t\t\t\t<div class=\"elementor-widget-container\">\n\t\t\t\t\t\t\t\t\t<p>Los concursantes que obtengan plaza cesar\u00e1n en la que, en su caso desempe\u00f1en, al tercer d\u00eda h\u00e1bil siguiente a la publicaci\u00f3n de la presente Resoluci\u00f3n.<\/p><p>La toma de posesi\u00f3n de la nueva plaza deber\u00e1 efectuarse dentro de los tres d\u00edas siguientes al del cese, si las plazas radican en el mismo concejo, o de siete d\u00edas h\u00e1biles al del cese, si la plaza radica en distinto concejo.<\/p>\t\t\t\t\t\t\t\t<\/div>\n\t\t\t\t<\/div>\n\t\t\t\t\t<\/div>\n\t\t<\/div>\n\t\t\t\t\t<\/div>\n\t\t<\/section>\n\t\t\t\t<section class=\"elementor-section elementor-top-section elementor-element elementor-element-06b15f8 elementor-section-boxed elementor-section-height-default elementor-section-height-default\" data-id=\"06b15f8\" data-element_type=\"section\">\n\t\t\t\t\t\t<div class=\"elementor-container elementor-column-gap-default\">\n\t\t\t\t\t<div class=\"elementor-column elementor-col-100 elementor-top-column elementor-element elementor-element-c07f20c\" data-id=\"c07f20c\" data-element_type=\"column\">\n\t\t\t<div class=\"elementor-widget-wrap elementor-element-populated\">\n\t\t\t\t\t\t<div class=\"elementor-element elementor-element-e35b945 elementor-widget elementor-widget-text-editor\" data-id=\"e35b945\" data-element_type=\"widget\" data-widget_type=\"text-editor.default\">\n\t\t\t\t<div class=\"elementor-widget-container\">\n\t\t\t\t\t\t\t\t\t<p class=\"p1\">Disclaimer\/aviso:<\/p><p class=\"p1\">La informaci\u00f3n provista en los post del blog de Formantia no constituye ni pretende constituir asesoramiento legal personalizado; toda la informaci\u00f3n facilitada es solo para fines informativos generales y pueden no constituir informaci\u00f3n exhaustiva.<\/p><p class=\"p1\">En la medida que el blog contenga enlaces a otros contenidos de terceros, dichos enlaces son solo para la ampliar la informaci\u00f3n del lector, usuario o navegador; Formantia no recomienda ni respalda dicho contenido.<\/p><p class=\"p1\">Se renuncia expresamente a toda responsabilidad con respecto a las acciones tomadas o no tomadas en base al contenido de los post del blog.<\/p>\t\t\t\t\t\t\t\t<\/div>\n\t\t\t\t<\/div>\n\t\t\t\t\t<\/div>\n\t\t<\/div>\n\t\t\t\t\t<\/div>\n\t\t<\/section>\n\t\t\t\t<\/div>\n\t\t","protected":false},"excerpt":{"rendered":"<p>Resoluci\u00f3n de 26 de septiembre de 2025, de la Direcci\u00f3n Gerencia del Servicio de Salud del Principado de Asturias, por la que se hace p\u00fablico el listado definitivo de puntuaciones y adjudicaciones de destinos funcionales en el proceso de movilidad voluntaria abierto y peri\u00f3dico, para el acceso a plazas estatutarias de la Categor\u00eda de T\u00e9cnico [&hellip;]<\/p>\n","protected":false},"author":16,"featured_media":45291,"comment_status":"closed","ping_status":"open","sticky":false,"template":"","format":"standard","meta":{"_seopress_robots_primary_cat":"none","footnotes":""},"categories":[186],"tags":[42],"class_list":["post-45287","post","type-post","status-publish","format-standard","has-post-thumbnail","hentry","category-noticias","tag-tel","entry"],"_links":{"self":[{"href":"https:\/\/formantia.es\/blog\/wp-json\/wp\/v2\/posts\/45287","targetHints":{"allow":["GET"]}}],"collection":[{"href":"https:\/\/formantia.es\/blog\/wp-json\/wp\/v2\/posts"}],"about":[{"href":"https:\/\/formantia.es\/blog\/wp-json\/wp\/v2\/types\/post"}],"author":[{"embeddable":true,"href":"https:\/\/formantia.es\/blog\/wp-json\/wp\/v2\/users\/16"}],"replies":[{"embeddable":true,"href":"https:\/\/formantia.es\/blog\/wp-json\/wp\/v2\/comments?post=45287"}],"version-history":[{"count":5,"href":"https:\/\/formantia.es\/blog\/wp-json\/wp\/v2\/posts\/45287\/revisions"}],"predecessor-version":[{"id":45301,"href":"https:\/\/formantia.es\/blog\/wp-json\/wp\/v2\/posts\/45287\/revisions\/45301"}],"wp:featuredmedia":[{"embeddable":true,"href":"https:\/\/formantia.es\/blog\/wp-json\/wp\/v2\/media\/45291"}],"wp:attachment":[{"href":"https:\/\/formantia.es\/blog\/wp-json\/wp\/v2\/media?parent=45287"}],"wp:term":[{"taxonomy":"category","embeddable":true,"href":"https:\/\/formantia.es\/blog\/wp-json\/wp\/v2\/categories?post=45287"},{"taxonomy":"post_tag","embeddable":true,"href":"https:\/\/formantia.es\/blog\/wp-json\/wp\/v2\/tags?post=45287"}],"curies":[{"name":"wp","href":"https:\/\/api.w.org\/{rel}","templated":true}]}}