{"id":45265,"date":"2025-10-16T09:29:48","date_gmt":"2025-10-16T07:29:48","guid":{"rendered":"https:\/\/formantia.es\/blog\/?p=45265"},"modified":"2025-10-17T09:30:06","modified_gmt":"2025-10-17T07:30:06","slug":"enfermeria-asturias-servicio-de-salud-del-principado-convocatoria-una-plaza-temporal-equipo-apoyo-cuidados-paliativos-16-10-2025","status":"publish","type":"post","link":"https:\/\/formantia.es\/blog\/enfermeria-asturias-servicio-de-salud-del-principado-convocatoria-una-plaza-temporal-equipo-apoyo-cuidados-paliativos-16-10-2025\/","title":{"rendered":"El Servicio de Salud del Principado de Asturias convoca una plaza temporal de Enfermer\u00eda en el Equipo de Apoyo en Cuidados Paliativos"},"content":{"rendered":"\t\t<div data-elementor-type=\"wp-post\" data-elementor-id=\"45265\" class=\"elementor elementor-45265\" data-elementor-post-type=\"post\">\n\t\t\t\t\t\t<section class=\"elementor-section elementor-top-section elementor-element elementor-element-e7aa4dd elementor-section-boxed elementor-section-height-default elementor-section-height-default\" data-id=\"e7aa4dd\" data-element_type=\"section\">\n\t\t\t\t\t\t<div class=\"elementor-container elementor-column-gap-default\">\n\t\t\t\t\t<div class=\"elementor-column elementor-col-100 elementor-top-column elementor-element elementor-element-9dfc451\" data-id=\"9dfc451\" data-element_type=\"column\">\n\t\t\t<div class=\"elementor-widget-wrap elementor-element-populated\">\n\t\t\t\t\t\t<div class=\"elementor-element elementor-element-84e05d4 elementor-widget elementor-widget-text-editor\" data-id=\"84e05d4\" data-element_type=\"widget\" data-widget_type=\"text-editor.default\">\n\t\t\t\t<div class=\"elementor-widget-container\">\n\t\t\t\t\t\t\t\t\t<p><em>Resoluci\u00f3n de 3 de octubre de 2025, de la Gerencia del \u00c1rea Sanitaria I del Servicio de Salud del Principado de Asturias, por la que se efect\u00faa convocatoria p\u00fablica para la cobertura temporal de una plaza de Enfermera\/o en el Equipo de Apoyo en Cuidados Paliativos.<\/em><\/p>\t\t\t\t\t\t\t\t<\/div>\n\t\t\t\t<\/div>\n\t\t\t\t\t<\/div>\n\t\t<\/div>\n\t\t\t\t\t<\/div>\n\t\t<\/section>\n\t\t\t\t<section class=\"elementor-section elementor-top-section elementor-element elementor-element-3570f32 elementor-section-boxed elementor-section-height-default elementor-section-height-default\" data-id=\"3570f32\" data-element_type=\"section\">\n\t\t\t\t\t\t<div class=\"elementor-container elementor-column-gap-default\">\n\t\t\t\t\t<div class=\"elementor-column elementor-col-100 elementor-top-column elementor-element elementor-element-c295642\" data-id=\"c295642\" data-element_type=\"column\">\n\t\t\t<div class=\"elementor-widget-wrap elementor-element-populated\">\n\t\t\t\t\t\t<div class=\"elementor-element elementor-element-052c855 elementor-widget elementor-widget-text-editor\" data-id=\"052c855\" data-element_type=\"widget\" data-widget_type=\"text-editor.default\">\n\t\t\t\t<div class=\"elementor-widget-container\">\n\t\t\t\t\t\t\t\t\t<p>\ud83d\udc49 <a href=\"https:\/\/miprincipado.asturias.es\/bopa\/2025\/10\/16\/2025-08277.pdf\" target=\"_blank\" rel=\"noopener\">Consulta aqu\u00ed toda la informaci\u00f3n<\/a><\/p>\t\t\t\t\t\t\t\t<\/div>\n\t\t\t\t<\/div>\n\t\t\t\t\t<\/div>\n\t\t<\/div>\n\t\t\t\t\t<\/div>\n\t\t<\/section>\n\t\t\t\t<section class=\"elementor-section elementor-top-section elementor-element elementor-element-b402c16 elementor-section-boxed elementor-section-height-default elementor-section-height-default\" data-id=\"b402c16\" data-element_type=\"section\">\n\t\t\t\t\t\t<div class=\"elementor-container elementor-column-gap-default\">\n\t\t\t\t\t<div class=\"elementor-column elementor-col-100 elementor-top-column elementor-element elementor-element-71cbb1e\" data-id=\"71cbb1e\" data-element_type=\"column\">\n\t\t\t<div class=\"elementor-widget-wrap elementor-element-populated\">\n\t\t\t\t\t\t<div class=\"elementor-element elementor-element-02c150c elementor-widget elementor-widget-text-editor\" data-id=\"02c150c\" data-element_type=\"widget\" data-widget_type=\"text-editor.default\">\n\t\t\t\t<div class=\"elementor-widget-container\">\n\t\t\t\t\t\t\t\t\t<p>Se convoca la cobertura temporal de un puesto de Enfermer\u00eda en el Equipo de Apoyo de Cuidados Paliativos del \u00c1rea Sanitaria I, para dar cobertura a las necesidades generadas.<\/p>\t\t\t\t\t\t\t\t<\/div>\n\t\t\t\t<\/div>\n\t\t\t\t\t<\/div>\n\t\t<\/div>\n\t\t\t\t\t<\/div>\n\t\t<\/section>\n\t\t\t\t<section class=\"elementor-section elementor-top-section elementor-element elementor-element-ec18c88 elementor-section-boxed elementor-section-height-default elementor-section-height-default\" data-id=\"ec18c88\" data-element_type=\"section\">\n\t\t\t\t\t\t<div class=\"elementor-container elementor-column-gap-default\">\n\t\t\t\t\t<div class=\"elementor-column elementor-col-100 elementor-top-column elementor-element elementor-element-a5b7eb7\" data-id=\"a5b7eb7\" data-element_type=\"column\">\n\t\t\t<div class=\"elementor-widget-wrap elementor-element-populated\">\n\t\t\t\t\t\t<div class=\"elementor-element elementor-element-353b66f elementor-widget elementor-widget-heading\" data-id=\"353b66f\" data-element_type=\"widget\" data-widget_type=\"heading.default\">\n\t\t\t\t<div class=\"elementor-widget-container\">\n\t\t\t\t\t<h3 class=\"elementor-heading-title elementor-size-default\">Plazo<\/h3>\t\t\t\t<\/div>\n\t\t\t\t<\/div>\n\t\t\t\t\t<\/div>\n\t\t<\/div>\n\t\t\t\t\t<\/div>\n\t\t<\/section>\n\t\t\t\t<section class=\"elementor-section elementor-top-section elementor-element elementor-element-5a73e43 elementor-section-boxed elementor-section-height-default elementor-section-height-default\" data-id=\"5a73e43\" data-element_type=\"section\">\n\t\t\t\t\t\t<div class=\"elementor-container elementor-column-gap-default\">\n\t\t\t\t\t<div class=\"elementor-column elementor-col-100 elementor-top-column elementor-element elementor-element-2d6c0fc\" data-id=\"2d6c0fc\" data-element_type=\"column\">\n\t\t\t<div class=\"elementor-widget-wrap elementor-element-populated\">\n\t\t\t\t\t\t<div class=\"elementor-element elementor-element-7638350 elementor-widget elementor-widget-text-editor\" data-id=\"7638350\" data-element_type=\"widget\" data-widget_type=\"text-editor.default\">\n\t\t\t\t<div class=\"elementor-widget-container\">\n\t\t\t\t\t\t\t\t\t<p>El plazo de presentaci\u00f3n de solicitudes ser\u00e1 de 20 d\u00edas h\u00e1biles, contados a partir del d\u00eda siguiente al de la publicaci\u00f3n de la presente resoluci\u00f3n.<\/p>\t\t\t\t\t\t\t\t<\/div>\n\t\t\t\t<\/div>\n\t\t\t\t\t<\/div>\n\t\t<\/div>\n\t\t\t\t\t<\/div>\n\t\t<\/section>\n\t\t\t\t<section class=\"elementor-section elementor-top-section elementor-element elementor-element-38c4834 elementor-section-boxed elementor-section-height-default elementor-section-height-default\" data-id=\"38c4834\" data-element_type=\"section\">\n\t\t\t\t\t\t<div class=\"elementor-container elementor-column-gap-default\">\n\t\t\t\t\t<div class=\"elementor-column elementor-col-100 elementor-top-column elementor-element elementor-element-5fac531\" data-id=\"5fac531\" data-element_type=\"column\">\n\t\t\t<div class=\"elementor-widget-wrap elementor-element-populated\">\n\t\t\t\t\t\t<div class=\"elementor-element elementor-element-fa04316 elementor-widget elementor-widget-heading\" data-id=\"fa04316\" data-element_type=\"widget\" data-widget_type=\"heading.default\">\n\t\t\t\t<div class=\"elementor-widget-container\">\n\t\t\t\t\t<h3 class=\"elementor-heading-title elementor-size-default\">Procedimiento de Selecci\u00f3n<\/h3>\t\t\t\t<\/div>\n\t\t\t\t<\/div>\n\t\t\t\t\t<\/div>\n\t\t<\/div>\n\t\t\t\t\t<\/div>\n\t\t<\/section>\n\t\t\t\t<section class=\"elementor-section elementor-top-section elementor-element elementor-element-283019c elementor-section-boxed elementor-section-height-default elementor-section-height-default\" data-id=\"283019c\" data-element_type=\"section\">\n\t\t\t\t\t\t<div class=\"elementor-container elementor-column-gap-default\">\n\t\t\t\t\t<div class=\"elementor-column elementor-col-100 elementor-top-column elementor-element elementor-element-3313e64\" data-id=\"3313e64\" data-element_type=\"column\">\n\t\t\t<div class=\"elementor-widget-wrap elementor-element-populated\">\n\t\t\t\t\t\t<div class=\"elementor-element elementor-element-e61829e elementor-widget elementor-widget-text-editor\" data-id=\"e61829e\" data-element_type=\"widget\" data-widget_type=\"text-editor.default\">\n\t\t\t\t<div class=\"elementor-widget-container\">\n\t\t\t\t\t\t\t\t\t<ul><li>Baremo General de M\u00e9ritos (60%). Evaluaci\u00f3n del curr\u00edculum profesional de los aspirantes de acuerdo con el baremo establecido en el anexo I.<\/li><li>Baremo espec\u00edfico de m\u00e9ritos (40%). Se evaluar\u00e1n como m\u00e9ritos espec\u00edficos para el desempe\u00f1o de la plaza convocada, el conocimiento, experiencia y formaci\u00f3n en \u00e1reas asistenciales relacionadas con los cuidados paliativos. Se ajunta a la convocatoria como anexo III.<\/li><\/ul>\t\t\t\t\t\t\t\t<\/div>\n\t\t\t\t<\/div>\n\t\t\t\t\t<\/div>\n\t\t<\/div>\n\t\t\t\t\t<\/div>\n\t\t<\/section>\n\t\t\t\t<section class=\"elementor-section elementor-top-section elementor-element elementor-element-ce37c6d elementor-section-boxed elementor-section-height-default elementor-section-height-default\" data-id=\"ce37c6d\" data-element_type=\"section\">\n\t\t\t\t\t\t<div class=\"elementor-container elementor-column-gap-default\">\n\t\t\t\t\t<div class=\"elementor-column elementor-col-100 elementor-top-column elementor-element elementor-element-fc5b1df\" data-id=\"fc5b1df\" data-element_type=\"column\">\n\t\t\t<div class=\"elementor-widget-wrap elementor-element-populated\">\n\t\t\t\t\t\t<div class=\"elementor-element elementor-element-a23b47f elementor-widget elementor-widget-text-editor\" data-id=\"a23b47f\" data-element_type=\"widget\" data-widget_type=\"text-editor.default\">\n\t\t\t\t<div class=\"elementor-widget-container\">\n\t\t\t\t\t\t\t\t\t<p class=\"p1\">Disclaimer\/aviso:<\/p><p class=\"p1\">La informaci\u00f3n provista en los post del blog de Formantia no constituye ni pretende constituir asesoramiento legal personalizado; toda la informaci\u00f3n facilitada es solo para fines informativos generales y pueden no constituir informaci\u00f3n exhaustiva.<\/p><p class=\"p1\">En la medida que el blog contenga enlaces a otros contenidos de terceros, dichos enlaces son solo para la ampliar la informaci\u00f3n del lector, usuario o navegador; Formantia no recomienda ni respalda dicho contenido.<\/p><p class=\"p1\">Se renuncia expresamente a toda responsabilidad con respecto a las acciones tomadas o no tomadas en base al contenido de los post del blog.<\/p>\t\t\t\t\t\t\t\t<\/div>\n\t\t\t\t<\/div>\n\t\t\t\t\t<\/div>\n\t\t<\/div>\n\t\t\t\t\t<\/div>\n\t\t<\/section>\n\t\t\t\t<\/div>\n\t\t","protected":false},"excerpt":{"rendered":"<p>Resoluci\u00f3n de 3 de octubre de 2025, de la Gerencia del \u00c1rea Sanitaria I del Servicio de Salud del Principado de Asturias, por la que se efect\u00faa convocatoria p\u00fablica para la cobertura temporal de una plaza de Enfermera\/o en el Equipo de Apoyo en Cuidados Paliativos. \ud83d\udc49 Consulta aqu\u00ed toda la informaci\u00f3n Se convoca la [&hellip;]<\/p>\n","protected":false},"author":16,"featured_media":45257,"comment_status":"closed","ping_status":"open","sticky":false,"template":"","format":"standard","meta":{"_seopress_robots_primary_cat":"none","footnotes":""},"categories":[184],"tags":[23],"class_list":["post-45265","post","type-post","status-publish","format-standard","has-post-thumbnail","hentry","category-convocatorias","tag-enfermeria","entry"],"_links":{"self":[{"href":"https:\/\/formantia.es\/blog\/wp-json\/wp\/v2\/posts\/45265","targetHints":{"allow":["GET"]}}],"collection":[{"href":"https:\/\/formantia.es\/blog\/wp-json\/wp\/v2\/posts"}],"about":[{"href":"https:\/\/formantia.es\/blog\/wp-json\/wp\/v2\/types\/post"}],"author":[{"embeddable":true,"href":"https:\/\/formantia.es\/blog\/wp-json\/wp\/v2\/users\/16"}],"replies":[{"embeddable":true,"href":"https:\/\/formantia.es\/blog\/wp-json\/wp\/v2\/comments?post=45265"}],"version-history":[{"count":10,"href":"https:\/\/formantia.es\/blog\/wp-json\/wp\/v2\/posts\/45265\/revisions"}],"predecessor-version":[{"id":45277,"href":"https:\/\/formantia.es\/blog\/wp-json\/wp\/v2\/posts\/45265\/revisions\/45277"}],"wp:featuredmedia":[{"embeddable":true,"href":"https:\/\/formantia.es\/blog\/wp-json\/wp\/v2\/media\/45257"}],"wp:attachment":[{"href":"https:\/\/formantia.es\/blog\/wp-json\/wp\/v2\/media?parent=45265"}],"wp:term":[{"taxonomy":"category","embeddable":true,"href":"https:\/\/formantia.es\/blog\/wp-json\/wp\/v2\/categories?post=45265"},{"taxonomy":"post_tag","embeddable":true,"href":"https:\/\/formantia.es\/blog\/wp-json\/wp\/v2\/tags?post=45265"}],"curies":[{"name":"wp","href":"https:\/\/api.w.org\/{rel}","templated":true}]}}