{"id":45254,"date":"2025-10-16T09:24:31","date_gmt":"2025-10-16T07:24:31","guid":{"rendered":"https:\/\/formantia.es\/blog\/?p=45254"},"modified":"2025-10-17T09:30:12","modified_gmt":"2025-10-17T07:30:12","slug":"enfermeria-asturias-servicio-de-salud-del-principado-adjudicacion-de-destinos-en-el-proceso-de-movilidad-voluntaria-16-10-2025","status":"publish","type":"post","link":"https:\/\/formantia.es\/blog\/enfermeria-asturias-servicio-de-salud-del-principado-adjudicacion-de-destinos-en-el-proceso-de-movilidad-voluntaria-16-10-2025\/","title":{"rendered":"El Servicio de Salud del Principado de Asturias hace p\u00fablico el listado definitivo de puntuaciones y adjudicaciones de destinos en el proceso de movilidad voluntaria de Enfermer\u00eda"},"content":{"rendered":"\t\t<div data-elementor-type=\"wp-post\" data-elementor-id=\"45254\" class=\"elementor elementor-45254\" data-elementor-post-type=\"post\">\n\t\t\t\t\t\t<section class=\"elementor-section elementor-top-section elementor-element elementor-element-3f1dd8b elementor-section-boxed elementor-section-height-default elementor-section-height-default\" data-id=\"3f1dd8b\" data-element_type=\"section\">\n\t\t\t\t\t\t<div class=\"elementor-container elementor-column-gap-default\">\n\t\t\t\t\t<div class=\"elementor-column elementor-col-100 elementor-top-column elementor-element elementor-element-ad48804\" data-id=\"ad48804\" data-element_type=\"column\">\n\t\t\t<div class=\"elementor-widget-wrap elementor-element-populated\">\n\t\t\t\t\t\t<div class=\"elementor-element elementor-element-5e59e30 elementor-widget elementor-widget-text-editor\" data-id=\"5e59e30\" data-element_type=\"widget\" data-widget_type=\"text-editor.default\">\n\t\t\t\t<div class=\"elementor-widget-container\">\n\t\t\t\t\t\t\t\t\t<p><em>Resoluci\u00f3n de 26 de septiembre de 2025, de la Direcci\u00f3n Gerencia del Servicio de Salud del Principado de Asturias, por la que se hace p\u00fablico el listado definitivo de puntuaciones y adjudicaciones de destinos funcionales en el proceso de movilidad voluntaria abierto y peri\u00f3dico, para el acceso a plazas estatutarias de la categor\u00eda de Enfermero\/a.<\/em><\/p>\t\t\t\t\t\t\t\t<\/div>\n\t\t\t\t<\/div>\n\t\t\t\t\t<\/div>\n\t\t<\/div>\n\t\t\t\t\t<\/div>\n\t\t<\/section>\n\t\t\t\t<section class=\"elementor-section elementor-top-section elementor-element elementor-element-a05f4c8 elementor-section-boxed elementor-section-height-default elementor-section-height-default\" data-id=\"a05f4c8\" data-element_type=\"section\">\n\t\t\t\t\t\t<div class=\"elementor-container elementor-column-gap-default\">\n\t\t\t\t\t<div class=\"elementor-column elementor-col-100 elementor-top-column elementor-element elementor-element-0403523\" data-id=\"0403523\" data-element_type=\"column\">\n\t\t\t<div class=\"elementor-widget-wrap elementor-element-populated\">\n\t\t\t\t\t\t<div class=\"elementor-element elementor-element-dca81ea elementor-widget elementor-widget-text-editor\" data-id=\"dca81ea\" data-element_type=\"widget\" data-widget_type=\"text-editor.default\">\n\t\t\t\t<div class=\"elementor-widget-container\">\n\t\t\t\t\t\t\t\t\t<p>\ud83d\udc49 <a href=\"https:\/\/miprincipado.asturias.es\/bopa\/2025\/10\/16\/2025-08280.pdf\" target=\"_blank\" rel=\"noopener\">Consulta aqu\u00ed toda la informaci\u00f3n<\/a><\/p>\t\t\t\t\t\t\t\t<\/div>\n\t\t\t\t<\/div>\n\t\t\t\t\t<\/div>\n\t\t<\/div>\n\t\t\t\t\t<\/div>\n\t\t<\/section>\n\t\t\t\t<section class=\"elementor-section elementor-top-section elementor-element elementor-element-dbd6e68 elementor-section-boxed elementor-section-height-default elementor-section-height-default\" data-id=\"dbd6e68\" data-element_type=\"section\">\n\t\t\t\t\t\t<div class=\"elementor-container elementor-column-gap-default\">\n\t\t\t\t\t<div class=\"elementor-column elementor-col-100 elementor-top-column elementor-element elementor-element-ec221ee\" data-id=\"ec221ee\" data-element_type=\"column\">\n\t\t\t<div class=\"elementor-widget-wrap elementor-element-populated\">\n\t\t\t\t\t\t<div class=\"elementor-element elementor-element-3795046 elementor-widget elementor-widget-heading\" data-id=\"3795046\" data-element_type=\"widget\" data-widget_type=\"heading.default\">\n\t\t\t\t<div class=\"elementor-widget-container\">\n\t\t\t\t\t<h3 class=\"elementor-heading-title elementor-size-default\">Plazos<\/h3>\t\t\t\t<\/div>\n\t\t\t\t<\/div>\n\t\t\t\t\t<\/div>\n\t\t<\/div>\n\t\t\t\t\t<\/div>\n\t\t<\/section>\n\t\t\t\t<section class=\"elementor-section elementor-top-section elementor-element elementor-element-09be8ec elementor-section-boxed elementor-section-height-default elementor-section-height-default\" data-id=\"09be8ec\" data-element_type=\"section\">\n\t\t\t\t\t\t<div class=\"elementor-container elementor-column-gap-default\">\n\t\t\t\t\t<div class=\"elementor-column elementor-col-100 elementor-top-column elementor-element elementor-element-01af6ea\" data-id=\"01af6ea\" data-element_type=\"column\">\n\t\t\t<div class=\"elementor-widget-wrap elementor-element-populated\">\n\t\t\t\t\t\t<div class=\"elementor-element elementor-element-68e5d38 elementor-widget elementor-widget-text-editor\" data-id=\"68e5d38\" data-element_type=\"widget\" data-widget_type=\"text-editor.default\">\n\t\t\t\t<div class=\"elementor-widget-container\">\n\t\t\t\t\t\t\t\t\t<p>Los concursantes que obtengan plaza cesar\u00e1n en la que, en su caso desempe\u00f1en, al tercer d\u00eda h\u00e1bil siguiente a la publicaci\u00f3n de la presente Resoluci\u00f3n.<\/p><p>La toma de posesi\u00f3n de la nueva plaza deber\u00e1 efectuarse dentro de los tres d\u00edas siguientes al del cese, si las plazas radican en el mismo concejo, o de siete d\u00edas h\u00e1biles al del cese, si la plaza radica en distinto concejo.<\/p>\t\t\t\t\t\t\t\t<\/div>\n\t\t\t\t<\/div>\n\t\t\t\t\t<\/div>\n\t\t<\/div>\n\t\t\t\t\t<\/div>\n\t\t<\/section>\n\t\t\t\t<section class=\"elementor-section elementor-top-section elementor-element elementor-element-1dc0ad4 elementor-section-boxed elementor-section-height-default elementor-section-height-default\" data-id=\"1dc0ad4\" data-element_type=\"section\">\n\t\t\t\t\t\t<div class=\"elementor-container elementor-column-gap-default\">\n\t\t\t\t\t<div class=\"elementor-column elementor-col-100 elementor-top-column elementor-element elementor-element-89ab868\" data-id=\"89ab868\" data-element_type=\"column\">\n\t\t\t<div class=\"elementor-widget-wrap elementor-element-populated\">\n\t\t\t\t\t\t<div class=\"elementor-element elementor-element-a977689 elementor-widget elementor-widget-text-editor\" data-id=\"a977689\" data-element_type=\"widget\" data-widget_type=\"text-editor.default\">\n\t\t\t\t<div class=\"elementor-widget-container\">\n\t\t\t\t\t\t\t\t\t<p class=\"p1\">Disclaimer\/aviso:<\/p><p class=\"p1\">La informaci\u00f3n provista en los post del blog de Formantia no constituye ni pretende constituir asesoramiento legal personalizado; toda la informaci\u00f3n facilitada es solo para fines informativos generales y pueden no constituir informaci\u00f3n exhaustiva.<\/p><p class=\"p1\">En la medida que el blog contenga enlaces a otros contenidos de terceros, dichos enlaces son solo para la ampliar la informaci\u00f3n del lector, usuario o navegador; Formantia no recomienda ni respalda dicho contenido.<\/p><p class=\"p1\">Se renuncia expresamente a toda responsabilidad con respecto a las acciones tomadas o no tomadas en base al contenido de los post del blog.<\/p>\t\t\t\t\t\t\t\t<\/div>\n\t\t\t\t<\/div>\n\t\t\t\t\t<\/div>\n\t\t<\/div>\n\t\t\t\t\t<\/div>\n\t\t<\/section>\n\t\t\t\t<\/div>\n\t\t","protected":false},"excerpt":{"rendered":"<p>Resoluci\u00f3n de 26 de septiembre de 2025, de la Direcci\u00f3n Gerencia del Servicio de Salud del Principado de Asturias, por la que se hace p\u00fablico el listado definitivo de puntuaciones y adjudicaciones de destinos funcionales en el proceso de movilidad voluntaria abierto y peri\u00f3dico, para el acceso a plazas estatutarias de la categor\u00eda de Enfermero\/a. [&hellip;]<\/p>\n","protected":false},"author":16,"featured_media":45258,"comment_status":"closed","ping_status":"open","sticky":false,"template":"","format":"standard","meta":{"_seopress_robots_primary_cat":"none","footnotes":""},"categories":[186],"tags":[23],"class_list":["post-45254","post","type-post","status-publish","format-standard","has-post-thumbnail","hentry","category-noticias","tag-enfermeria","entry"],"_links":{"self":[{"href":"https:\/\/formantia.es\/blog\/wp-json\/wp\/v2\/posts\/45254","targetHints":{"allow":["GET"]}}],"collection":[{"href":"https:\/\/formantia.es\/blog\/wp-json\/wp\/v2\/posts"}],"about":[{"href":"https:\/\/formantia.es\/blog\/wp-json\/wp\/v2\/types\/post"}],"author":[{"embeddable":true,"href":"https:\/\/formantia.es\/blog\/wp-json\/wp\/v2\/users\/16"}],"replies":[{"embeddable":true,"href":"https:\/\/formantia.es\/blog\/wp-json\/wp\/v2\/comments?post=45254"}],"version-history":[{"count":6,"href":"https:\/\/formantia.es\/blog\/wp-json\/wp\/v2\/posts\/45254\/revisions"}],"predecessor-version":[{"id":45278,"href":"https:\/\/formantia.es\/blog\/wp-json\/wp\/v2\/posts\/45254\/revisions\/45278"}],"wp:featuredmedia":[{"embeddable":true,"href":"https:\/\/formantia.es\/blog\/wp-json\/wp\/v2\/media\/45258"}],"wp:attachment":[{"href":"https:\/\/formantia.es\/blog\/wp-json\/wp\/v2\/media?parent=45254"}],"wp:term":[{"taxonomy":"category","embeddable":true,"href":"https:\/\/formantia.es\/blog\/wp-json\/wp\/v2\/categories?post=45254"},{"taxonomy":"post_tag","embeddable":true,"href":"https:\/\/formantia.es\/blog\/wp-json\/wp\/v2\/tags?post=45254"}],"curies":[{"name":"wp","href":"https:\/\/api.w.org\/{rel}","templated":true}]}}