{"id":45241,"date":"2025-10-15T11:58:48","date_gmt":"2025-10-15T09:58:48","guid":{"rendered":"https:\/\/formantia.es\/blog\/?p=45241"},"modified":"2025-10-15T11:59:36","modified_gmt":"2025-10-15T09:59:36","slug":"higienista-tecnico-superior-higiene-bucodental-castilla-la-mancha-servicio-de-salud-aprobados-listados-provisionales-admitidos-a-procesos-selectivos-15-10-2025","status":"publish","type":"post","link":"https:\/\/formantia.es\/blog\/higienista-tecnico-superior-higiene-bucodental-castilla-la-mancha-servicio-de-salud-aprobados-listados-provisionales-admitidos-a-procesos-selectivos-15-10-2025\/","title":{"rendered":"El Servicio de Salud de Castilla-La Mancha aprueba los listados provisionales de aspirantes admitidos y excluidos en el proceso selectivo de Higienista \u2013 T\u00e9cnico Superior Higiene Bucodental"},"content":{"rendered":"\t\t<div data-elementor-type=\"wp-post\" data-elementor-id=\"45241\" class=\"elementor elementor-45241\" data-elementor-post-type=\"post\">\n\t\t\t\t\t\t<section class=\"elementor-section elementor-top-section elementor-element elementor-element-ffa199d elementor-section-boxed elementor-section-height-default elementor-section-height-default\" data-id=\"ffa199d\" data-element_type=\"section\">\n\t\t\t\t\t\t<div class=\"elementor-container elementor-column-gap-default\">\n\t\t\t\t\t<div class=\"elementor-column elementor-col-100 elementor-top-column elementor-element elementor-element-578154c\" data-id=\"578154c\" data-element_type=\"column\">\n\t\t\t<div class=\"elementor-widget-wrap elementor-element-populated\">\n\t\t\t\t\t\t<div class=\"elementor-element elementor-element-6cfe8ff elementor-widget elementor-widget-text-editor\" data-id=\"6cfe8ff\" data-element_type=\"widget\" data-widget_type=\"text-editor.default\">\n\t\t\t\t<div class=\"elementor-widget-container\">\n\t\t\t\t\t\t\t\t\t<p><em>Resoluci\u00f3n de 08\/10\/2025, de la Direcci\u00f3n General de Recursos Humanos y Transformaci\u00f3n, por la que se aprueban los listados provisionales de las personas aspirantes admitidas y excluidas en los procesos selectivos convocados por Resoluciones 23\/06\/2025, para el ingreso, por el sistema general de acceso libre, discapacidad general, discapacidad intelectual y promoci\u00f3n interna, en las categor\u00edas y especialidades de personal estatutario del Servicio de Salud de Castilla-La Mancha (OEP 2023 y 2024).<\/em><\/p>\t\t\t\t\t\t\t\t<\/div>\n\t\t\t\t<\/div>\n\t\t\t\t\t<\/div>\n\t\t<\/div>\n\t\t\t\t\t<\/div>\n\t\t<\/section>\n\t\t\t\t<section class=\"elementor-section elementor-top-section elementor-element elementor-element-e6ac9fd elementor-section-boxed elementor-section-height-default elementor-section-height-default\" data-id=\"e6ac9fd\" data-element_type=\"section\">\n\t\t\t\t\t\t<div class=\"elementor-container elementor-column-gap-default\">\n\t\t\t\t\t<div class=\"elementor-column elementor-col-100 elementor-top-column elementor-element elementor-element-522733a\" data-id=\"522733a\" data-element_type=\"column\">\n\t\t\t<div class=\"elementor-widget-wrap elementor-element-populated\">\n\t\t\t\t\t\t<div class=\"elementor-element elementor-element-34c4099 elementor-widget elementor-widget-text-editor\" data-id=\"34c4099\" data-element_type=\"widget\" data-widget_type=\"text-editor.default\">\n\t\t\t\t<div class=\"elementor-widget-container\">\n\t\t\t\t\t\t\t\t\t<p>\ud83d\udc49 <a href=\"https:\/\/docm.jccm.es\/docm\/descargarArchivo.do?ruta=2025\/10\/15\/pdf\/2025_7643.pdf&amp;tipo=rutaDocm\" target=\"_blank\" rel=\"noopener\">Consulta aqu\u00ed toda la informaci\u00f3n<\/a><\/p>\t\t\t\t\t\t\t\t<\/div>\n\t\t\t\t<\/div>\n\t\t\t\t\t<\/div>\n\t\t<\/div>\n\t\t\t\t\t<\/div>\n\t\t<\/section>\n\t\t\t\t<section class=\"elementor-section elementor-top-section elementor-element elementor-element-6697c75 elementor-section-boxed elementor-section-height-default elementor-section-height-default\" data-id=\"6697c75\" data-element_type=\"section\">\n\t\t\t\t\t\t<div class=\"elementor-container elementor-column-gap-default\">\n\t\t\t\t\t<div class=\"elementor-column elementor-col-100 elementor-top-column elementor-element elementor-element-ddd87a8\" data-id=\"ddd87a8\" data-element_type=\"column\">\n\t\t\t<div class=\"elementor-widget-wrap elementor-element-populated\">\n\t\t\t\t\t\t<div class=\"elementor-element elementor-element-24b6b52 elementor-widget elementor-widget-heading\" data-id=\"24b6b52\" data-element_type=\"widget\" data-widget_type=\"heading.default\">\n\t\t\t\t<div class=\"elementor-widget-container\">\n\t\t\t\t\t<h3 class=\"elementor-heading-title elementor-size-default\">Listas provisionales<\/h3>\t\t\t\t<\/div>\n\t\t\t\t<\/div>\n\t\t\t\t\t<\/div>\n\t\t<\/div>\n\t\t\t\t\t<\/div>\n\t\t<\/section>\n\t\t\t\t<section class=\"elementor-section elementor-top-section elementor-element elementor-element-9defcf3 elementor-section-boxed elementor-section-height-default elementor-section-height-default\" data-id=\"9defcf3\" data-element_type=\"section\">\n\t\t\t\t\t\t<div class=\"elementor-container elementor-column-gap-default\">\n\t\t\t\t\t<div class=\"elementor-column elementor-col-100 elementor-top-column elementor-element elementor-element-8937506\" data-id=\"8937506\" data-element_type=\"column\">\n\t\t\t<div class=\"elementor-widget-wrap elementor-element-populated\">\n\t\t\t\t\t\t<div class=\"elementor-element elementor-element-afa3fdf elementor-widget elementor-widget-text-editor\" data-id=\"afa3fdf\" data-element_type=\"widget\" data-widget_type=\"text-editor.default\">\n\t\t\t\t<div class=\"elementor-widget-container\">\n\t\t\t\t\t\t\t\t\t<p>\ud83d\udc49<a href=\"https:\/\/sanidad.castillalamancha.es\/sites\/sescam.castillalamancha.es\/files\/OPE\/admprovlibre_higienista_dental_general.pdf\" target=\"_blank\" rel=\"noopener\">Admitidos Turno Libre<\/a><\/p><p>\ud83d\udc49<a href=\"https:\/\/sanidad.castillalamancha.es\/sites\/sescam.castillalamancha.es\/files\/OPE\/exclprovlibre_higienista_dental_general.pdf\" target=\"_blank\" rel=\"noopener\">Excluidos Turno Libre<\/a><\/p>\t\t\t\t\t\t\t\t<\/div>\n\t\t\t\t<\/div>\n\t\t\t\t\t<\/div>\n\t\t<\/div>\n\t\t\t\t\t<\/div>\n\t\t<\/section>\n\t\t\t\t<section class=\"elementor-section elementor-top-section elementor-element elementor-element-8ca7045 elementor-section-boxed elementor-section-height-default elementor-section-height-default\" data-id=\"8ca7045\" data-element_type=\"section\">\n\t\t\t\t\t\t<div class=\"elementor-container elementor-column-gap-default\">\n\t\t\t\t\t<div class=\"elementor-column elementor-col-100 elementor-top-column elementor-element elementor-element-5c8f17a\" data-id=\"5c8f17a\" data-element_type=\"column\">\n\t\t\t<div class=\"elementor-widget-wrap elementor-element-populated\">\n\t\t\t\t\t\t<div class=\"elementor-element elementor-element-581e8a5 elementor-widget elementor-widget-heading\" data-id=\"581e8a5\" data-element_type=\"widget\" data-widget_type=\"heading.default\">\n\t\t\t\t<div class=\"elementor-widget-container\">\n\t\t\t\t\t<h3 class=\"elementor-heading-title elementor-size-default\">Subsanaciones<\/h3>\t\t\t\t<\/div>\n\t\t\t\t<\/div>\n\t\t\t\t\t<\/div>\n\t\t<\/div>\n\t\t\t\t\t<\/div>\n\t\t<\/section>\n\t\t\t\t<section class=\"elementor-section elementor-top-section elementor-element elementor-element-79e2c1f elementor-section-boxed elementor-section-height-default elementor-section-height-default\" data-id=\"79e2c1f\" data-element_type=\"section\">\n\t\t\t\t\t\t<div class=\"elementor-container elementor-column-gap-default\">\n\t\t\t\t\t<div class=\"elementor-column elementor-col-100 elementor-top-column elementor-element elementor-element-8de7fa6\" data-id=\"8de7fa6\" data-element_type=\"column\">\n\t\t\t<div class=\"elementor-widget-wrap elementor-element-populated\">\n\t\t\t\t\t\t<div class=\"elementor-element elementor-element-7c0c8ea elementor-widget elementor-widget-text-editor\" data-id=\"7c0c8ea\" data-element_type=\"widget\" data-widget_type=\"text-editor.default\">\n\t\t\t\t<div class=\"elementor-widget-container\">\n\t\t\t\t\t\t\t\t\t<p>Las personas aspirantes excluidas provisionalmente disponen de un plazo de 10 d\u00edas h\u00e1biles, a contar desde el siguiente al de publicaci\u00f3n de esta Resoluci\u00f3n, para subsanar los defectos que hayan motivado su exclusi\u00f3n, o su no inclusi\u00f3n expresa en los listados de admitidos o excluidos.<\/p><p>La subsanaci\u00f3n de solicitudes se har\u00e1 desde la <a href=\"https:\/\/www.smlsistemas.es\/sescam2025Alg\/\" target=\"_blank\" rel=\"noopener\">plataforma de gesti\u00f3n de solicitudes del Servicio de Salud de Castilla-La Mancha<\/a>.<\/p>\t\t\t\t\t\t\t\t<\/div>\n\t\t\t\t<\/div>\n\t\t\t\t\t<\/div>\n\t\t<\/div>\n\t\t\t\t\t<\/div>\n\t\t<\/section>\n\t\t\t\t<section class=\"elementor-section elementor-top-section elementor-element elementor-element-a70b754 elementor-section-boxed elementor-section-height-default elementor-section-height-default\" data-id=\"a70b754\" data-element_type=\"section\">\n\t\t\t\t\t\t<div class=\"elementor-container elementor-column-gap-default\">\n\t\t\t\t\t<div class=\"elementor-column elementor-col-100 elementor-top-column elementor-element elementor-element-90cb7ff\" data-id=\"90cb7ff\" data-element_type=\"column\">\n\t\t\t<div class=\"elementor-widget-wrap elementor-element-populated\">\n\t\t\t\t\t\t<div class=\"elementor-element elementor-element-62efaa6 elementor-widget elementor-widget-text-editor\" data-id=\"62efaa6\" data-element_type=\"widget\" data-widget_type=\"text-editor.default\">\n\t\t\t\t<div class=\"elementor-widget-container\">\n\t\t\t\t\t\t\t\t\t<p class=\"p1\">Disclaimer\/aviso:<\/p><p class=\"p1\">La informaci\u00f3n provista en los post del blog de Formantia no constituye ni pretende constituir asesoramiento legal personalizado; toda la informaci\u00f3n facilitada es solo para fines informativos generales y pueden no constituir informaci\u00f3n exhaustiva.<\/p><p class=\"p1\">En la medida que el blog contenga enlaces a otros contenidos de terceros, dichos enlaces son solo para la ampliar la informaci\u00f3n del lector, usuario o navegador; Formantia no recomienda ni respalda dicho contenido.<\/p><p class=\"p1\">Se renuncia expresamente a toda responsabilidad con respecto a las acciones tomadas o no tomadas en base al contenido de los post del blog.<\/p>\t\t\t\t\t\t\t\t<\/div>\n\t\t\t\t<\/div>\n\t\t\t\t\t<\/div>\n\t\t<\/div>\n\t\t\t\t\t<\/div>\n\t\t<\/section>\n\t\t\t\t<\/div>\n\t\t","protected":false},"excerpt":{"rendered":"<p>Resoluci\u00f3n de 08\/10\/2025, de la Direcci\u00f3n General de Recursos Humanos y Transformaci\u00f3n, por la que se aprueban los listados provisionales de las personas aspirantes admitidas y excluidas en los procesos selectivos convocados por Resoluciones 23\/06\/2025, para el ingreso, por el sistema general de acceso libre, discapacidad general, discapacidad intelectual y promoci\u00f3n interna, en las categor\u00edas [&hellip;]<\/p>\n","protected":false},"author":16,"featured_media":45197,"comment_status":"closed","ping_status":"open","sticky":false,"template":"","format":"standard","meta":{"_seopress_robots_primary_cat":"none","footnotes":""},"categories":[186],"tags":[190],"class_list":["post-45241","post","type-post","status-publish","format-standard","has-post-thumbnail","hentry","category-noticias","tag-thb","entry"],"_links":{"self":[{"href":"https:\/\/formantia.es\/blog\/wp-json\/wp\/v2\/posts\/45241","targetHints":{"allow":["GET"]}}],"collection":[{"href":"https:\/\/formantia.es\/blog\/wp-json\/wp\/v2\/posts"}],"about":[{"href":"https:\/\/formantia.es\/blog\/wp-json\/wp\/v2\/types\/post"}],"author":[{"embeddable":true,"href":"https:\/\/formantia.es\/blog\/wp-json\/wp\/v2\/users\/16"}],"replies":[{"embeddable":true,"href":"https:\/\/formantia.es\/blog\/wp-json\/wp\/v2\/comments?post=45241"}],"version-history":[{"count":9,"href":"https:\/\/formantia.es\/blog\/wp-json\/wp\/v2\/posts\/45241\/revisions"}],"predecessor-version":[{"id":45252,"href":"https:\/\/formantia.es\/blog\/wp-json\/wp\/v2\/posts\/45241\/revisions\/45252"}],"wp:featuredmedia":[{"embeddable":true,"href":"https:\/\/formantia.es\/blog\/wp-json\/wp\/v2\/media\/45197"}],"wp:attachment":[{"href":"https:\/\/formantia.es\/blog\/wp-json\/wp\/v2\/media?parent=45241"}],"wp:term":[{"taxonomy":"category","embeddable":true,"href":"https:\/\/formantia.es\/blog\/wp-json\/wp\/v2\/categories?post=45241"},{"taxonomy":"post_tag","embeddable":true,"href":"https:\/\/formantia.es\/blog\/wp-json\/wp\/v2\/tags?post=45241"}],"curies":[{"name":"wp","href":"https:\/\/api.w.org\/{rel}","templated":true}]}}