{"id":45214,"date":"2025-10-15T11:42:25","date_gmt":"2025-10-15T09:42:25","guid":{"rendered":"https:\/\/formantia.es\/blog\/?p=45214"},"modified":"2025-10-15T11:42:25","modified_gmt":"2025-10-15T09:42:25","slug":"tel-tecnico-superior-laboratorio-castilla-la-mancha-servicio-de-salud-aprobados-listados-provisionales-admitidos-a-procesos-selectivos-15-10-2025","status":"publish","type":"post","link":"https:\/\/formantia.es\/blog\/tel-tecnico-superior-laboratorio-castilla-la-mancha-servicio-de-salud-aprobados-listados-provisionales-admitidos-a-procesos-selectivos-15-10-2025\/","title":{"rendered":"El Servicio de Salud de Castilla-La Mancha aprueba los listados provisionales de aspirantes admitidos y excluidos en el proceso selectivo de TEL \u2013 T\u00e9cnico Superior Laboratorio"},"content":{"rendered":"\t\t<div data-elementor-type=\"wp-post\" data-elementor-id=\"45214\" class=\"elementor elementor-45214\" data-elementor-post-type=\"post\">\n\t\t\t\t\t\t<section class=\"elementor-section elementor-top-section elementor-element elementor-element-b972c2e elementor-section-boxed elementor-section-height-default elementor-section-height-default\" data-id=\"b972c2e\" data-element_type=\"section\">\n\t\t\t\t\t\t<div class=\"elementor-container elementor-column-gap-default\">\n\t\t\t\t\t<div class=\"elementor-column elementor-col-100 elementor-top-column elementor-element elementor-element-5c89e9f\" data-id=\"5c89e9f\" data-element_type=\"column\">\n\t\t\t<div class=\"elementor-widget-wrap elementor-element-populated\">\n\t\t\t\t\t\t<div class=\"elementor-element elementor-element-94369a2 elementor-widget elementor-widget-text-editor\" data-id=\"94369a2\" data-element_type=\"widget\" data-widget_type=\"text-editor.default\">\n\t\t\t\t<div class=\"elementor-widget-container\">\n\t\t\t\t\t\t\t\t\t<p><em>Resoluci\u00f3n de 08\/10\/2025, de la Direcci\u00f3n General de Recursos Humanos y Transformaci\u00f3n, por la que se aprueban los listados provisionales de las personas aspirantes admitidas y excluidas en los procesos selectivos convocados por Resoluciones 23\/06\/2025, para el ingreso, por el sistema general de acceso libre, discapacidad general, discapacidad intelectual y promoci\u00f3n interna, en las categor\u00edas y especialidades de personal estatutario del Servicio de Salud de Castilla-La Mancha (OEP 2023 y 2024).<\/em><\/p>\t\t\t\t\t\t\t\t<\/div>\n\t\t\t\t<\/div>\n\t\t\t\t\t<\/div>\n\t\t<\/div>\n\t\t\t\t\t<\/div>\n\t\t<\/section>\n\t\t\t\t<section class=\"elementor-section elementor-top-section elementor-element elementor-element-825993f elementor-section-boxed elementor-section-height-default elementor-section-height-default\" data-id=\"825993f\" data-element_type=\"section\">\n\t\t\t\t\t\t<div class=\"elementor-container elementor-column-gap-default\">\n\t\t\t\t\t<div class=\"elementor-column elementor-col-100 elementor-top-column elementor-element elementor-element-bff659a\" data-id=\"bff659a\" data-element_type=\"column\">\n\t\t\t<div class=\"elementor-widget-wrap elementor-element-populated\">\n\t\t\t\t\t\t<div class=\"elementor-element elementor-element-d865ec6 elementor-widget elementor-widget-text-editor\" data-id=\"d865ec6\" data-element_type=\"widget\" data-widget_type=\"text-editor.default\">\n\t\t\t\t<div class=\"elementor-widget-container\">\n\t\t\t\t\t\t\t\t\t<p>\ud83d\udc49 <a href=\"https:\/\/docm.jccm.es\/docm\/descargarArchivo.do?ruta=2025\/10\/15\/pdf\/2025_7643.pdf&amp;tipo=rutaDocm\" target=\"_blank\" rel=\"noopener\">Consulta aqu\u00ed toda la informaci\u00f3n<\/a><\/p>\t\t\t\t\t\t\t\t<\/div>\n\t\t\t\t<\/div>\n\t\t\t\t\t<\/div>\n\t\t<\/div>\n\t\t\t\t\t<\/div>\n\t\t<\/section>\n\t\t\t\t<section class=\"elementor-section elementor-top-section elementor-element elementor-element-c9391a6 elementor-section-boxed elementor-section-height-default elementor-section-height-default\" data-id=\"c9391a6\" data-element_type=\"section\">\n\t\t\t\t\t\t<div class=\"elementor-container elementor-column-gap-default\">\n\t\t\t\t\t<div class=\"elementor-column elementor-col-100 elementor-top-column elementor-element elementor-element-aea93a8\" data-id=\"aea93a8\" data-element_type=\"column\">\n\t\t\t<div class=\"elementor-widget-wrap elementor-element-populated\">\n\t\t\t\t\t\t<div class=\"elementor-element elementor-element-496a64a elementor-widget elementor-widget-heading\" data-id=\"496a64a\" data-element_type=\"widget\" data-widget_type=\"heading.default\">\n\t\t\t\t<div class=\"elementor-widget-container\">\n\t\t\t\t\t<h3 class=\"elementor-heading-title elementor-size-default\">Listas provisionales<\/h3>\t\t\t\t<\/div>\n\t\t\t\t<\/div>\n\t\t\t\t\t<\/div>\n\t\t<\/div>\n\t\t\t\t\t<\/div>\n\t\t<\/section>\n\t\t\t\t<section class=\"elementor-section elementor-top-section elementor-element elementor-element-a643b0d elementor-section-boxed elementor-section-height-default elementor-section-height-default\" data-id=\"a643b0d\" data-element_type=\"section\">\n\t\t\t\t\t\t<div class=\"elementor-container elementor-column-gap-default\">\n\t\t\t\t\t<div class=\"elementor-column elementor-col-100 elementor-top-column elementor-element elementor-element-965bd56\" data-id=\"965bd56\" data-element_type=\"column\">\n\t\t\t<div class=\"elementor-widget-wrap elementor-element-populated\">\n\t\t\t\t\t\t<div class=\"elementor-element elementor-element-1389bbf elementor-widget elementor-widget-text-editor\" data-id=\"1389bbf\" data-element_type=\"widget\" data-widget_type=\"text-editor.default\">\n\t\t\t\t<div class=\"elementor-widget-container\">\n\t\t\t\t\t\t\t\t\t<p>\ud83d\udc49<a href=\"https:\/\/sanidad.castillalamancha.es\/sites\/sescam.castillalamancha.es\/files\/OPE\/admprovlibre_tecnico-a_superior_sanitario_de_laboratorio_general.pdf\" target=\"_blank\" rel=\"noopener\">Admitidos Turno Libre<\/a><\/p><p>\ud83d\udc49<a href=\"https:\/\/sanidad.castillalamancha.es\/sites\/sescam.castillalamancha.es\/files\/OPE\/exclprovlibre_tecnico-a_superior_sanitario_de_laboratorio_general.pdf\" target=\"_blank\" rel=\"noopener\">Excluidos Turno Libre<\/a><\/p><p>\ud83d\udc49<a href=\"https:\/\/sanidad.castillalamancha.es\/sites\/sescam.castillalamancha.es\/files\/OPE\/admprovlibre_tecnico-a_superior_sanitario_de_laboratorio_reserva_discapacidad_general.pdf\" target=\"_blank\" rel=\"noopener\">Admitidos Turno Discapacidad<\/a><\/p><p>\ud83d\udc49<a href=\"https:\/\/sanidad.castillalamancha.es\/sites\/sescam.castillalamancha.es\/files\/OPE\/exclprovlibre_tecnico-a_superior_sanitario_de_laboratorio_reserva_discapacidad_general_1.pdf\" target=\"_blank\" rel=\"noopener\">Excluidos Turno Discapacidad<\/a><\/p><p>\ud83d\udc49<a href=\"https:\/\/sanidad.castillalamancha.es\/sites\/sescam.castillalamancha.es\/files\/OPE\/admprovpromocion_tecnico-a_superior_sanitario_de_laboratorio_general.pdf\" target=\"_blank\" rel=\"noopener\">Admitidos Promoci\u00f3n Interna<\/a><\/p><p>\ud83d\udc49<a href=\"https:\/\/sanidad.castillalamancha.es\/sites\/sescam.castillalamancha.es\/files\/OPE\/exclprovpromocion_tecnico-a_superior_sanitario_de_laboratorio_general.pdf\" target=\"_blank\" rel=\"noopener\">Excluidos Promoci\u00f3n Interna<\/a><\/p><p>\ud83d\udc49<a href=\"https:\/\/sanidad.castillalamancha.es\/sites\/sescam.castillalamancha.es\/files\/OPE\/admprovpromocion_tecnico-a_superior_sanitario_de_laboratorio_reserva_discapacidad_general.pdf\" target=\"_blank\" rel=\"noopener\">Admitidos Promoci\u00f3n Interna \u2013 Discapacidad<\/a><\/p><p>\ud83d\udc49<a href=\"https:\/\/sanidad.castillalamancha.es\/sites\/sescam.castillalamancha.es\/files\/OPE\/exclprovpromocion_tecnico-a_superior_sanitario_de_laboratorio_reserva_discapacidad_general.pdf\" target=\"_blank\" rel=\"noopener\">Excluidos Promoci\u00f3n Interna \u2013 Discapacidad<\/a><\/p>\t\t\t\t\t\t\t\t<\/div>\n\t\t\t\t<\/div>\n\t\t\t\t\t<\/div>\n\t\t<\/div>\n\t\t\t\t\t<\/div>\n\t\t<\/section>\n\t\t\t\t<section class=\"elementor-section elementor-top-section elementor-element elementor-element-02d8ad1 elementor-section-boxed elementor-section-height-default elementor-section-height-default\" data-id=\"02d8ad1\" data-element_type=\"section\">\n\t\t\t\t\t\t<div class=\"elementor-container elementor-column-gap-default\">\n\t\t\t\t\t<div class=\"elementor-column elementor-col-100 elementor-top-column elementor-element elementor-element-327ec48\" data-id=\"327ec48\" data-element_type=\"column\">\n\t\t\t<div class=\"elementor-widget-wrap elementor-element-populated\">\n\t\t\t\t\t\t<div class=\"elementor-element elementor-element-a7ee921 elementor-widget elementor-widget-heading\" data-id=\"a7ee921\" data-element_type=\"widget\" data-widget_type=\"heading.default\">\n\t\t\t\t<div class=\"elementor-widget-container\">\n\t\t\t\t\t<h3 class=\"elementor-heading-title elementor-size-default\">Subsanaciones<\/h3>\t\t\t\t<\/div>\n\t\t\t\t<\/div>\n\t\t\t\t\t<\/div>\n\t\t<\/div>\n\t\t\t\t\t<\/div>\n\t\t<\/section>\n\t\t\t\t<section class=\"elementor-section elementor-top-section elementor-element elementor-element-7ab7fbd elementor-section-boxed elementor-section-height-default elementor-section-height-default\" data-id=\"7ab7fbd\" data-element_type=\"section\">\n\t\t\t\t\t\t<div class=\"elementor-container elementor-column-gap-default\">\n\t\t\t\t\t<div class=\"elementor-column elementor-col-100 elementor-top-column elementor-element elementor-element-1b312b9\" data-id=\"1b312b9\" data-element_type=\"column\">\n\t\t\t<div class=\"elementor-widget-wrap elementor-element-populated\">\n\t\t\t\t\t\t<div class=\"elementor-element elementor-element-ca1b109 elementor-widget elementor-widget-text-editor\" data-id=\"ca1b109\" data-element_type=\"widget\" data-widget_type=\"text-editor.default\">\n\t\t\t\t<div class=\"elementor-widget-container\">\n\t\t\t\t\t\t\t\t\t<p>Las personas aspirantes excluidas provisionalmente disponen de un plazo de 10 d\u00edas h\u00e1biles, a contar desde el siguiente al de publicaci\u00f3n de esta Resoluci\u00f3n, para subsanar los defectos que hayan motivado su exclusi\u00f3n, o su no inclusi\u00f3n expresa en los listados de admitidos o excluidos.<\/p><p>La subsanaci\u00f3n de solicitudes se har\u00e1 desde la <a href=\"https:\/\/www.smlsistemas.es\/sescam2025Alg\/\" target=\"_blank\" rel=\"noopener\">plataforma de gesti\u00f3n de solicitudes del Servicio de Salud de Castilla-La Mancha<\/a>.<\/p>\t\t\t\t\t\t\t\t<\/div>\n\t\t\t\t<\/div>\n\t\t\t\t\t<\/div>\n\t\t<\/div>\n\t\t\t\t\t<\/div>\n\t\t<\/section>\n\t\t\t\t<section class=\"elementor-section elementor-top-section elementor-element elementor-element-5ee7906 elementor-section-boxed elementor-section-height-default elementor-section-height-default\" data-id=\"5ee7906\" data-element_type=\"section\">\n\t\t\t\t\t\t<div class=\"elementor-container elementor-column-gap-default\">\n\t\t\t\t\t<div class=\"elementor-column elementor-col-100 elementor-top-column elementor-element elementor-element-884578e\" data-id=\"884578e\" data-element_type=\"column\">\n\t\t\t<div class=\"elementor-widget-wrap elementor-element-populated\">\n\t\t\t\t\t\t<div class=\"elementor-element elementor-element-738c357 elementor-widget elementor-widget-text-editor\" data-id=\"738c357\" data-element_type=\"widget\" data-widget_type=\"text-editor.default\">\n\t\t\t\t<div class=\"elementor-widget-container\">\n\t\t\t\t\t\t\t\t\t<p class=\"p1\">Disclaimer\/aviso:<\/p><p class=\"p1\">La informaci\u00f3n provista en los post del blog de Formantia no constituye ni pretende constituir asesoramiento legal personalizado; toda la informaci\u00f3n facilitada es solo para fines informativos generales y pueden no constituir informaci\u00f3n exhaustiva.<\/p><p class=\"p1\">En la medida que el blog contenga enlaces a otros contenidos de terceros, dichos enlaces son solo para la ampliar la informaci\u00f3n del lector, usuario o navegador; Formantia no recomienda ni respalda dicho contenido.<\/p><p class=\"p1\">Se renuncia expresamente a toda responsabilidad con respecto a las acciones tomadas o no tomadas en base al contenido de los post del blog.<\/p>\t\t\t\t\t\t\t\t<\/div>\n\t\t\t\t<\/div>\n\t\t\t\t\t<\/div>\n\t\t<\/div>\n\t\t\t\t\t<\/div>\n\t\t<\/section>\n\t\t\t\t<\/div>\n\t\t","protected":false},"excerpt":{"rendered":"<p>Resoluci\u00f3n de 08\/10\/2025, de la Direcci\u00f3n General de Recursos Humanos y Transformaci\u00f3n, por la que se aprueban los listados provisionales de las personas aspirantes admitidas y excluidas en los procesos selectivos convocados por Resoluciones 23\/06\/2025, para el ingreso, por el sistema general de acceso libre, discapacidad general, discapacidad intelectual y promoci\u00f3n interna, en las categor\u00edas [&hellip;]<\/p>\n","protected":false},"author":16,"featured_media":45196,"comment_status":"closed","ping_status":"open","sticky":false,"template":"","format":"standard","meta":{"_seopress_robots_primary_cat":"none","footnotes":""},"categories":[186],"tags":[42],"class_list":["post-45214","post","type-post","status-publish","format-standard","has-post-thumbnail","hentry","category-noticias","tag-tel","entry"],"_links":{"self":[{"href":"https:\/\/formantia.es\/blog\/wp-json\/wp\/v2\/posts\/45214","targetHints":{"allow":["GET"]}}],"collection":[{"href":"https:\/\/formantia.es\/blog\/wp-json\/wp\/v2\/posts"}],"about":[{"href":"https:\/\/formantia.es\/blog\/wp-json\/wp\/v2\/types\/post"}],"author":[{"embeddable":true,"href":"https:\/\/formantia.es\/blog\/wp-json\/wp\/v2\/users\/16"}],"replies":[{"embeddable":true,"href":"https:\/\/formantia.es\/blog\/wp-json\/wp\/v2\/comments?post=45214"}],"version-history":[{"count":10,"href":"https:\/\/formantia.es\/blog\/wp-json\/wp\/v2\/posts\/45214\/revisions"}],"predecessor-version":[{"id":45226,"href":"https:\/\/formantia.es\/blog\/wp-json\/wp\/v2\/posts\/45214\/revisions\/45226"}],"wp:featuredmedia":[{"embeddable":true,"href":"https:\/\/formantia.es\/blog\/wp-json\/wp\/v2\/media\/45196"}],"wp:attachment":[{"href":"https:\/\/formantia.es\/blog\/wp-json\/wp\/v2\/media?parent=45214"}],"wp:term":[{"taxonomy":"category","embeddable":true,"href":"https:\/\/formantia.es\/blog\/wp-json\/wp\/v2\/categories?post=45214"},{"taxonomy":"post_tag","embeddable":true,"href":"https:\/\/formantia.es\/blog\/wp-json\/wp\/v2\/tags?post=45214"}],"curies":[{"name":"wp","href":"https:\/\/api.w.org\/{rel}","templated":true}]}}