{"id":45172,"date":"2025-10-14T11:04:43","date_gmt":"2025-10-14T09:04:43","guid":{"rendered":"https:\/\/formantia.es\/blog\/?p=45172"},"modified":"2025-10-14T11:04:43","modified_gmt":"2025-10-14T09:04:43","slug":"enfermeria-la-rioja-servicio-de-salud-relacion-definitiva-de-personas-admitidas-a-las-pruebas-selectivas-14-10-2025","status":"publish","type":"post","link":"https:\/\/formantia.es\/blog\/enfermeria-la-rioja-servicio-de-salud-relacion-definitiva-de-personas-admitidas-a-las-pruebas-selectivas-14-10-2025\/","title":{"rendered":"El Servicio Riojano de Salud hace p\u00fablica la relaci\u00f3n definitiva de personas admitidas y excluidas a las pruebas selectivas de Enfermer\u00eda"},"content":{"rendered":"\t\t<div data-elementor-type=\"wp-post\" data-elementor-id=\"45172\" class=\"elementor elementor-45172\" data-elementor-post-type=\"post\">\n\t\t\t\t\t\t<section class=\"elementor-section elementor-top-section elementor-element elementor-element-999a770 elementor-section-boxed elementor-section-height-default elementor-section-height-default\" data-id=\"999a770\" data-element_type=\"section\">\n\t\t\t\t\t\t<div class=\"elementor-container elementor-column-gap-default\">\n\t\t\t\t\t<div class=\"elementor-column elementor-col-100 elementor-top-column elementor-element elementor-element-a8bd210\" data-id=\"a8bd210\" data-element_type=\"column\">\n\t\t\t<div class=\"elementor-widget-wrap elementor-element-populated\">\n\t\t\t\t\t\t<div class=\"elementor-element elementor-element-46bc555 elementor-widget elementor-widget-text-editor\" data-id=\"46bc555\" data-element_type=\"widget\" data-widget_type=\"text-editor.default\">\n\t\t\t\t<div class=\"elementor-widget-container\">\n\t\t\t\t\t\t\t\t\t<p><em>Resoluci\u00f3n de 13 de octubre de 2025 de la Direcci\u00f3n de Recursos Humanos de la Gerencia del Servicio Riojano de Salud por la que se hace p\u00fablica la relaci\u00f3n definitiva de personas admitidas y excluidas a las pruebas selectivas de la categor\u00eda de Enfermero\/a en el Servicio Riojano de Salud, para su provisi\u00f3n por el turno libre, turno de promoci\u00f3n interna y el cupo de reserva de personas con discapacidad, correspondientes a la oferta de empleo p\u00fablico de los a\u00f1os 2022, 2023 y 2024.<\/em><\/p>\t\t\t\t\t\t\t\t<\/div>\n\t\t\t\t<\/div>\n\t\t\t\t\t<\/div>\n\t\t<\/div>\n\t\t\t\t\t<\/div>\n\t\t<\/section>\n\t\t\t\t<section class=\"elementor-section elementor-top-section elementor-element elementor-element-999386b elementor-section-boxed elementor-section-height-default elementor-section-height-default\" data-id=\"999386b\" data-element_type=\"section\">\n\t\t\t\t\t\t<div class=\"elementor-container elementor-column-gap-default\">\n\t\t\t\t\t<div class=\"elementor-column elementor-col-100 elementor-top-column elementor-element elementor-element-ae43076\" data-id=\"ae43076\" data-element_type=\"column\">\n\t\t\t<div class=\"elementor-widget-wrap elementor-element-populated\">\n\t\t\t\t\t\t<div class=\"elementor-element elementor-element-bb13d59 elementor-widget elementor-widget-text-editor\" data-id=\"bb13d59\" data-element_type=\"widget\" data-widget_type=\"text-editor.default\">\n\t\t\t\t<div class=\"elementor-widget-container\">\n\t\t\t\t\t\t\t\t\t<p>\ud83d\udc49 <a href=\"https:\/\/ias1.larioja.org\/boletin\/Bor_Boletin_visor_Servlet?referencia=36936703-1-PDF-572513\" target=\"_blank\" rel=\"noopener\">Consulta aqu\u00ed toda la informaci\u00f3n<\/a><\/p>\t\t\t\t\t\t\t\t<\/div>\n\t\t\t\t<\/div>\n\t\t\t\t\t<\/div>\n\t\t<\/div>\n\t\t\t\t\t<\/div>\n\t\t<\/section>\n\t\t\t\t<section class=\"elementor-section elementor-top-section elementor-element elementor-element-5a287d3 elementor-section-boxed elementor-section-height-default elementor-section-height-default\" data-id=\"5a287d3\" data-element_type=\"section\">\n\t\t\t\t\t\t<div class=\"elementor-container elementor-column-gap-default\">\n\t\t\t\t\t<div class=\"elementor-column elementor-col-100 elementor-top-column elementor-element elementor-element-b484b12\" data-id=\"b484b12\" data-element_type=\"column\">\n\t\t\t<div class=\"elementor-widget-wrap elementor-element-populated\">\n\t\t\t\t\t\t<div class=\"elementor-element elementor-element-63d2b60 elementor-widget elementor-widget-text-editor\" data-id=\"63d2b60\" data-element_type=\"widget\" data-widget_type=\"text-editor.default\">\n\t\t\t\t<div class=\"elementor-widget-container\">\n\t\t\t\t\t\t\t\t\t<p>Se aprueba la relaci\u00f3n definitiva de personas admitidas y excluidas en el proceso selectivo, que figuran como Anexos I y II, respectivamente, a esta Resoluci\u00f3n.<\/p>\t\t\t\t\t\t\t\t<\/div>\n\t\t\t\t<\/div>\n\t\t\t\t\t<\/div>\n\t\t<\/div>\n\t\t\t\t\t<\/div>\n\t\t<\/section>\n\t\t\t\t<section class=\"elementor-section elementor-top-section elementor-element elementor-element-b295fbe elementor-section-boxed elementor-section-height-default elementor-section-height-default\" data-id=\"b295fbe\" data-element_type=\"section\">\n\t\t\t\t\t\t<div class=\"elementor-container elementor-column-gap-default\">\n\t\t\t\t\t<div class=\"elementor-column elementor-col-100 elementor-top-column elementor-element elementor-element-433411a\" data-id=\"433411a\" data-element_type=\"column\">\n\t\t\t<div class=\"elementor-widget-wrap elementor-element-populated\">\n\t\t\t\t\t\t<div class=\"elementor-element elementor-element-b08f69e elementor-widget elementor-widget-heading\" data-id=\"b08f69e\" data-element_type=\"widget\" data-widget_type=\"heading.default\">\n\t\t\t\t<div class=\"elementor-widget-container\">\n\t\t\t\t\t<h3 class=\"elementor-heading-title elementor-size-default\">Plazo<\/h3>\t\t\t\t<\/div>\n\t\t\t\t<\/div>\n\t\t\t\t\t<\/div>\n\t\t<\/div>\n\t\t\t\t\t<\/div>\n\t\t<\/section>\n\t\t\t\t<section class=\"elementor-section elementor-top-section elementor-element elementor-element-eb209c1 elementor-section-boxed elementor-section-height-default elementor-section-height-default\" data-id=\"eb209c1\" data-element_type=\"section\">\n\t\t\t\t\t\t<div class=\"elementor-container elementor-column-gap-default\">\n\t\t\t\t\t<div class=\"elementor-column elementor-col-100 elementor-top-column elementor-element elementor-element-1865cf4\" data-id=\"1865cf4\" data-element_type=\"column\">\n\t\t\t<div class=\"elementor-widget-wrap elementor-element-populated\">\n\t\t\t\t\t\t<div class=\"elementor-element elementor-element-2fdd649 elementor-widget elementor-widget-text-editor\" data-id=\"2fdd649\" data-element_type=\"widget\" data-widget_type=\"text-editor.default\">\n\t\t\t\t<div class=\"elementor-widget-container\">\n\t\t\t\t\t\t\t\t\t<p>La presente Resoluci\u00f3n pone fin a la v\u00eda administrativa y contra la misma podr\u00e1 interponerse recurso de reposici\u00f3n potestativo en el plazo de un mes a contar desde el d\u00eda siguiente al de su notificaci\u00f3n.<\/p>\t\t\t\t\t\t\t\t<\/div>\n\t\t\t\t<\/div>\n\t\t\t\t\t<\/div>\n\t\t<\/div>\n\t\t\t\t\t<\/div>\n\t\t<\/section>\n\t\t\t\t<section class=\"elementor-section elementor-top-section elementor-element elementor-element-95e886b elementor-section-boxed elementor-section-height-default elementor-section-height-default\" data-id=\"95e886b\" data-element_type=\"section\">\n\t\t\t\t\t\t<div class=\"elementor-container elementor-column-gap-default\">\n\t\t\t\t\t<div class=\"elementor-column elementor-col-100 elementor-top-column elementor-element elementor-element-a92e1fb\" data-id=\"a92e1fb\" data-element_type=\"column\">\n\t\t\t<div class=\"elementor-widget-wrap elementor-element-populated\">\n\t\t\t\t\t\t<div class=\"elementor-element elementor-element-74e12e6 elementor-widget elementor-widget-text-editor\" data-id=\"74e12e6\" data-element_type=\"widget\" data-widget_type=\"text-editor.default\">\n\t\t\t\t<div class=\"elementor-widget-container\">\n\t\t\t\t\t\t\t\t\t<p class=\"p1\">Disclaimer\/aviso:<\/p><p class=\"p1\">La informaci\u00f3n provista en los post del blog de Formantia no constituye ni pretende constituir asesoramiento legal personalizado; toda la informaci\u00f3n facilitada es solo para fines informativos generales y pueden no constituir informaci\u00f3n exhaustiva.<\/p><p class=\"p1\">En la medida que el blog contenga enlaces a otros contenidos de terceros, dichos enlaces son solo para la ampliar la informaci\u00f3n del lector, usuario o navegador; Formantia no recomienda ni respalda dicho contenido.<\/p><p class=\"p1\">Se renuncia expresamente a toda responsabilidad con respecto a las acciones tomadas o no tomadas en base al contenido de los post del blog.<\/p>\t\t\t\t\t\t\t\t<\/div>\n\t\t\t\t<\/div>\n\t\t\t\t\t<\/div>\n\t\t<\/div>\n\t\t\t\t\t<\/div>\n\t\t<\/section>\n\t\t\t\t<\/div>\n\t\t","protected":false},"excerpt":{"rendered":"<p>Resoluci\u00f3n de 13 de octubre de 2025 de la Direcci\u00f3n de Recursos Humanos de la Gerencia del Servicio Riojano de Salud por la que se hace p\u00fablica la relaci\u00f3n definitiva de personas admitidas y excluidas a las pruebas selectivas de la categor\u00eda de Enfermero\/a en el Servicio Riojano de Salud, para su provisi\u00f3n por el [&hellip;]<\/p>\n","protected":false},"author":16,"featured_media":45175,"comment_status":"closed","ping_status":"open","sticky":false,"template":"","format":"standard","meta":{"_seopress_robots_primary_cat":"none","footnotes":""},"categories":[186],"tags":[23],"class_list":["post-45172","post","type-post","status-publish","format-standard","has-post-thumbnail","hentry","category-noticias","tag-enfermeria","entry"],"_links":{"self":[{"href":"https:\/\/formantia.es\/blog\/wp-json\/wp\/v2\/posts\/45172","targetHints":{"allow":["GET"]}}],"collection":[{"href":"https:\/\/formantia.es\/blog\/wp-json\/wp\/v2\/posts"}],"about":[{"href":"https:\/\/formantia.es\/blog\/wp-json\/wp\/v2\/types\/post"}],"author":[{"embeddable":true,"href":"https:\/\/formantia.es\/blog\/wp-json\/wp\/v2\/users\/16"}],"replies":[{"embeddable":true,"href":"https:\/\/formantia.es\/blog\/wp-json\/wp\/v2\/comments?post=45172"}],"version-history":[{"count":5,"href":"https:\/\/formantia.es\/blog\/wp-json\/wp\/v2\/posts\/45172\/revisions"}],"predecessor-version":[{"id":45181,"href":"https:\/\/formantia.es\/blog\/wp-json\/wp\/v2\/posts\/45172\/revisions\/45181"}],"wp:featuredmedia":[{"embeddable":true,"href":"https:\/\/formantia.es\/blog\/wp-json\/wp\/v2\/media\/45175"}],"wp:attachment":[{"href":"https:\/\/formantia.es\/blog\/wp-json\/wp\/v2\/media?parent=45172"}],"wp:term":[{"taxonomy":"category","embeddable":true,"href":"https:\/\/formantia.es\/blog\/wp-json\/wp\/v2\/categories?post=45172"},{"taxonomy":"post_tag","embeddable":true,"href":"https:\/\/formantia.es\/blog\/wp-json\/wp\/v2\/tags?post=45172"}],"curies":[{"name":"wp","href":"https:\/\/api.w.org\/{rel}","templated":true}]}}