{"id":44184,"date":"2025-09-03T16:20:50","date_gmt":"2025-09-03T14:20:50","guid":{"rendered":"https:\/\/formantia.es\/blog\/?p=44184"},"modified":"2025-09-10T10:28:18","modified_gmt":"2025-09-10T08:28:18","slug":"higienista-tecnico-superior-higiene-bucodental-murcia-servicio-de-salud-anuncio-del-dia-y-la-hora-de-los-actos-de-eleccion-de-destino-03-09-2025","status":"publish","type":"post","link":"https:\/\/formantia.es\/blog\/higienista-tecnico-superior-higiene-bucodental-murcia-servicio-de-salud-anuncio-del-dia-y-la-hora-de-los-actos-de-eleccion-de-destino-03-09-2025\/","title":{"rendered":"El Servicio Murciano de Salud anuncia d\u00eda y hora de los actos de elecci\u00f3n de destino de Higienista \u2013 T\u00e9cnico Superior Higiene Bucodental"},"content":{"rendered":"\t\t<div data-elementor-type=\"wp-post\" data-elementor-id=\"44184\" class=\"elementor elementor-44184\" data-elementor-post-type=\"post\">\n\t\t\t\t\t\t<section class=\"elementor-section elementor-top-section elementor-element elementor-element-d0f2959 elementor-section-boxed elementor-section-height-default elementor-section-height-default\" data-id=\"d0f2959\" data-element_type=\"section\">\n\t\t\t\t\t\t<div class=\"elementor-container elementor-column-gap-default\">\n\t\t\t\t\t<div class=\"elementor-column elementor-col-100 elementor-top-column elementor-element elementor-element-f13a840\" data-id=\"f13a840\" data-element_type=\"column\">\n\t\t\t<div class=\"elementor-widget-wrap elementor-element-populated\">\n\t\t\t\t\t\t<div class=\"elementor-element elementor-element-c287277 elementor-widget elementor-widget-text-editor\" data-id=\"c287277\" data-element_type=\"widget\" data-widget_type=\"text-editor.default\">\n\t\t\t\t<div class=\"elementor-widget-container\">\n\t\t\t\t\t\t\t\t\t<p><em>Anuncio del d\u00eda y hora de\u00a0los actos de elecci\u00f3n de destino de las Ofertas de Empleo P\u00fablico 2019, 2020, 2021 y proceso extraordinario-concurso.<\/em><\/p>\t\t\t\t\t\t\t\t<\/div>\n\t\t\t\t<\/div>\n\t\t\t\t\t<\/div>\n\t\t<\/div>\n\t\t\t\t\t<\/div>\n\t\t<\/section>\n\t\t\t\t<section class=\"elementor-section elementor-top-section elementor-element elementor-element-3652111 elementor-section-boxed elementor-section-height-default elementor-section-height-default\" data-id=\"3652111\" data-element_type=\"section\">\n\t\t\t\t\t\t<div class=\"elementor-container elementor-column-gap-default\">\n\t\t\t\t\t<div class=\"elementor-column elementor-col-100 elementor-top-column elementor-element elementor-element-ceedf50\" data-id=\"ceedf50\" data-element_type=\"column\">\n\t\t\t<div class=\"elementor-widget-wrap elementor-element-populated\">\n\t\t\t\t\t\t<div class=\"elementor-element elementor-element-498b170 elementor-widget elementor-widget-text-editor\" data-id=\"498b170\" data-element_type=\"widget\" data-widget_type=\"text-editor.default\">\n\t\t\t\t<div class=\"elementor-widget-container\">\n\t\t\t\t\t\t\t\t\t<p>\ud83d\udc49 <a href=\"https:\/\/www.murciasalud.es\/documents\/153065\/3914902\/ANUNCIO+ELECCI%C3%93N+DE+DESTINO+19+de+septiembre+25+nuevo.pdf\/a8ab4ed9-1733-ecb3-35fa-7c82866c1cbd?t=1757345999457\" target=\"_blank\" rel=\"noopener\">Consulta aqu\u00ed toda la informaci\u00f3n<\/a><\/p>\t\t\t\t\t\t\t\t<\/div>\n\t\t\t\t<\/div>\n\t\t\t\t\t<\/div>\n\t\t<\/div>\n\t\t\t\t\t<\/div>\n\t\t<\/section>\n\t\t\t\t<section class=\"elementor-section elementor-top-section elementor-element elementor-element-45f32cf elementor-section-boxed elementor-section-height-default elementor-section-height-default\" data-id=\"45f32cf\" data-element_type=\"section\">\n\t\t\t\t\t\t<div class=\"elementor-container elementor-column-gap-default\">\n\t\t\t\t\t<div class=\"elementor-column elementor-col-100 elementor-top-column elementor-element elementor-element-560f6ac\" data-id=\"560f6ac\" data-element_type=\"column\">\n\t\t\t<div class=\"elementor-widget-wrap elementor-element-populated\">\n\t\t\t\t\t\t<div class=\"elementor-element elementor-element-2ae3f08 elementor-widget elementor-widget-text-editor\" data-id=\"2ae3f08\" data-element_type=\"widget\" data-widget_type=\"text-editor.default\">\n\t\t\t\t<div class=\"elementor-widget-container\">\n\t\t\t\t\t\t\t\t\t<p>Acto de elecci\u00f3n de destino de Higienista &#8211; T\u00e9cnico Superior Higiene Bucodental:<\/p><p>\ud83d\uddd3 19 de septiembre de 2025.<\/p><p>\ud83d\udd52 13:00 horas.<\/p><p>\ud83d\udccd Sal\u00f3n de Actos de la Direcci\u00f3n General del Recursos Humanos (Calle Central, 7 Edificio Habitamia \u2013 Espinardo Murcia).\u00a0<\/p>\t\t\t\t\t\t\t\t<\/div>\n\t\t\t\t<\/div>\n\t\t\t\t\t<\/div>\n\t\t<\/div>\n\t\t\t\t\t<\/div>\n\t\t<\/section>\n\t\t\t\t<section class=\"elementor-section elementor-top-section elementor-element elementor-element-9d956c6 elementor-section-boxed elementor-section-height-default elementor-section-height-default\" data-id=\"9d956c6\" data-element_type=\"section\">\n\t\t\t\t\t\t<div class=\"elementor-container elementor-column-gap-default\">\n\t\t\t\t\t<div class=\"elementor-column elementor-col-100 elementor-top-column elementor-element elementor-element-a9ee01c\" data-id=\"a9ee01c\" data-element_type=\"column\">\n\t\t\t<div class=\"elementor-widget-wrap elementor-element-populated\">\n\t\t\t\t\t\t<div class=\"elementor-element elementor-element-845dbc5 elementor-widget elementor-widget-text-editor\" data-id=\"845dbc5\" data-element_type=\"widget\" data-widget_type=\"text-editor.default\">\n\t\t\t\t<div class=\"elementor-widget-container\">\n\t\t\t\t\t\t\t\t\t<p class=\"p1\">Disclaimer\/aviso:<\/p><p class=\"p1\">La informaci\u00f3n provista en los post del blog de Formantia no constituye ni pretende constituir asesoramiento legal personalizado; toda la informaci\u00f3n facilitada es solo para fines informativos generales y pueden no constituir informaci\u00f3n exhaustiva.<\/p><p class=\"p1\">En la medida que el blog contenga enlaces a otros contenidos de terceros, dichos enlaces son solo para la ampliar la informaci\u00f3n del lector, usuario o navegador; Formantia no recomienda ni respalda dicho contenido.<\/p><p class=\"p1\">Se renuncia expresamente a toda responsabilidad con respecto a las acciones tomadas o no tomadas en base al contenido de los post del blog.<\/p>\t\t\t\t\t\t\t\t<\/div>\n\t\t\t\t<\/div>\n\t\t\t\t\t<\/div>\n\t\t<\/div>\n\t\t\t\t\t<\/div>\n\t\t<\/section>\n\t\t\t\t<\/div>\n\t\t","protected":false},"excerpt":{"rendered":"<p>Anuncio del d\u00eda y hora de\u00a0los actos de elecci\u00f3n de destino de las Ofertas de Empleo P\u00fablico 2019, 2020, 2021 y proceso extraordinario-concurso. ? Consulta aqu\u00ed toda la informaci\u00f3n Acto de elecci\u00f3n de destino de Higienista &#8211; T\u00e9cnico Superior Higiene Bucodental: ? 19 de septiembre de 2025. ? 13:00 horas. ? Sal\u00f3n de Actos de [&hellip;]<\/p>\n","protected":false},"author":16,"featured_media":44196,"comment_status":"closed","ping_status":"open","sticky":false,"template":"","format":"standard","meta":{"_seopress_robots_primary_cat":"none","footnotes":""},"categories":[186],"tags":[190],"class_list":["post-44184","post","type-post","status-publish","format-standard","has-post-thumbnail","hentry","category-noticias","tag-thb","entry"],"_links":{"self":[{"href":"https:\/\/formantia.es\/blog\/wp-json\/wp\/v2\/posts\/44184","targetHints":{"allow":["GET"]}}],"collection":[{"href":"https:\/\/formantia.es\/blog\/wp-json\/wp\/v2\/posts"}],"about":[{"href":"https:\/\/formantia.es\/blog\/wp-json\/wp\/v2\/types\/post"}],"author":[{"embeddable":true,"href":"https:\/\/formantia.es\/blog\/wp-json\/wp\/v2\/users\/16"}],"replies":[{"embeddable":true,"href":"https:\/\/formantia.es\/blog\/wp-json\/wp\/v2\/comments?post=44184"}],"version-history":[{"count":8,"href":"https:\/\/formantia.es\/blog\/wp-json\/wp\/v2\/posts\/44184\/revisions"}],"predecessor-version":[{"id":44195,"href":"https:\/\/formantia.es\/blog\/wp-json\/wp\/v2\/posts\/44184\/revisions\/44195"}],"wp:featuredmedia":[{"embeddable":true,"href":"https:\/\/formantia.es\/blog\/wp-json\/wp\/v2\/media\/44196"}],"wp:attachment":[{"href":"https:\/\/formantia.es\/blog\/wp-json\/wp\/v2\/media?parent=44184"}],"wp:term":[{"taxonomy":"category","embeddable":true,"href":"https:\/\/formantia.es\/blog\/wp-json\/wp\/v2\/categories?post=44184"},{"taxonomy":"post_tag","embeddable":true,"href":"https:\/\/formantia.es\/blog\/wp-json\/wp\/v2\/tags?post=44184"}],"curies":[{"name":"wp","href":"https:\/\/api.w.org\/{rel}","templated":true}]}}