{"id":44136,"date":"2025-09-04T11:06:01","date_gmt":"2025-09-04T09:06:01","guid":{"rendered":"https:\/\/formantia.es\/blog\/?p=44136"},"modified":"2025-09-05T11:08:16","modified_gmt":"2025-09-05T09:08:16","slug":"eir-ministerio-de-sanidad-formacion-sanitaria-especializada-enfermeria-se-amplia-el-plazo-para-la-presentacion-de-solicitudes-04-09-2025","status":"publish","type":"post","link":"https:\/\/formantia.es\/blog\/eir-ministerio-de-sanidad-formacion-sanitaria-especializada-enfermeria-se-amplia-el-plazo-para-la-presentacion-de-solicitudes-04-09-2025\/","title":{"rendered":"El Ministerio de Sanidad ampl\u00eda el plazo para la presentaci\u00f3n de solicitudes para el acceso a plazas del EIR"},"content":{"rendered":"\t\t<div data-elementor-type=\"wp-post\" data-elementor-id=\"44136\" class=\"elementor elementor-44136\" data-elementor-post-type=\"post\">\n\t\t\t\t\t\t<section class=\"elementor-section elementor-top-section elementor-element elementor-element-4c52959 elementor-section-boxed elementor-section-height-default elementor-section-height-default\" data-id=\"4c52959\" data-element_type=\"section\">\n\t\t\t\t\t\t<div class=\"elementor-container elementor-column-gap-default\">\n\t\t\t\t\t<div class=\"elementor-column elementor-col-100 elementor-top-column elementor-element elementor-element-7b81d5b\" data-id=\"7b81d5b\" data-element_type=\"column\">\n\t\t\t<div class=\"elementor-widget-wrap elementor-element-populated\">\n\t\t\t\t\t\t<div class=\"elementor-element elementor-element-82b96f6 elementor-widget elementor-widget-text-editor\" data-id=\"82b96f6\" data-element_type=\"widget\" data-widget_type=\"text-editor.default\">\n\t\t\t\t<div class=\"elementor-widget-container\">\n\t\t\t\t\t\t\t\t\t<p><em>Resoluci\u00f3n de la Direcci\u00f3n General de Ordenaci\u00f3n Profesional sobre ampliaci\u00f3n del plazo para la presentaci\u00f3n de solicitudes previsto en la Orden SND\/928\/2025, de 14 de agosto, por la que se aprueba la oferta de plazas y la convocatoria de pruebas selectivas 2025 para el acceso en el a\u00f1o 2026 a plazas de Formaci\u00f3n Sanitaria Especializada para las titulaciones universitarias de grado\/licenciatura\/diplomatura de Medicina, Farmacia, Enfermer\u00eda y del \u00e1mbito de la Psicolog\u00eda, la Qu\u00edmica, la Biolog\u00eda y la F\u00edsica.<\/em><\/p>\t\t\t\t\t\t\t\t<\/div>\n\t\t\t\t<\/div>\n\t\t\t\t\t<\/div>\n\t\t<\/div>\n\t\t\t\t\t<\/div>\n\t\t<\/section>\n\t\t\t\t<section class=\"elementor-section elementor-top-section elementor-element elementor-element-8d0ad26 elementor-section-boxed elementor-section-height-default elementor-section-height-default\" data-id=\"8d0ad26\" data-element_type=\"section\">\n\t\t\t\t\t\t<div class=\"elementor-container elementor-column-gap-default\">\n\t\t\t\t\t<div class=\"elementor-column elementor-col-100 elementor-top-column elementor-element elementor-element-395dd31\" data-id=\"395dd31\" data-element_type=\"column\">\n\t\t\t<div class=\"elementor-widget-wrap elementor-element-populated\">\n\t\t\t\t\t\t<div class=\"elementor-element elementor-element-6fd333f elementor-widget elementor-widget-text-editor\" data-id=\"6fd333f\" data-element_type=\"widget\" data-widget_type=\"text-editor.default\">\n\t\t\t\t<div class=\"elementor-widget-container\">\n\t\t\t\t\t\t\t\t\t<p>\ud83d\udc49 <a href=\"https:\/\/formantia.es\/blog\/wp-content\/uploads\/2025\/09\/REPORTRESOLUCION-AMPLIACION-DE-PLAZO-INSCRIPCIONFIN.pdf\" target=\"_blank\" rel=\"noopener\">Consulta aqu\u00ed toda la informaci\u00f3n<\/a><\/p>\t\t\t\t\t\t\t\t<\/div>\n\t\t\t\t<\/div>\n\t\t\t\t\t<\/div>\n\t\t<\/div>\n\t\t\t\t\t<\/div>\n\t\t<\/section>\n\t\t\t\t<section class=\"elementor-section elementor-top-section elementor-element elementor-element-b0d3a99 elementor-section-boxed elementor-section-height-default elementor-section-height-default\" data-id=\"b0d3a99\" data-element_type=\"section\">\n\t\t\t\t\t\t<div class=\"elementor-container elementor-column-gap-default\">\n\t\t\t\t\t<div class=\"elementor-column elementor-col-100 elementor-top-column elementor-element elementor-element-0e982e1\" data-id=\"0e982e1\" data-element_type=\"column\">\n\t\t\t<div class=\"elementor-widget-wrap elementor-element-populated\">\n\t\t\t\t\t\t<div class=\"elementor-element elementor-element-cf5658b elementor-widget elementor-widget-heading\" data-id=\"cf5658b\" data-element_type=\"widget\" data-widget_type=\"heading.default\">\n\t\t\t\t<div class=\"elementor-widget-container\">\n\t\t\t\t\t<h3 class=\"elementor-heading-title elementor-size-default\">Nuevo plazo<\/h3>\t\t\t\t<\/div>\n\t\t\t\t<\/div>\n\t\t\t\t\t<\/div>\n\t\t<\/div>\n\t\t\t\t\t<\/div>\n\t\t<\/section>\n\t\t\t\t<section class=\"elementor-section elementor-top-section elementor-element elementor-element-8e2f096 elementor-section-boxed elementor-section-height-default elementor-section-height-default\" data-id=\"8e2f096\" data-element_type=\"section\">\n\t\t\t\t\t\t<div class=\"elementor-container elementor-column-gap-default\">\n\t\t\t\t\t<div class=\"elementor-column elementor-col-100 elementor-top-column elementor-element elementor-element-31ab01d\" data-id=\"31ab01d\" data-element_type=\"column\">\n\t\t\t<div class=\"elementor-widget-wrap elementor-element-populated\">\n\t\t\t\t\t\t<div class=\"elementor-element elementor-element-ce41158 elementor-widget elementor-widget-text-editor\" data-id=\"ce41158\" data-element_type=\"widget\" data-widget_type=\"text-editor.default\">\n\t\t\t\t<div class=\"elementor-widget-container\">\n\t\t\t\t\t\t\t\t\t<p>Se ampl\u00eda el plazo para la presentaci\u00f3n de solicitudes previsto hasta el <strong>18 de septiembre<\/strong> de 2025, incluido, seg\u00fan el horario peninsular espa\u00f1ol estipulado por el Real Instituto y Observatorio de la Armada.<\/p>\t\t\t\t\t\t\t\t<\/div>\n\t\t\t\t<\/div>\n\t\t\t\t\t<\/div>\n\t\t<\/div>\n\t\t\t\t\t<\/div>\n\t\t<\/section>\n\t\t\t\t<section class=\"elementor-section elementor-top-section elementor-element elementor-element-cf52a8f elementor-section-boxed elementor-section-height-default elementor-section-height-default\" data-id=\"cf52a8f\" data-element_type=\"section\">\n\t\t\t\t\t\t<div class=\"elementor-container elementor-column-gap-default\">\n\t\t\t\t\t<div class=\"elementor-column elementor-col-100 elementor-top-column elementor-element elementor-element-2e31a73\" data-id=\"2e31a73\" data-element_type=\"column\">\n\t\t\t<div class=\"elementor-widget-wrap elementor-element-populated\">\n\t\t\t\t\t\t<div class=\"elementor-element elementor-element-1ff227a elementor-widget elementor-widget-text-editor\" data-id=\"1ff227a\" data-element_type=\"widget\" data-widget_type=\"text-editor.default\">\n\t\t\t\t<div class=\"elementor-widget-container\">\n\t\t\t\t\t\t\t\t\t<p class=\"p1\">Disclaimer\/aviso:<\/p><p class=\"p1\">La informaci\u00f3n provista en los post del blog de Formantia no constituye ni pretende constituir asesoramiento legal personalizado; toda la informaci\u00f3n facilitada es solo para fines informativos generales y pueden no constituir informaci\u00f3n exhaustiva.<\/p><p class=\"p1\">En la medida que el blog contenga enlaces a otros contenidos de terceros, dichos enlaces son solo para la ampliar la informaci\u00f3n del lector, usuario o navegador; Formantia no recomienda ni respalda dicho contenido.<\/p><p class=\"p1\">Se renuncia expresamente a toda responsabilidad con respecto a las acciones tomadas o no tomadas en base al contenido de los post del blog.<\/p>\t\t\t\t\t\t\t\t<\/div>\n\t\t\t\t<\/div>\n\t\t\t\t\t<\/div>\n\t\t<\/div>\n\t\t\t\t\t<\/div>\n\t\t<\/section>\n\t\t\t\t<\/div>\n\t\t","protected":false},"excerpt":{"rendered":"<p>Resoluci\u00f3n de la Direcci\u00f3n General de Ordenaci\u00f3n Profesional sobre ampliaci\u00f3n del plazo para la presentaci\u00f3n de solicitudes previsto en la Orden SND\/928\/2025, de 14 de agosto, por la que se aprueba la oferta de plazas y la convocatoria de pruebas selectivas 2025 para el acceso en el a\u00f1o 2026 a plazas de Formaci\u00f3n Sanitaria Especializada [&hellip;]<\/p>\n","protected":false},"author":16,"featured_media":44130,"comment_status":"closed","ping_status":"open","sticky":false,"template":"","format":"standard","meta":{"_seopress_robots_primary_cat":"none","footnotes":""},"categories":[186],"tags":[189],"class_list":["post-44136","post","type-post","status-publish","format-standard","has-post-thumbnail","hentry","category-noticias","tag-eir","entry"],"_links":{"self":[{"href":"https:\/\/formantia.es\/blog\/wp-json\/wp\/v2\/posts\/44136","targetHints":{"allow":["GET"]}}],"collection":[{"href":"https:\/\/formantia.es\/blog\/wp-json\/wp\/v2\/posts"}],"about":[{"href":"https:\/\/formantia.es\/blog\/wp-json\/wp\/v2\/types\/post"}],"author":[{"embeddable":true,"href":"https:\/\/formantia.es\/blog\/wp-json\/wp\/v2\/users\/16"}],"replies":[{"embeddable":true,"href":"https:\/\/formantia.es\/blog\/wp-json\/wp\/v2\/comments?post=44136"}],"version-history":[{"count":9,"href":"https:\/\/formantia.es\/blog\/wp-json\/wp\/v2\/posts\/44136\/revisions"}],"predecessor-version":[{"id":44153,"href":"https:\/\/formantia.es\/blog\/wp-json\/wp\/v2\/posts\/44136\/revisions\/44153"}],"wp:featuredmedia":[{"embeddable":true,"href":"https:\/\/formantia.es\/blog\/wp-json\/wp\/v2\/media\/44130"}],"wp:attachment":[{"href":"https:\/\/formantia.es\/blog\/wp-json\/wp\/v2\/media?parent=44136"}],"wp:term":[{"taxonomy":"category","embeddable":true,"href":"https:\/\/formantia.es\/blog\/wp-json\/wp\/v2\/categories?post=44136"},{"taxonomy":"post_tag","embeddable":true,"href":"https:\/\/formantia.es\/blog\/wp-json\/wp\/v2\/tags?post=44136"}],"curies":[{"name":"wp","href":"https:\/\/api.w.org\/{rel}","templated":true}]}}