{"id":44113,"date":"2025-09-04T16:19:31","date_gmt":"2025-09-04T14:19:31","guid":{"rendered":"https:\/\/formantia.es\/blog\/?p=44113"},"modified":"2025-09-04T16:19:31","modified_gmt":"2025-09-04T14:19:31","slug":"tcae-auxiliar-de-enfermeria-la-rioja-servicio-de-salud-publicada-la-fecha-de-examen-y-la-relacion-provisional-de-personas-admitidas-a-las-pruebas-04-09-2025","status":"publish","type":"post","link":"https:\/\/formantia.es\/blog\/tcae-auxiliar-de-enfermeria-la-rioja-servicio-de-salud-publicada-la-fecha-de-examen-y-la-relacion-provisional-de-personas-admitidas-a-las-pruebas-04-09-2025\/","title":{"rendered":"El Servicio Riojano de Salud fija fecha de examen y publica la relaci\u00f3n provisional de personas admitidas a las pruebas de TCAE &#8211; Auxiliar de Enfermer\u00eda"},"content":{"rendered":"\t\t<div data-elementor-type=\"wp-post\" data-elementor-id=\"44113\" class=\"elementor elementor-44113\" data-elementor-post-type=\"post\">\n\t\t\t\t\t\t<section class=\"elementor-section elementor-top-section elementor-element elementor-element-2a8e6be elementor-section-boxed elementor-section-height-default elementor-section-height-default\" data-id=\"2a8e6be\" data-element_type=\"section\">\n\t\t\t\t\t\t<div class=\"elementor-container elementor-column-gap-default\">\n\t\t\t\t\t<div class=\"elementor-column elementor-col-100 elementor-top-column elementor-element elementor-element-c46166b\" data-id=\"c46166b\" data-element_type=\"column\">\n\t\t\t<div class=\"elementor-widget-wrap elementor-element-populated\">\n\t\t\t\t\t\t<div class=\"elementor-element elementor-element-52eedc4 elementor-widget elementor-widget-text-editor\" data-id=\"52eedc4\" data-element_type=\"widget\" data-widget_type=\"text-editor.default\">\n\t\t\t\t<div class=\"elementor-widget-container\">\n\t\t\t\t\t\t\t\t\t<p><em>Resoluci\u00f3n de 3 de septiembre de 2025, la Direcci\u00f3n de Recursos Humanos de la Gerencia del Servicio Riojano de Salud, por la que se hace p\u00fablica la relaci\u00f3n provisional de personas admitidas y excluidas a las pruebas selectivas de la categor\u00eda de T\u00e9cnico\/a Medio Sanitario: Cuidados Auxiliares de Enfermer\u00eda en el Servicio Riojano de Salud, para su provisi\u00f3n por el turno libre, turno de promoci\u00f3n interna y el cupo de reserva de personas con discapacidad, correspondientes a la oferta de empleo p\u00fablico de los a\u00f1os 2022, 2023 y 2024.<\/em><\/p>\t\t\t\t\t\t\t\t<\/div>\n\t\t\t\t<\/div>\n\t\t\t\t\t<\/div>\n\t\t<\/div>\n\t\t\t\t\t<\/div>\n\t\t<\/section>\n\t\t\t\t<section class=\"elementor-section elementor-top-section elementor-element elementor-element-1941ff8 elementor-section-boxed elementor-section-height-default elementor-section-height-default\" data-id=\"1941ff8\" data-element_type=\"section\">\n\t\t\t\t\t\t<div class=\"elementor-container elementor-column-gap-default\">\n\t\t\t\t\t<div class=\"elementor-column elementor-col-100 elementor-top-column elementor-element elementor-element-70d495c\" data-id=\"70d495c\" data-element_type=\"column\">\n\t\t\t<div class=\"elementor-widget-wrap elementor-element-populated\">\n\t\t\t\t\t\t<div class=\"elementor-element elementor-element-d19c857 elementor-widget elementor-widget-text-editor\" data-id=\"d19c857\" data-element_type=\"widget\" data-widget_type=\"text-editor.default\">\n\t\t\t\t<div class=\"elementor-widget-container\">\n\t\t\t\t\t\t\t\t\t<p>\ud83d\udc49 <a href=\"https:\/\/ias1.larioja.org\/boletin\/Bor_Boletin_visor_Servlet?referencia=36367912-1-PDF-571812\" target=\"_blank\" rel=\"noopener\">Consulta aqu\u00ed toda la informaci\u00f3n<\/a><\/p>\t\t\t\t\t\t\t\t<\/div>\n\t\t\t\t<\/div>\n\t\t\t\t\t<\/div>\n\t\t<\/div>\n\t\t\t\t\t<\/div>\n\t\t<\/section>\n\t\t\t\t<section class=\"elementor-section elementor-top-section elementor-element elementor-element-022446c elementor-section-boxed elementor-section-height-default elementor-section-height-default\" data-id=\"022446c\" data-element_type=\"section\">\n\t\t\t\t\t\t<div class=\"elementor-container elementor-column-gap-default\">\n\t\t\t\t\t<div class=\"elementor-column elementor-col-100 elementor-top-column elementor-element elementor-element-e2f4b6a\" data-id=\"e2f4b6a\" data-element_type=\"column\">\n\t\t\t<div class=\"elementor-widget-wrap elementor-element-populated\">\n\t\t\t\t\t\t<div class=\"elementor-element elementor-element-cdaa24d elementor-widget elementor-widget-text-editor\" data-id=\"cdaa24d\" data-element_type=\"widget\" data-widget_type=\"text-editor.default\">\n\t\t\t\t<div class=\"elementor-widget-container\">\n\t\t\t\t\t\t\t\t\t<p>La celebraci\u00f3n del ejercicio tendr\u00e1 lugar el d\u00eda <strong>8 de noviembre de 2025<\/strong>, a las 17:00 horas, en la Universidad de La Rioja, Logro\u00f1o.<\/p><p>Todas las personas convocadas deber\u00e1n ir provistas del documento nacional de identidad, n\u00famero de identificaci\u00f3n de extranjeros o pasaporte.<\/p>\t\t\t\t\t\t\t\t<\/div>\n\t\t\t\t<\/div>\n\t\t\t\t\t<\/div>\n\t\t<\/div>\n\t\t\t\t\t<\/div>\n\t\t<\/section>\n\t\t\t\t<section class=\"elementor-section elementor-top-section elementor-element elementor-element-1deaa88 elementor-section-boxed elementor-section-height-default elementor-section-height-default\" data-id=\"1deaa88\" data-element_type=\"section\">\n\t\t\t\t\t\t<div class=\"elementor-container elementor-column-gap-default\">\n\t\t\t\t\t<div class=\"elementor-column elementor-col-100 elementor-top-column elementor-element elementor-element-85627a1\" data-id=\"85627a1\" data-element_type=\"column\">\n\t\t\t<div class=\"elementor-widget-wrap elementor-element-populated\">\n\t\t\t\t\t\t<div class=\"elementor-element elementor-element-dc77bf8 elementor-widget elementor-widget-heading\" data-id=\"dc77bf8\" data-element_type=\"widget\" data-widget_type=\"heading.default\">\n\t\t\t\t<div class=\"elementor-widget-container\">\n\t\t\t\t\t<h3 class=\"elementor-heading-title elementor-size-default\">Plazo<\/h3>\t\t\t\t<\/div>\n\t\t\t\t<\/div>\n\t\t\t\t\t<\/div>\n\t\t<\/div>\n\t\t\t\t\t<\/div>\n\t\t<\/section>\n\t\t\t\t<section class=\"elementor-section elementor-top-section elementor-element elementor-element-6be3171 elementor-section-boxed elementor-section-height-default elementor-section-height-default\" data-id=\"6be3171\" data-element_type=\"section\">\n\t\t\t\t\t\t<div class=\"elementor-container elementor-column-gap-default\">\n\t\t\t\t\t<div class=\"elementor-column elementor-col-100 elementor-top-column elementor-element elementor-element-300040c\" data-id=\"300040c\" data-element_type=\"column\">\n\t\t\t<div class=\"elementor-widget-wrap elementor-element-populated\">\n\t\t\t\t\t\t<div class=\"elementor-element elementor-element-ae98287 elementor-widget elementor-widget-text-editor\" data-id=\"ae98287\" data-element_type=\"widget\" data-widget_type=\"text-editor.default\">\n\t\t\t\t<div class=\"elementor-widget-container\">\n\t\t\t\t\t\t\t\t\t<p>Las personas excluidas u omitidas disponen de un plazo de <strong>diez d\u00edas h\u00e1biles<\/strong>, contados a partir del d\u00eda siguiente al de la publicaci\u00f3n de esta Resoluci\u00f3n en el Bolet\u00edn Oficial de La Rioja, para subsanar electr\u00f3nicamente el defecto que haya motivado su exclusi\u00f3n u omisi\u00f3n.<\/p>\t\t\t\t\t\t\t\t<\/div>\n\t\t\t\t<\/div>\n\t\t\t\t\t<\/div>\n\t\t<\/div>\n\t\t\t\t\t<\/div>\n\t\t<\/section>\n\t\t\t\t<section class=\"elementor-section elementor-top-section elementor-element elementor-element-00369ac elementor-section-boxed elementor-section-height-default elementor-section-height-default\" data-id=\"00369ac\" data-element_type=\"section\">\n\t\t\t\t\t\t<div class=\"elementor-container elementor-column-gap-default\">\n\t\t\t\t\t<div class=\"elementor-column elementor-col-100 elementor-top-column elementor-element elementor-element-4392df1\" data-id=\"4392df1\" data-element_type=\"column\">\n\t\t\t<div class=\"elementor-widget-wrap elementor-element-populated\">\n\t\t\t\t\t\t<div class=\"elementor-element elementor-element-6a534d1 elementor-widget elementor-widget-text-editor\" data-id=\"6a534d1\" data-element_type=\"widget\" data-widget_type=\"text-editor.default\">\n\t\t\t\t<div class=\"elementor-widget-container\">\n\t\t\t\t\t\t\t\t\t<p class=\"p1\">Disclaimer\/aviso:<\/p><p class=\"p1\">La informaci\u00f3n provista en los post del blog de Formantia no constituye ni pretende constituir asesoramiento legal personalizado; toda la informaci\u00f3n facilitada es solo para fines informativos generales y pueden no constituir informaci\u00f3n exhaustiva.<\/p><p class=\"p1\">En la medida que el blog contenga enlaces a otros contenidos de terceros, dichos enlaces son solo para la ampliar la informaci\u00f3n del lector, usuario o navegador; Formantia no recomienda ni respalda dicho contenido.<\/p><p class=\"p1\">Se renuncia expresamente a toda responsabilidad con respecto a las acciones tomadas o no tomadas en base al contenido de los post del blog.<\/p>\t\t\t\t\t\t\t\t<\/div>\n\t\t\t\t<\/div>\n\t\t\t\t\t<\/div>\n\t\t<\/div>\n\t\t\t\t\t<\/div>\n\t\t<\/section>\n\t\t\t\t<\/div>\n\t\t","protected":false},"excerpt":{"rendered":"<p>Resoluci\u00f3n de 3 de septiembre de 2025, la Direcci\u00f3n de Recursos Humanos de la Gerencia del Servicio Riojano de Salud, por la que se hace p\u00fablica la relaci\u00f3n provisional de personas admitidas y excluidas a las pruebas selectivas de la categor\u00eda de T\u00e9cnico\/a Medio Sanitario: Cuidados Auxiliares de Enfermer\u00eda en el Servicio Riojano de Salud, [&hellip;]<\/p>\n","protected":false},"author":16,"featured_media":44102,"comment_status":"closed","ping_status":"open","sticky":false,"template":"","format":"standard","meta":{"_seopress_robots_primary_cat":"none","footnotes":""},"categories":[186],"tags":[40],"class_list":["post-44113","post","type-post","status-publish","format-standard","has-post-thumbnail","hentry","category-noticias","tag-tcae","entry"],"_links":{"self":[{"href":"https:\/\/formantia.es\/blog\/wp-json\/wp\/v2\/posts\/44113","targetHints":{"allow":["GET"]}}],"collection":[{"href":"https:\/\/formantia.es\/blog\/wp-json\/wp\/v2\/posts"}],"about":[{"href":"https:\/\/formantia.es\/blog\/wp-json\/wp\/v2\/types\/post"}],"author":[{"embeddable":true,"href":"https:\/\/formantia.es\/blog\/wp-json\/wp\/v2\/users\/16"}],"replies":[{"embeddable":true,"href":"https:\/\/formantia.es\/blog\/wp-json\/wp\/v2\/comments?post=44113"}],"version-history":[{"count":5,"href":"https:\/\/formantia.es\/blog\/wp-json\/wp\/v2\/posts\/44113\/revisions"}],"predecessor-version":[{"id":44120,"href":"https:\/\/formantia.es\/blog\/wp-json\/wp\/v2\/posts\/44113\/revisions\/44120"}],"wp:featuredmedia":[{"embeddable":true,"href":"https:\/\/formantia.es\/blog\/wp-json\/wp\/v2\/media\/44102"}],"wp:attachment":[{"href":"https:\/\/formantia.es\/blog\/wp-json\/wp\/v2\/media?parent=44113"}],"wp:term":[{"taxonomy":"category","embeddable":true,"href":"https:\/\/formantia.es\/blog\/wp-json\/wp\/v2\/categories?post=44113"},{"taxonomy":"post_tag","embeddable":true,"href":"https:\/\/formantia.es\/blog\/wp-json\/wp\/v2\/tags?post=44113"}],"curies":[{"name":"wp","href":"https:\/\/api.w.org\/{rel}","templated":true}]}}