{"id":44097,"date":"2025-09-04T16:15:38","date_gmt":"2025-09-04T14:15:38","guid":{"rendered":"https:\/\/formantia.es\/blog\/?p=44097"},"modified":"2025-09-04T16:20:10","modified_gmt":"2025-09-04T14:20:10","slug":"enfermeria-la-rioja-servicio-de-salud-publicada-la-fecha-de-examen-y-la-relacion-provisional-de-personas-admitidas-a-las-pruebas-04-09-2025","status":"publish","type":"post","link":"https:\/\/formantia.es\/blog\/enfermeria-la-rioja-servicio-de-salud-publicada-la-fecha-de-examen-y-la-relacion-provisional-de-personas-admitidas-a-las-pruebas-04-09-2025\/","title":{"rendered":"El Servicio Riojano de Salud fija fecha de examen y publica la relaci\u00f3n provisional de personas admitidas a las pruebas de Enfermer\u00eda"},"content":{"rendered":"\t\t<div data-elementor-type=\"wp-post\" data-elementor-id=\"44097\" class=\"elementor elementor-44097\" data-elementor-post-type=\"post\">\n\t\t\t\t\t\t<section class=\"elementor-section elementor-top-section elementor-element elementor-element-1c9ed57 elementor-section-boxed elementor-section-height-default elementor-section-height-default\" data-id=\"1c9ed57\" data-element_type=\"section\">\n\t\t\t\t\t\t<div class=\"elementor-container elementor-column-gap-default\">\n\t\t\t\t\t<div class=\"elementor-column elementor-col-100 elementor-top-column elementor-element elementor-element-479f1fe\" data-id=\"479f1fe\" data-element_type=\"column\">\n\t\t\t<div class=\"elementor-widget-wrap elementor-element-populated\">\n\t\t\t\t\t\t<div class=\"elementor-element elementor-element-cc3676e elementor-widget elementor-widget-text-editor\" data-id=\"cc3676e\" data-element_type=\"widget\" data-widget_type=\"text-editor.default\">\n\t\t\t\t<div class=\"elementor-widget-container\">\n\t\t\t\t\t\t\t\t\t<p><em>Resoluci\u00f3n de 3 de septiembre de 2025, de la Direcci\u00f3n de Recursos Humanos de la Gerencia del Servicio Riojano de Salud por la que se hace p\u00fablica la relaci\u00f3n provisional de personas admitidas y excluidas a las pruebas selectivas de la categor\u00eda de Enfermero\/a en el Servicio Riojano de Salud, para su provisi\u00f3n por el turno libre, turno de promoci\u00f3n interna y el cupo de reserva de personas con discapacidad, correspondientes a la oferta de empleo p\u00fablico de los a\u00f1os 2022, 2023 y 2024.<\/em><\/p>\t\t\t\t\t\t\t\t<\/div>\n\t\t\t\t<\/div>\n\t\t\t\t\t<\/div>\n\t\t<\/div>\n\t\t\t\t\t<\/div>\n\t\t<\/section>\n\t\t\t\t<section class=\"elementor-section elementor-top-section elementor-element elementor-element-1f72fd7 elementor-section-boxed elementor-section-height-default elementor-section-height-default\" data-id=\"1f72fd7\" data-element_type=\"section\">\n\t\t\t\t\t\t<div class=\"elementor-container elementor-column-gap-default\">\n\t\t\t\t\t<div class=\"elementor-column elementor-col-100 elementor-top-column elementor-element elementor-element-3208328\" data-id=\"3208328\" data-element_type=\"column\">\n\t\t\t<div class=\"elementor-widget-wrap elementor-element-populated\">\n\t\t\t\t\t\t<div class=\"elementor-element elementor-element-40de991 elementor-widget elementor-widget-text-editor\" data-id=\"40de991\" data-element_type=\"widget\" data-widget_type=\"text-editor.default\">\n\t\t\t\t<div class=\"elementor-widget-container\">\n\t\t\t\t\t\t\t\t\t<p class=\"p1\"><span class=\"s1\">\ud83d\udc49<\/span><a href=\"https:\/\/ias1.larioja.org\/boletin\/Bor_Boletin_visor_Servlet?referencia=36367907-1-PDF-571808\" target=\"_blank\" rel=\"noopener\"><span class=\"s2\"> Consulta aqu\u00ed toda la informaci\u00f3n<\/span><\/a><\/p>\t\t\t\t\t\t\t\t<\/div>\n\t\t\t\t<\/div>\n\t\t\t\t\t<\/div>\n\t\t<\/div>\n\t\t\t\t\t<\/div>\n\t\t<\/section>\n\t\t\t\t<section class=\"elementor-section elementor-top-section elementor-element elementor-element-d41187b elementor-section-boxed elementor-section-height-default elementor-section-height-default\" data-id=\"d41187b\" data-element_type=\"section\">\n\t\t\t\t\t\t<div class=\"elementor-container elementor-column-gap-default\">\n\t\t\t\t\t<div class=\"elementor-column elementor-col-100 elementor-top-column elementor-element elementor-element-5d2c978\" data-id=\"5d2c978\" data-element_type=\"column\">\n\t\t\t<div class=\"elementor-widget-wrap elementor-element-populated\">\n\t\t\t\t\t\t<div class=\"elementor-element elementor-element-b0045ed elementor-widget elementor-widget-text-editor\" data-id=\"b0045ed\" data-element_type=\"widget\" data-widget_type=\"text-editor.default\">\n\t\t\t\t<div class=\"elementor-widget-container\">\n\t\t\t\t\t\t\t\t\t<p>La celebraci\u00f3n del ejercicio tendr\u00e1 lugar el d\u00eda <strong>13 de diciembre de 2025<\/strong>, a las 17:00 horas, en la Universidad de La Rioja, Logro\u00f1o.<\/p><p>Todas las personas convocadas deber\u00e1n ir provistas del documento nacional de identidad, n\u00famero de identificaci\u00f3n de extranjeros o pasaporte.<\/p>\t\t\t\t\t\t\t\t<\/div>\n\t\t\t\t<\/div>\n\t\t\t\t\t<\/div>\n\t\t<\/div>\n\t\t\t\t\t<\/div>\n\t\t<\/section>\n\t\t\t\t<section class=\"elementor-section elementor-top-section elementor-element elementor-element-9a19065 elementor-section-boxed elementor-section-height-default elementor-section-height-default\" data-id=\"9a19065\" data-element_type=\"section\">\n\t\t\t\t\t\t<div class=\"elementor-container elementor-column-gap-default\">\n\t\t\t\t\t<div class=\"elementor-column elementor-col-100 elementor-top-column elementor-element elementor-element-e6a4135\" data-id=\"e6a4135\" data-element_type=\"column\">\n\t\t\t<div class=\"elementor-widget-wrap elementor-element-populated\">\n\t\t\t\t\t\t<div class=\"elementor-element elementor-element-846061c elementor-widget elementor-widget-heading\" data-id=\"846061c\" data-element_type=\"widget\" data-widget_type=\"heading.default\">\n\t\t\t\t<div class=\"elementor-widget-container\">\n\t\t\t\t\t<h3 class=\"elementor-heading-title elementor-size-default\">Plazo<\/h3>\t\t\t\t<\/div>\n\t\t\t\t<\/div>\n\t\t\t\t\t<\/div>\n\t\t<\/div>\n\t\t\t\t\t<\/div>\n\t\t<\/section>\n\t\t\t\t<section class=\"elementor-section elementor-top-section elementor-element elementor-element-abb7e89 elementor-section-boxed elementor-section-height-default elementor-section-height-default\" data-id=\"abb7e89\" data-element_type=\"section\">\n\t\t\t\t\t\t<div class=\"elementor-container elementor-column-gap-default\">\n\t\t\t\t\t<div class=\"elementor-column elementor-col-100 elementor-top-column elementor-element elementor-element-70912f7\" data-id=\"70912f7\" data-element_type=\"column\">\n\t\t\t<div class=\"elementor-widget-wrap elementor-element-populated\">\n\t\t\t\t\t\t<div class=\"elementor-element elementor-element-d943fba elementor-widget elementor-widget-text-editor\" data-id=\"d943fba\" data-element_type=\"widget\" data-widget_type=\"text-editor.default\">\n\t\t\t\t<div class=\"elementor-widget-container\">\n\t\t\t\t\t\t\t\t\t<p>Las personas excluidas u omitidas disponen de un plazo de <strong>diez d\u00edas h\u00e1biles<\/strong>, contados a partir del d\u00eda siguiente al de la publicaci\u00f3n de esta Resoluci\u00f3n en el Bolet\u00edn Oficial de La Rioja, para subsanar electr\u00f3nicamente el defecto que haya motivado su exclusi\u00f3n u omisi\u00f3n.<\/p>\t\t\t\t\t\t\t\t<\/div>\n\t\t\t\t<\/div>\n\t\t\t\t\t<\/div>\n\t\t<\/div>\n\t\t\t\t\t<\/div>\n\t\t<\/section>\n\t\t\t\t<section class=\"elementor-section elementor-top-section elementor-element elementor-element-e6a953f elementor-section-boxed elementor-section-height-default elementor-section-height-default\" data-id=\"e6a953f\" data-element_type=\"section\">\n\t\t\t\t\t\t<div class=\"elementor-container elementor-column-gap-default\">\n\t\t\t\t\t<div class=\"elementor-column elementor-col-100 elementor-top-column elementor-element elementor-element-f0cf394\" data-id=\"f0cf394\" data-element_type=\"column\">\n\t\t\t<div class=\"elementor-widget-wrap elementor-element-populated\">\n\t\t\t\t\t\t<div class=\"elementor-element elementor-element-c8d66c5 elementor-widget elementor-widget-text-editor\" data-id=\"c8d66c5\" data-element_type=\"widget\" data-widget_type=\"text-editor.default\">\n\t\t\t\t<div class=\"elementor-widget-container\">\n\t\t\t\t\t\t\t\t\t<p class=\"p1\">Disclaimer\/aviso:<\/p><p class=\"p1\">La informaci\u00f3n provista en los post del blog de Formantia no constituye ni pretende constituir asesoramiento legal personalizado; toda la informaci\u00f3n facilitada es solo para fines informativos generales y pueden no constituir informaci\u00f3n exhaustiva.<\/p><p class=\"p1\">En la medida que el blog contenga enlaces a otros contenidos de terceros, dichos enlaces son solo para la ampliar la informaci\u00f3n del lector, usuario o navegador; Formantia no recomienda ni respalda dicho contenido.<\/p><p class=\"p1\">Se renuncia expresamente a toda responsabilidad con respecto a las acciones tomadas o no tomadas en base al contenido de los post del blog.<\/p>\t\t\t\t\t\t\t\t<\/div>\n\t\t\t\t<\/div>\n\t\t\t\t\t<\/div>\n\t\t<\/div>\n\t\t\t\t\t<\/div>\n\t\t<\/section>\n\t\t\t\t<\/div>\n\t\t","protected":false},"excerpt":{"rendered":"<p>Resoluci\u00f3n de 3 de septiembre de 2025, de la Direcci\u00f3n de Recursos Humanos de la Gerencia del Servicio Riojano de Salud por la que se hace p\u00fablica la relaci\u00f3n provisional de personas admitidas y excluidas a las pruebas selectivas de la categor\u00eda de Enfermero\/a en el Servicio Riojano de Salud, para su provisi\u00f3n por el [&hellip;]<\/p>\n","protected":false},"author":16,"featured_media":44101,"comment_status":"closed","ping_status":"open","sticky":false,"template":"","format":"standard","meta":{"_seopress_robots_primary_cat":"none","footnotes":""},"categories":[186],"tags":[23],"class_list":["post-44097","post","type-post","status-publish","format-standard","has-post-thumbnail","hentry","category-noticias","tag-enfermeria","entry"],"_links":{"self":[{"href":"https:\/\/formantia.es\/blog\/wp-json\/wp\/v2\/posts\/44097","targetHints":{"allow":["GET"]}}],"collection":[{"href":"https:\/\/formantia.es\/blog\/wp-json\/wp\/v2\/posts"}],"about":[{"href":"https:\/\/formantia.es\/blog\/wp-json\/wp\/v2\/types\/post"}],"author":[{"embeddable":true,"href":"https:\/\/formantia.es\/blog\/wp-json\/wp\/v2\/users\/16"}],"replies":[{"embeddable":true,"href":"https:\/\/formantia.es\/blog\/wp-json\/wp\/v2\/comments?post=44097"}],"version-history":[{"count":15,"href":"https:\/\/formantia.es\/blog\/wp-json\/wp\/v2\/posts\/44097\/revisions"}],"predecessor-version":[{"id":44125,"href":"https:\/\/formantia.es\/blog\/wp-json\/wp\/v2\/posts\/44097\/revisions\/44125"}],"wp:featuredmedia":[{"embeddable":true,"href":"https:\/\/formantia.es\/blog\/wp-json\/wp\/v2\/media\/44101"}],"wp:attachment":[{"href":"https:\/\/formantia.es\/blog\/wp-json\/wp\/v2\/media?parent=44097"}],"wp:term":[{"taxonomy":"category","embeddable":true,"href":"https:\/\/formantia.es\/blog\/wp-json\/wp\/v2\/categories?post=44097"},{"taxonomy":"post_tag","embeddable":true,"href":"https:\/\/formantia.es\/blog\/wp-json\/wp\/v2\/tags?post=44097"}],"curies":[{"name":"wp","href":"https:\/\/api.w.org\/{rel}","templated":true}]}}