{"id":43793,"date":"2025-08-28T12:33:12","date_gmt":"2025-08-28T10:33:12","guid":{"rendered":"https:\/\/formantia.es\/blog\/?p=43793"},"modified":"2025-08-28T12:56:26","modified_gmt":"2025-08-28T10:56:26","slug":"tcae-auxiliar-enfermeria-servicio-andaluz-de-salud-nombramiento-personal-estatutario-fijo-y-relacion-complementaria-de-aspirantes-28-08-2025","status":"publish","type":"post","link":"https:\/\/formantia.es\/blog\/tcae-auxiliar-enfermeria-servicio-andaluz-de-salud-nombramiento-personal-estatutario-fijo-y-relacion-complementaria-de-aspirantes-28-08-2025\/","title":{"rendered":"El Servicio Andaluz de Salud nombra personal estatutario fijo en la categor\u00eda de TCAE &#8211; Auxiliar de Enfermer\u00eda y acude a la relaci\u00f3n complementaria de aspirantes"},"content":{"rendered":"\t\t<div data-elementor-type=\"wp-post\" data-elementor-id=\"43793\" class=\"elementor elementor-43793\" data-elementor-post-type=\"post\">\n\t\t\t\t\t\t<section class=\"elementor-section elementor-top-section elementor-element elementor-element-658a76e elementor-section-boxed elementor-section-height-default elementor-section-height-default\" data-id=\"658a76e\" data-element_type=\"section\">\n\t\t\t\t\t\t<div class=\"elementor-container elementor-column-gap-default\">\n\t\t\t\t\t<div class=\"elementor-column elementor-col-100 elementor-top-column elementor-element elementor-element-3e8b0fb\" data-id=\"3e8b0fb\" data-element_type=\"column\">\n\t\t\t<div class=\"elementor-widget-wrap elementor-element-populated\">\n\t\t\t\t\t\t<div class=\"elementor-element elementor-element-ea310b1 elementor-widget elementor-widget-text-editor\" data-id=\"ea310b1\" data-element_type=\"widget\" data-widget_type=\"text-editor.default\">\n\t\t\t\t<div class=\"elementor-widget-container\">\n\t\t\t\t\t\t\t\t\t<p><em>Resoluci\u00f3n de 25 de agosto de 2025, de la Direcci\u00f3n General de Personal del Servicio Andaluz de Salud, que nombra personal estatutario fijo en la categor\u00eda de T\u00e9cnico\/a en Cuidados Auxiliares de Enfermer\u00eda, por el sistema de acceso libre, a los aspirantes que han superado el proceso selectivo de concurso-oposici\u00f3n, convocado mediante Resoluci\u00f3n de 22 de diciembre de 2022, se declaran deca\u00eddas las personas citadas y se acude a la relaci\u00f3n complementaria de aspirantes que, siguiendo a las que superan el concurso-oposici\u00f3n, se les requiere presentaci\u00f3n de solicitudes de petici\u00f3n de centro de destino.<\/em><\/p>\t\t\t\t\t\t\t\t<\/div>\n\t\t\t\t<\/div>\n\t\t\t\t\t<\/div>\n\t\t<\/div>\n\t\t\t\t\t<\/div>\n\t\t<\/section>\n\t\t\t\t<section class=\"elementor-section elementor-top-section elementor-element elementor-element-f7b40fd elementor-section-boxed elementor-section-height-default elementor-section-height-default\" data-id=\"f7b40fd\" data-element_type=\"section\">\n\t\t\t\t\t\t<div class=\"elementor-container elementor-column-gap-default\">\n\t\t\t\t\t<div class=\"elementor-column elementor-col-100 elementor-top-column elementor-element elementor-element-fb39abc\" data-id=\"fb39abc\" data-element_type=\"column\">\n\t\t\t<div class=\"elementor-widget-wrap elementor-element-populated\">\n\t\t\t\t\t\t<div class=\"elementor-element elementor-element-3378859 elementor-widget elementor-widget-text-editor\" data-id=\"3378859\" data-element_type=\"widget\" data-widget_type=\"text-editor.default\">\n\t\t\t\t<div class=\"elementor-widget-container\">\n\t\t\t\t\t\t\t\t\t<p>\ud83d\udc49 <a href=\"https:\/\/www.juntadeandalucia.es\/eboja\/2025\/165\/BOJA25-165-00005-11609-01_00325207.pdf\" target=\"_blank\" rel=\"noopener\">Consulta aqu\u00ed toda la informaci\u00f3n<\/a><\/p>\t\t\t\t\t\t\t\t<\/div>\n\t\t\t\t<\/div>\n\t\t\t\t\t<\/div>\n\t\t<\/div>\n\t\t\t\t\t<\/div>\n\t\t<\/section>\n\t\t\t\t<section class=\"elementor-section elementor-top-section elementor-element elementor-element-fdd6a26 elementor-section-boxed elementor-section-height-default elementor-section-height-default\" data-id=\"fdd6a26\" data-element_type=\"section\">\n\t\t\t\t\t\t<div class=\"elementor-container elementor-column-gap-default\">\n\t\t\t\t\t<div class=\"elementor-column elementor-col-100 elementor-top-column elementor-element elementor-element-12a5b42\" data-id=\"12a5b42\" data-element_type=\"column\">\n\t\t\t<div class=\"elementor-widget-wrap elementor-element-populated\">\n\t\t\t\t\t\t<div class=\"elementor-element elementor-element-3f8631b elementor-widget elementor-widget-text-editor\" data-id=\"3f8631b\" data-element_type=\"widget\" data-widget_type=\"text-editor.default\">\n\t\t\t\t<div class=\"elementor-widget-container\">\n\t\t\t\t\t\t\t\t\t<p>Las personas aspirantes nombradas que han superado el concurso-oposici\u00f3n, por el sistema de acceso libre, se relacionan en el Anexo I de esta resoluci\u00f3n.<\/p><p>Se declarar deca\u00eddos en sus derechos derivados del concurso-oposici\u00f3n a las personas que se relacionan en el Anexo II.<\/p><p>La relaci\u00f3n complementaria de personas aspirantes a las que se acude en esta resoluci\u00f3n, y que se les requiere presentaci\u00f3n de solicitudes de petici\u00f3n de centro de destino, para su posible nombramiento como personal estatutario fijo, se publican en el Anexo III.<\/p>\t\t\t\t\t\t\t\t<\/div>\n\t\t\t\t<\/div>\n\t\t\t\t\t<\/div>\n\t\t<\/div>\n\t\t\t\t\t<\/div>\n\t\t<\/section>\n\t\t\t\t<section class=\"elementor-section elementor-top-section elementor-element elementor-element-f756b10 elementor-section-boxed elementor-section-height-default elementor-section-height-default\" data-id=\"f756b10\" data-element_type=\"section\">\n\t\t\t\t\t\t<div class=\"elementor-container elementor-column-gap-default\">\n\t\t\t\t\t<div class=\"elementor-column elementor-col-100 elementor-top-column elementor-element elementor-element-3e5e4f0\" data-id=\"3e5e4f0\" data-element_type=\"column\">\n\t\t\t<div class=\"elementor-widget-wrap elementor-element-populated\">\n\t\t\t\t\t\t<div class=\"elementor-element elementor-element-5b62b4d elementor-widget elementor-widget-heading\" data-id=\"5b62b4d\" data-element_type=\"widget\" data-widget_type=\"heading.default\">\n\t\t\t\t<div class=\"elementor-widget-container\">\n\t\t\t\t\t<h3 class=\"elementor-heading-title elementor-size-default\">Plazo<\/h3>\t\t\t\t<\/div>\n\t\t\t\t<\/div>\n\t\t\t\t\t<\/div>\n\t\t<\/div>\n\t\t\t\t\t<\/div>\n\t\t<\/section>\n\t\t\t\t<section class=\"elementor-section elementor-top-section elementor-element elementor-element-66525f3 elementor-section-boxed elementor-section-height-default elementor-section-height-default\" data-id=\"66525f3\" data-element_type=\"section\">\n\t\t\t\t\t\t<div class=\"elementor-container elementor-column-gap-default\">\n\t\t\t\t\t<div class=\"elementor-column elementor-col-100 elementor-top-column elementor-element elementor-element-66783e4\" data-id=\"66783e4\" data-element_type=\"column\">\n\t\t\t<div class=\"elementor-widget-wrap elementor-element-populated\">\n\t\t\t\t\t\t<div class=\"elementor-element elementor-element-8639ab0 elementor-widget elementor-widget-text-editor\" data-id=\"8639ab0\" data-element_type=\"widget\" data-widget_type=\"text-editor.default\">\n\t\t\t\t<div class=\"elementor-widget-container\">\n\t\t\t\t\t\t\t\t\t<p>El plazo de toma de posesi\u00f3n ser\u00e1 de un mes improrrogable, contado desde el primer d\u00eda h\u00e1bil siguiente al de publicaci\u00f3n de la presente resoluci\u00f3n.<\/p><p>Las personas aspirantes que figuran en el Anexo III deber\u00e1n presentar, en el plazo de 5 d\u00edas h\u00e1biles, a contar desde el d\u00eda siguiente h\u00e1bil al de publicaci\u00f3n de la presente resoluci\u00f3n.<\/p>\t\t\t\t\t\t\t\t<\/div>\n\t\t\t\t<\/div>\n\t\t\t\t\t<\/div>\n\t\t<\/div>\n\t\t\t\t\t<\/div>\n\t\t<\/section>\n\t\t\t\t<section class=\"elementor-section elementor-top-section elementor-element elementor-element-de2a61c elementor-section-boxed elementor-section-height-default elementor-section-height-default\" data-id=\"de2a61c\" data-element_type=\"section\">\n\t\t\t\t\t\t<div class=\"elementor-container elementor-column-gap-default\">\n\t\t\t\t\t<div class=\"elementor-column elementor-col-100 elementor-top-column elementor-element elementor-element-2b7e229\" data-id=\"2b7e229\" data-element_type=\"column\">\n\t\t\t<div class=\"elementor-widget-wrap elementor-element-populated\">\n\t\t\t\t\t\t<div class=\"elementor-element elementor-element-81d2cc0 elementor-widget elementor-widget-text-editor\" data-id=\"81d2cc0\" data-element_type=\"widget\" data-widget_type=\"text-editor.default\">\n\t\t\t\t<div class=\"elementor-widget-container\">\n\t\t\t\t\t\t\t\t\t<p class=\"p1\">Disclaimer\/aviso:<\/p><p class=\"p1\">La informaci\u00f3n provista en los post del blog de Formantia no constituye ni pretende constituir asesoramiento legal personalizado; toda la informaci\u00f3n facilitada es solo para fines informativos generales y pueden no constituir informaci\u00f3n exhaustiva.<\/p><p class=\"p1\">En la medida que el blog contenga enlaces a otros contenidos de terceros, dichos enlaces son solo para la ampliar la informaci\u00f3n del lector, usuario o navegador; Formantia no recomienda ni respalda dicho contenido.<\/p><p class=\"p1\">Se renuncia expresamente a toda responsabilidad con respecto a las acciones tomadas o no tomadas en base al contenido de los post del blog.<\/p>\t\t\t\t\t\t\t\t<\/div>\n\t\t\t\t<\/div>\n\t\t\t\t\t<\/div>\n\t\t<\/div>\n\t\t\t\t\t<\/div>\n\t\t<\/section>\n\t\t\t\t<\/div>\n\t\t","protected":false},"excerpt":{"rendered":"<p>Resoluci\u00f3n de 25 de agosto de 2025, de la Direcci\u00f3n General de Personal del Servicio Andaluz de Salud, que nombra personal estatutario fijo en la categor\u00eda de T\u00e9cnico\/a en Cuidados Auxiliares de Enfermer\u00eda, por el sistema de acceso libre, a los aspirantes que han superado el proceso selectivo de concurso-oposici\u00f3n, convocado mediante Resoluci\u00f3n de 22 [&hellip;]<\/p>\n","protected":false},"author":16,"featured_media":43779,"comment_status":"closed","ping_status":"open","sticky":false,"template":"","format":"standard","meta":{"_seopress_robots_primary_cat":"none","footnotes":""},"categories":[186],"tags":[40],"class_list":["post-43793","post","type-post","status-publish","format-standard","has-post-thumbnail","hentry","category-noticias","tag-tcae","entry"],"_links":{"self":[{"href":"https:\/\/formantia.es\/blog\/wp-json\/wp\/v2\/posts\/43793","targetHints":{"allow":["GET"]}}],"collection":[{"href":"https:\/\/formantia.es\/blog\/wp-json\/wp\/v2\/posts"}],"about":[{"href":"https:\/\/formantia.es\/blog\/wp-json\/wp\/v2\/types\/post"}],"author":[{"embeddable":true,"href":"https:\/\/formantia.es\/blog\/wp-json\/wp\/v2\/users\/16"}],"replies":[{"embeddable":true,"href":"https:\/\/formantia.es\/blog\/wp-json\/wp\/v2\/comments?post=43793"}],"version-history":[{"count":7,"href":"https:\/\/formantia.es\/blog\/wp-json\/wp\/v2\/posts\/43793\/revisions"}],"predecessor-version":[{"id":43802,"href":"https:\/\/formantia.es\/blog\/wp-json\/wp\/v2\/posts\/43793\/revisions\/43802"}],"wp:featuredmedia":[{"embeddable":true,"href":"https:\/\/formantia.es\/blog\/wp-json\/wp\/v2\/media\/43779"}],"wp:attachment":[{"href":"https:\/\/formantia.es\/blog\/wp-json\/wp\/v2\/media?parent=43793"}],"wp:term":[{"taxonomy":"category","embeddable":true,"href":"https:\/\/formantia.es\/blog\/wp-json\/wp\/v2\/categories?post=43793"},{"taxonomy":"post_tag","embeddable":true,"href":"https:\/\/formantia.es\/blog\/wp-json\/wp\/v2\/tags?post=43793"}],"curies":[{"name":"wp","href":"https:\/\/api.w.org\/{rel}","templated":true}]}}