{"id":43774,"date":"2025-08-28T12:08:02","date_gmt":"2025-08-28T10:08:02","guid":{"rendered":"https:\/\/formantia.es\/blog\/?p=43774"},"modified":"2025-08-28T12:08:02","modified_gmt":"2025-08-28T10:08:02","slug":"tcae-auxiliar-de-enfermeria-cataluna-instituto-catalan-de-la-salud-adjudicacion-de-plazas-del-concurso-de-traslado-abierto-y-permanente-28-08-2025","status":"publish","type":"post","link":"https:\/\/formantia.es\/blog\/tcae-auxiliar-de-enfermeria-cataluna-instituto-catalan-de-la-salud-adjudicacion-de-plazas-del-concurso-de-traslado-abierto-y-permanente-28-08-2025\/","title":{"rendered":"El Instituto Catal\u00e1n de la Salud adjudica plazas del concurso de traslado abierto y permanente de TCAE \u2013 Auxiliar de Enfermer\u00eda"},"content":{"rendered":"\t\t<div data-elementor-type=\"wp-post\" data-elementor-id=\"43774\" class=\"elementor elementor-43774\" data-elementor-post-type=\"post\">\n\t\t\t\t\t\t<section class=\"elementor-section elementor-top-section elementor-element elementor-element-84280c2 elementor-section-boxed elementor-section-height-default elementor-section-height-default\" data-id=\"84280c2\" data-element_type=\"section\">\n\t\t\t\t\t\t<div class=\"elementor-container elementor-column-gap-default\">\n\t\t\t\t\t<div class=\"elementor-column elementor-col-100 elementor-top-column elementor-element elementor-element-a3ab047\" data-id=\"a3ab047\" data-element_type=\"column\">\n\t\t\t<div class=\"elementor-widget-wrap elementor-element-populated\">\n\t\t\t\t\t\t<div class=\"elementor-element elementor-element-7a74753 elementor-widget elementor-widget-text-editor\" data-id=\"7a74753\" data-element_type=\"widget\" data-widget_type=\"text-editor.default\">\n\t\t\t\t<div class=\"elementor-widget-container\">\n\t\t\t\t\t\t\t\t\t<p><em>Resoluci\u00f3n SLT\/3210\/2025, de 19 de agosto, de adjudicaci\u00f3n de la edici\u00f3n 2024 de la convocatoria \u00fanica del concurso de traslado abierto y permanente, publicada mediante la Resoluci\u00f3n SLT\/2099\/2020, de 25 de agosto, en el DOGC n\u00fam. 8214, de 31.8.2020, la cual est\u00e1 prevista en el Acuerdo de la Mesa Sectorial de Negociaci\u00f3n de Sanidad para el desarrollo de la l\u00ednea 5.4 del Plan de ordenaci\u00f3n de recursos humanos del Instituto Catal\u00e1n de la Salud para el periodo 2016-2020, para la potenciaci\u00f3n de los procesos de movilidad voluntaria.<\/em><\/p>\t\t\t\t\t\t\t\t<\/div>\n\t\t\t\t<\/div>\n\t\t\t\t\t<\/div>\n\t\t<\/div>\n\t\t\t\t\t<\/div>\n\t\t<\/section>\n\t\t\t\t<section class=\"elementor-section elementor-top-section elementor-element elementor-element-4254911 elementor-section-boxed elementor-section-height-default elementor-section-height-default\" data-id=\"4254911\" data-element_type=\"section\">\n\t\t\t\t\t\t<div class=\"elementor-container elementor-column-gap-default\">\n\t\t\t\t\t<div class=\"elementor-column elementor-col-100 elementor-top-column elementor-element elementor-element-a032269\" data-id=\"a032269\" data-element_type=\"column\">\n\t\t\t<div class=\"elementor-widget-wrap elementor-element-populated\">\n\t\t\t\t\t\t<div class=\"elementor-element elementor-element-c7394cb elementor-widget elementor-widget-text-editor\" data-id=\"c7394cb\" data-element_type=\"widget\" data-widget_type=\"text-editor.default\">\n\t\t\t\t<div class=\"elementor-widget-container\">\n\t\t\t\t\t\t\t\t\t<p>\ud83d\udc49 <a href=\"https:\/\/portaldogc.gencat.cat\/utilsEADOP\/PDF\/9488\/2106959.pdf\" target=\"_blank\" rel=\"noopener\">Consulta aqu\u00ed toda la informaci\u00f3n<\/a><\/p>\t\t\t\t\t\t\t\t<\/div>\n\t\t\t\t<\/div>\n\t\t\t\t\t<\/div>\n\t\t<\/div>\n\t\t\t\t\t<\/div>\n\t\t<\/section>\n\t\t\t\t<section class=\"elementor-section elementor-top-section elementor-element elementor-element-d6ebcc7 elementor-section-boxed elementor-section-height-default elementor-section-height-default\" data-id=\"d6ebcc7\" data-element_type=\"section\">\n\t\t\t\t\t\t<div class=\"elementor-container elementor-column-gap-default\">\n\t\t\t\t\t<div class=\"elementor-column elementor-col-100 elementor-top-column elementor-element elementor-element-4a56a16\" data-id=\"4a56a16\" data-element_type=\"column\">\n\t\t\t<div class=\"elementor-widget-wrap elementor-element-populated\">\n\t\t\t\t\t\t<div class=\"elementor-element elementor-element-44d822e elementor-widget elementor-widget-text-editor\" data-id=\"44d822e\" data-element_type=\"widget\" data-widget_type=\"text-editor.default\">\n\t\t\t\t<div class=\"elementor-widget-container\">\n\t\t\t\t\t\t\t\t\t<p>La segunda adjudicaci\u00f3n de las plazas b\u00e1sicas del Instituto Catal\u00e1n de la Salud, correspondientes a la edici\u00f3n 2024 del concurso de traslado abierto y permanente, figura en el anexo de la Resoluci\u00f3n.<\/p>\t\t\t\t\t\t\t\t<\/div>\n\t\t\t\t<\/div>\n\t\t\t\t\t<\/div>\n\t\t<\/div>\n\t\t\t\t\t<\/div>\n\t\t<\/section>\n\t\t\t\t<section class=\"elementor-section elementor-top-section elementor-element elementor-element-a4a824d elementor-section-boxed elementor-section-height-default elementor-section-height-default\" data-id=\"a4a824d\" data-element_type=\"section\">\n\t\t\t\t\t\t<div class=\"elementor-container elementor-column-gap-default\">\n\t\t\t\t\t<div class=\"elementor-column elementor-col-100 elementor-top-column elementor-element elementor-element-bbf8bf2\" data-id=\"bbf8bf2\" data-element_type=\"column\">\n\t\t\t<div class=\"elementor-widget-wrap elementor-element-populated\">\n\t\t\t\t\t\t<div class=\"elementor-element elementor-element-93caee3 elementor-widget elementor-widget-heading\" data-id=\"93caee3\" data-element_type=\"widget\" data-widget_type=\"heading.default\">\n\t\t\t\t<div class=\"elementor-widget-container\">\n\t\t\t\t\t<h3 class=\"elementor-heading-title elementor-size-default\">Plazo<\/h3>\t\t\t\t<\/div>\n\t\t\t\t<\/div>\n\t\t\t\t\t<\/div>\n\t\t<\/div>\n\t\t\t\t\t<\/div>\n\t\t<\/section>\n\t\t\t\t<section class=\"elementor-section elementor-top-section elementor-element elementor-element-2dc8517 elementor-section-boxed elementor-section-height-default elementor-section-height-default\" data-id=\"2dc8517\" data-element_type=\"section\">\n\t\t\t\t\t\t<div class=\"elementor-container elementor-column-gap-default\">\n\t\t\t\t\t<div class=\"elementor-column elementor-col-100 elementor-top-column elementor-element elementor-element-09a7d24\" data-id=\"09a7d24\" data-element_type=\"column\">\n\t\t\t<div class=\"elementor-widget-wrap elementor-element-populated\">\n\t\t\t\t\t\t<div class=\"elementor-element elementor-element-cbe66da elementor-widget elementor-widget-text-editor\" data-id=\"cbe66da\" data-element_type=\"widget\" data-widget_type=\"text-editor.default\">\n\t\t\t\t<div class=\"elementor-widget-container\">\n\t\t\t\t\t\t\t\t\t<p>El plazo para la toma de posesi\u00f3n en el nuevo destino y la incorporaci\u00f3n efectiva en el nuevo puesto deber\u00e1 corresponderse con lo que establece el art\u00edculo 75 del Decreto 123\/1997, de 13 de mayo, por el que se aprueba el Reglamento general de provisi\u00f3n de los puestos de trabajo y promoci\u00f3n profesional de los funcionarios de la Generalidad de Catalu\u00f1a.<\/p><p>En el caso de que la adjudicaci\u00f3n comporte el reingreso al servicio activo, el plazo es de un mes contador desde la publicaci\u00f3n la presente Resoluci\u00f3n de adjudicaci\u00f3n.<\/p><p>Cuando se derive un cambio en el servicio de salud de destino, el plazo es de un mes contador desde el d\u00eda del cese en el destino anterior, que deber\u00e1 producirse en los tres d\u00edas siguientes a la publicaci\u00f3n de la presente Resoluci\u00f3n de adjudicaci\u00f3n.<\/p>\t\t\t\t\t\t\t\t<\/div>\n\t\t\t\t<\/div>\n\t\t\t\t\t<\/div>\n\t\t<\/div>\n\t\t\t\t\t<\/div>\n\t\t<\/section>\n\t\t\t\t<section class=\"elementor-section elementor-top-section elementor-element elementor-element-707fe26 elementor-section-boxed elementor-section-height-default elementor-section-height-default\" data-id=\"707fe26\" data-element_type=\"section\">\n\t\t\t\t\t\t<div class=\"elementor-container elementor-column-gap-default\">\n\t\t\t\t\t<div class=\"elementor-column elementor-col-100 elementor-top-column elementor-element elementor-element-2df645a\" data-id=\"2df645a\" data-element_type=\"column\">\n\t\t\t<div class=\"elementor-widget-wrap elementor-element-populated\">\n\t\t\t\t\t\t<div class=\"elementor-element elementor-element-93ad1f6 elementor-widget elementor-widget-text-editor\" data-id=\"93ad1f6\" data-element_type=\"widget\" data-widget_type=\"text-editor.default\">\n\t\t\t\t<div class=\"elementor-widget-container\">\n\t\t\t\t\t\t\t\t\t<p class=\"p1\">Disclaimer\/aviso:<\/p><p class=\"p1\">La informaci\u00f3n provista en los post del blog de Formantia no constituye ni pretende constituir asesoramiento legal personalizado; toda la informaci\u00f3n facilitada es solo para fines informativos generales y pueden no constituir informaci\u00f3n exhaustiva.<\/p><p class=\"p1\">En la medida que el blog contenga enlaces a otros contenidos de terceros, dichos enlaces son solo para la ampliar la informaci\u00f3n del lector, usuario o navegador; Formantia no recomienda ni respalda dicho contenido.<\/p><p class=\"p1\">Se renuncia expresamente a toda responsabilidad con respecto a las acciones tomadas o no tomadas en base al contenido de los post del blog.<\/p>\t\t\t\t\t\t\t\t<\/div>\n\t\t\t\t<\/div>\n\t\t\t\t\t<\/div>\n\t\t<\/div>\n\t\t\t\t\t<\/div>\n\t\t<\/section>\n\t\t\t\t<\/div>\n\t\t","protected":false},"excerpt":{"rendered":"<p>Resoluci\u00f3n SLT\/3210\/2025, de 19 de agosto, de adjudicaci\u00f3n de la edici\u00f3n 2024 de la convocatoria \u00fanica del concurso de traslado abierto y permanente, publicada mediante la Resoluci\u00f3n SLT\/2099\/2020, de 25 de agosto, en el DOGC n\u00fam. 8214, de 31.8.2020, la cual est\u00e1 prevista en el Acuerdo de la Mesa Sectorial de Negociaci\u00f3n de Sanidad para [&hellip;]<\/p>\n","protected":false},"author":16,"featured_media":43778,"comment_status":"closed","ping_status":"open","sticky":false,"template":"","format":"standard","meta":{"_seopress_robots_primary_cat":"none","footnotes":""},"categories":[186],"tags":[40],"class_list":["post-43774","post","type-post","status-publish","format-standard","has-post-thumbnail","hentry","category-noticias","tag-tcae","entry"],"_links":{"self":[{"href":"https:\/\/formantia.es\/blog\/wp-json\/wp\/v2\/posts\/43774","targetHints":{"allow":["GET"]}}],"collection":[{"href":"https:\/\/formantia.es\/blog\/wp-json\/wp\/v2\/posts"}],"about":[{"href":"https:\/\/formantia.es\/blog\/wp-json\/wp\/v2\/types\/post"}],"author":[{"embeddable":true,"href":"https:\/\/formantia.es\/blog\/wp-json\/wp\/v2\/users\/16"}],"replies":[{"embeddable":true,"href":"https:\/\/formantia.es\/blog\/wp-json\/wp\/v2\/comments?post=43774"}],"version-history":[{"count":5,"href":"https:\/\/formantia.es\/blog\/wp-json\/wp\/v2\/posts\/43774\/revisions"}],"predecessor-version":[{"id":43784,"href":"https:\/\/formantia.es\/blog\/wp-json\/wp\/v2\/posts\/43774\/revisions\/43784"}],"wp:featuredmedia":[{"embeddable":true,"href":"https:\/\/formantia.es\/blog\/wp-json\/wp\/v2\/media\/43778"}],"wp:attachment":[{"href":"https:\/\/formantia.es\/blog\/wp-json\/wp\/v2\/media?parent=43774"}],"wp:term":[{"taxonomy":"category","embeddable":true,"href":"https:\/\/formantia.es\/blog\/wp-json\/wp\/v2\/categories?post=43774"},{"taxonomy":"post_tag","embeddable":true,"href":"https:\/\/formantia.es\/blog\/wp-json\/wp\/v2\/tags?post=43774"}],"curies":[{"name":"wp","href":"https:\/\/api.w.org\/{rel}","templated":true}]}}