{"id":43617,"date":"2025-08-21T12:50:29","date_gmt":"2025-08-21T10:50:29","guid":{"rendered":"https:\/\/formantia.es\/blog\/?p=43617"},"modified":"2025-08-21T12:50:29","modified_gmt":"2025-08-21T10:50:29","slug":"higienista-tecnico-superior-higiene-bucodental-aragon-servicio-de-salud-publicada-la-lista-definitiva-de-puntuacion-obtenida-en-la-convocatoria-para-la-cobertura-temporal-de-plazas-21-08-2025","status":"publish","type":"post","link":"https:\/\/formantia.es\/blog\/higienista-tecnico-superior-higiene-bucodental-aragon-servicio-de-salud-publicada-la-lista-definitiva-de-puntuacion-obtenida-en-la-convocatoria-para-la-cobertura-temporal-de-plazas-21-08-2025\/","title":{"rendered":"El Servicio Aragon\u00e9s de Salud publica la lista definitiva de puntuaci\u00f3n obtenida en la convocatoria abierta y permanente para la cobertura temporal de plazas de Higienista &#8211; T\u00e9cnico Superior Higiene Bucodental"},"content":{"rendered":"\t\t<div data-elementor-type=\"wp-post\" data-elementor-id=\"43617\" class=\"elementor elementor-43617\" data-elementor-post-type=\"post\">\n\t\t\t\t\t\t<section class=\"elementor-section elementor-top-section elementor-element elementor-element-d287cce elementor-section-boxed elementor-section-height-default elementor-section-height-default\" data-id=\"d287cce\" data-element_type=\"section\">\n\t\t\t\t\t\t<div class=\"elementor-container elementor-column-gap-default\">\n\t\t\t\t\t<div class=\"elementor-column elementor-col-100 elementor-top-column elementor-element elementor-element-4cc4aff\" data-id=\"4cc4aff\" data-element_type=\"column\">\n\t\t\t<div class=\"elementor-widget-wrap elementor-element-populated\">\n\t\t\t\t\t\t<div class=\"elementor-element elementor-element-7039e9c elementor-widget elementor-widget-text-editor\" data-id=\"7039e9c\" data-element_type=\"widget\" data-widget_type=\"text-editor.default\">\n\t\t\t\t<div class=\"elementor-widget-container\">\n\t\t\t\t\t\t\t\t\t<p><em>RESOLUCI\u00d3N de 28 de julio de 2025, de la Direcci\u00f3n Gerencia del Servicio Aragon\u00e9s de Salud, por la que se publica la lista definitiva de puntuaci\u00f3n obtenida en la convocatoria abierta y permanente para la cobertura temporal de plazas estatutarias de la categor\u00eda de T\u00e9cnico\/a Superior de Higiene Bucodental en el \u00e1mbito de los centros sanitarios del Servicio Aragon\u00e9s de Salud.<\/em><\/p>\t\t\t\t\t\t\t\t<\/div>\n\t\t\t\t<\/div>\n\t\t\t\t\t<\/div>\n\t\t<\/div>\n\t\t\t\t\t<\/div>\n\t\t<\/section>\n\t\t\t\t<section class=\"elementor-section elementor-top-section elementor-element elementor-element-3ff484c elementor-section-boxed elementor-section-height-default elementor-section-height-default\" data-id=\"3ff484c\" data-element_type=\"section\">\n\t\t\t\t\t\t<div class=\"elementor-container elementor-column-gap-default\">\n\t\t\t\t\t<div class=\"elementor-column elementor-col-100 elementor-top-column elementor-element elementor-element-c48b59a\" data-id=\"c48b59a\" data-element_type=\"column\">\n\t\t\t<div class=\"elementor-widget-wrap elementor-element-populated\">\n\t\t\t\t\t\t<div class=\"elementor-element elementor-element-cc68765 elementor-widget elementor-widget-text-editor\" data-id=\"cc68765\" data-element_type=\"widget\" data-widget_type=\"text-editor.default\">\n\t\t\t\t<div class=\"elementor-widget-container\">\n\t\t\t\t\t\t\t\t\t<p>\ud83d\udc49 <a href=\"https:\/\/www.boa.aragon.es\/cgi-bin\/EBOA\/BRSCGI?CMD=VEROBJ&amp;MLKOB=1408495570404\" target=\"_blank\" rel=\"noopener\">Consulta aqu\u00ed toda la informaci\u00f3n<\/a><\/p>\t\t\t\t\t\t\t\t<\/div>\n\t\t\t\t<\/div>\n\t\t\t\t\t<\/div>\n\t\t<\/div>\n\t\t\t\t\t<\/div>\n\t\t<\/section>\n\t\t\t\t<section class=\"elementor-section elementor-top-section elementor-element elementor-element-fd67aad elementor-section-boxed elementor-section-height-default elementor-section-height-default\" data-id=\"fd67aad\" data-element_type=\"section\">\n\t\t\t\t\t\t<div class=\"elementor-container elementor-column-gap-default\">\n\t\t\t\t\t<div class=\"elementor-column elementor-col-100 elementor-top-column elementor-element elementor-element-a444600\" data-id=\"a444600\" data-element_type=\"column\">\n\t\t\t<div class=\"elementor-widget-wrap elementor-element-populated\">\n\t\t\t\t\t\t<div class=\"elementor-element elementor-element-77fa31a elementor-widget elementor-widget-heading\" data-id=\"77fa31a\" data-element_type=\"widget\" data-widget_type=\"heading.default\">\n\t\t\t\t<div class=\"elementor-widget-container\">\n\t\t\t\t\t<h3 class=\"elementor-heading-title elementor-size-default\">Plazo<\/h3>\t\t\t\t<\/div>\n\t\t\t\t<\/div>\n\t\t\t\t\t<\/div>\n\t\t<\/div>\n\t\t\t\t\t<\/div>\n\t\t<\/section>\n\t\t\t\t<section class=\"elementor-section elementor-top-section elementor-element elementor-element-eb51a61 elementor-section-boxed elementor-section-height-default elementor-section-height-default\" data-id=\"eb51a61\" data-element_type=\"section\">\n\t\t\t\t\t\t<div class=\"elementor-container elementor-column-gap-default\">\n\t\t\t\t\t<div class=\"elementor-column elementor-col-100 elementor-top-column elementor-element elementor-element-6eda782\" data-id=\"6eda782\" data-element_type=\"column\">\n\t\t\t<div class=\"elementor-widget-wrap elementor-element-populated\">\n\t\t\t\t\t\t<div class=\"elementor-element elementor-element-06b71ef elementor-widget elementor-widget-text-editor\" data-id=\"06b71ef\" data-element_type=\"widget\" data-widget_type=\"text-editor.default\">\n\t\t\t\t<div class=\"elementor-widget-container\">\n\t\t\t\t\t\t\t\t\t<p>Se establece como fecha de corte para la pr\u00f3xima actualizaci\u00f3n de esta bolsa el d\u00eda 30 de septiembre de 2025 (incluido). Los interesados que ya est\u00e1n inscritos en esta convocatoria deben \u00fanicamente registrar sus nuevos m\u00e9ritos en el Portal de Recursos Humanos del Servicio Aragon\u00e9s de Salud hasta esa fecha.<\/p>\t\t\t\t\t\t\t\t<\/div>\n\t\t\t\t<\/div>\n\t\t\t\t\t<\/div>\n\t\t<\/div>\n\t\t\t\t\t<\/div>\n\t\t<\/section>\n\t\t\t\t<section class=\"elementor-section elementor-top-section elementor-element elementor-element-870c2b9 elementor-section-boxed elementor-section-height-default elementor-section-height-default\" data-id=\"870c2b9\" data-element_type=\"section\">\n\t\t\t\t\t\t<div class=\"elementor-container elementor-column-gap-default\">\n\t\t\t\t\t<div class=\"elementor-column elementor-col-100 elementor-top-column elementor-element elementor-element-aacf566\" data-id=\"aacf566\" data-element_type=\"column\">\n\t\t\t<div class=\"elementor-widget-wrap elementor-element-populated\">\n\t\t\t\t\t\t<div class=\"elementor-element elementor-element-d26921b elementor-widget elementor-widget-text-editor\" data-id=\"d26921b\" data-element_type=\"widget\" data-widget_type=\"text-editor.default\">\n\t\t\t\t<div class=\"elementor-widget-container\">\n\t\t\t\t\t\t\t\t\t<p class=\"p1\">Disclaimer\/aviso:<\/p><p class=\"p1\">La informaci\u00f3n provista en los post del blog de Formantia no constituye ni pretende constituir asesoramiento legal personalizado; toda la informaci\u00f3n facilitada es solo para fines informativos generales y pueden no constituir informaci\u00f3n exhaustiva.<\/p><p class=\"p1\">En la medida que el blog contenga enlaces a otros contenidos de terceros, dichos enlaces son solo para la ampliar la informaci\u00f3n del lector, usuario o navegador; Formantia no recomienda ni respalda dicho contenido.<\/p><p class=\"p1\">Se renuncia expresamente a toda responsabilidad con respecto a las acciones tomadas o no tomadas en base al contenido de los post del blog.<\/p>\t\t\t\t\t\t\t\t<\/div>\n\t\t\t\t<\/div>\n\t\t\t\t\t<\/div>\n\t\t<\/div>\n\t\t\t\t\t<\/div>\n\t\t<\/section>\n\t\t\t\t<\/div>\n\t\t","protected":false},"excerpt":{"rendered":"<p>RESOLUCI\u00d3N de 28 de julio de 2025, de la Direcci\u00f3n Gerencia del Servicio Aragon\u00e9s de Salud, por la que se publica la lista definitiva de puntuaci\u00f3n obtenida en la convocatoria abierta y permanente para la cobertura temporal de plazas estatutarias de la categor\u00eda de T\u00e9cnico\/a Superior de Higiene Bucodental en el \u00e1mbito de los centros [&hellip;]<\/p>\n","protected":false},"author":16,"featured_media":43610,"comment_status":"closed","ping_status":"open","sticky":false,"template":"","format":"standard","meta":{"_seopress_robots_primary_cat":"none","footnotes":""},"categories":[186],"tags":[42],"class_list":["post-43617","post","type-post","status-publish","format-standard","has-post-thumbnail","hentry","category-noticias","tag-tel","entry"],"_links":{"self":[{"href":"https:\/\/formantia.es\/blog\/wp-json\/wp\/v2\/posts\/43617","targetHints":{"allow":["GET"]}}],"collection":[{"href":"https:\/\/formantia.es\/blog\/wp-json\/wp\/v2\/posts"}],"about":[{"href":"https:\/\/formantia.es\/blog\/wp-json\/wp\/v2\/types\/post"}],"author":[{"embeddable":true,"href":"https:\/\/formantia.es\/blog\/wp-json\/wp\/v2\/users\/16"}],"replies":[{"embeddable":true,"href":"https:\/\/formantia.es\/blog\/wp-json\/wp\/v2\/comments?post=43617"}],"version-history":[{"count":5,"href":"https:\/\/formantia.es\/blog\/wp-json\/wp\/v2\/posts\/43617\/revisions"}],"predecessor-version":[{"id":43624,"href":"https:\/\/formantia.es\/blog\/wp-json\/wp\/v2\/posts\/43617\/revisions\/43624"}],"wp:featuredmedia":[{"embeddable":true,"href":"https:\/\/formantia.es\/blog\/wp-json\/wp\/v2\/media\/43610"}],"wp:attachment":[{"href":"https:\/\/formantia.es\/blog\/wp-json\/wp\/v2\/media?parent=43617"}],"wp:term":[{"taxonomy":"category","embeddable":true,"href":"https:\/\/formantia.es\/blog\/wp-json\/wp\/v2\/categories?post=43617"},{"taxonomy":"post_tag","embeddable":true,"href":"https:\/\/formantia.es\/blog\/wp-json\/wp\/v2\/tags?post=43617"}],"curies":[{"name":"wp","href":"https:\/\/api.w.org\/{rel}","templated":true}]}}