{"id":43595,"date":"2025-08-21T11:05:44","date_gmt":"2025-08-21T09:05:44","guid":{"rendered":"https:\/\/formantia.es\/blog\/?p=43595"},"modified":"2025-09-11T15:22:17","modified_gmt":"2025-09-11T13:22:17","slug":"eir-ministerio-de-sanidad-oferta-de-plazas-y-convocatoria-de-pruebas-selectivas-formacion-sanitaria-especializada-21-08-2025","status":"publish","type":"post","link":"https:\/\/formantia.es\/blog\/eir-ministerio-de-sanidad-oferta-de-plazas-y-convocatoria-de-pruebas-selectivas-formacion-sanitaria-especializada-21-08-2025\/","title":{"rendered":"El Ministerio de Sanidad aprueba la oferta de plazas y la convocatoria de pruebas selectivas 2025 para el acceso en el a\u00f1o 2026 a plazas de formaci\u00f3n sanitaria especializada para Enfermer\u00eda"},"content":{"rendered":"\t\t<div data-elementor-type=\"wp-post\" data-elementor-id=\"43595\" class=\"elementor elementor-43595\" data-elementor-post-type=\"post\">\n\t\t\t\t\t\t<section class=\"elementor-section elementor-top-section elementor-element elementor-element-9f24517 elementor-section-boxed elementor-section-height-default elementor-section-height-default\" data-id=\"9f24517\" data-element_type=\"section\">\n\t\t\t\t\t\t<div class=\"elementor-container elementor-column-gap-default\">\n\t\t\t\t\t<div class=\"elementor-column elementor-col-100 elementor-top-column elementor-element elementor-element-6d133a3\" data-id=\"6d133a3\" data-element_type=\"column\">\n\t\t\t<div class=\"elementor-widget-wrap elementor-element-populated\">\n\t\t\t\t\t\t<div class=\"elementor-element elementor-element-255518f elementor-widget elementor-widget-text-editor\" data-id=\"255518f\" data-element_type=\"widget\" data-widget_type=\"text-editor.default\">\n\t\t\t\t<div class=\"elementor-widget-container\">\n\t\t\t\t\t\t\t\t\t<p><em>Orden SND\/928\/2025, de 14 de agosto, por la que se aprueba la oferta de plazas y la convocatoria de pruebas selectivas 2025 para el acceso en el a\u00f1o 2026 a plazas de formaci\u00f3n sanitaria especializada para las titulaciones universitarias de grado\/licenciatura\/diplomatura de Medicina, Farmacia, Enfermer\u00eda y del \u00e1mbito de la Psicolog\u00eda, la Qu\u00edmica, la Biolog\u00eda y la F\u00edsica.<\/em><\/p>\t\t\t\t\t\t\t\t<\/div>\n\t\t\t\t<\/div>\n\t\t\t\t\t<\/div>\n\t\t<\/div>\n\t\t\t\t\t<\/div>\n\t\t<\/section>\n\t\t\t\t<section class=\"elementor-section elementor-top-section elementor-element elementor-element-dfa831b elementor-section-boxed elementor-section-height-default elementor-section-height-default\" data-id=\"dfa831b\" data-element_type=\"section\">\n\t\t\t\t\t\t<div class=\"elementor-container elementor-column-gap-default\">\n\t\t\t\t\t<div class=\"elementor-column elementor-col-100 elementor-top-column elementor-element elementor-element-0ae4a3e\" data-id=\"0ae4a3e\" data-element_type=\"column\">\n\t\t\t<div class=\"elementor-widget-wrap elementor-element-populated\">\n\t\t\t\t\t\t<div class=\"elementor-element elementor-element-d55f842 elementor-widget elementor-widget-text-editor\" data-id=\"d55f842\" data-element_type=\"widget\" data-widget_type=\"text-editor.default\">\n\t\t\t\t<div class=\"elementor-widget-container\">\n\t\t\t\t\t\t\t\t\t<p>\ud83d\udc49 <a href=\"https:\/\/www.boe.es\/boe\/dias\/2025\/08\/21\/pdfs\/BOE-A-2025-17059.pdf\" target=\"_blank\" rel=\"noopener\">Consulta aqu\u00ed toda la informaci\u00f3n<\/a><\/p>\t\t\t\t\t\t\t\t<\/div>\n\t\t\t\t<\/div>\n\t\t\t\t\t<\/div>\n\t\t<\/div>\n\t\t\t\t\t<\/div>\n\t\t<\/section>\n\t\t\t\t<section class=\"elementor-section elementor-top-section elementor-element elementor-element-d66286f elementor-section-boxed elementor-section-height-default elementor-section-height-default\" data-id=\"d66286f\" data-element_type=\"section\">\n\t\t\t\t\t\t<div class=\"elementor-container elementor-column-gap-default\">\n\t\t\t\t\t<div class=\"elementor-column elementor-col-100 elementor-top-column elementor-element elementor-element-759e2fb\" data-id=\"759e2fb\" data-element_type=\"column\">\n\t\t\t<div class=\"elementor-widget-wrap elementor-element-populated\">\n\t\t\t\t\t\t<div class=\"elementor-element elementor-element-469ef8f elementor-widget elementor-widget-heading\" data-id=\"469ef8f\" data-element_type=\"widget\" data-widget_type=\"heading.default\">\n\t\t\t\t<div class=\"elementor-widget-container\">\n\t\t\t\t\t<h3 class=\"elementor-heading-title elementor-size-default\">N\u00famero de plazas<\/h3>\t\t\t\t<\/div>\n\t\t\t\t<\/div>\n\t\t\t\t\t<\/div>\n\t\t<\/div>\n\t\t\t\t\t<\/div>\n\t\t<\/section>\n\t\t\t\t<section class=\"elementor-section elementor-top-section elementor-element elementor-element-87d00b6 elementor-section-boxed elementor-section-height-default elementor-section-height-default\" data-id=\"87d00b6\" data-element_type=\"section\">\n\t\t\t\t\t\t<div class=\"elementor-container elementor-column-gap-default\">\n\t\t\t\t\t<div class=\"elementor-column elementor-col-100 elementor-top-column elementor-element elementor-element-2d8003b\" data-id=\"2d8003b\" data-element_type=\"column\">\n\t\t\t<div class=\"elementor-widget-wrap elementor-element-populated\">\n\t\t\t\t\t\t<div class=\"elementor-element elementor-element-533058a elementor-widget elementor-widget-text-editor\" data-id=\"533058a\" data-element_type=\"widget\" data-widget_type=\"text-editor.default\">\n\t\t\t\t<div class=\"elementor-widget-container\">\n\t\t\t\t\t\t\t\t\t<p>Se ofertan <strong>2.279 plazas<\/strong> de enfermer\u00eda, con la siguiente distribuci\u00f3n por especialidad:<\/p><ul><li>Enfermer\u00eda de salud mental: 356 plazas.<\/li><li>Enfermer\u00eda del trabajo: 108 plazas.<\/li><li>Enfermer\u00eda familiar y comunitaria: 964 plazas.<\/li><li>Enfermer\u00eda geri\u00e1trica: 99 plazas.<\/li><li>Enfermer\u00eda obstetrico-ginecol\u00f3gica.: 477 plazas.<\/li><li>Enfermer\u00eda pedi\u00e1trica: 275 plazas.<\/li><\/ul>\t\t\t\t\t\t\t\t<\/div>\n\t\t\t\t<\/div>\n\t\t\t\t\t<\/div>\n\t\t<\/div>\n\t\t\t\t\t<\/div>\n\t\t<\/section>\n\t\t\t\t<section class=\"elementor-section elementor-top-section elementor-element elementor-element-1a13227 elementor-section-boxed elementor-section-height-default elementor-section-height-default\" data-id=\"1a13227\" data-element_type=\"section\">\n\t\t\t\t\t\t<div class=\"elementor-container elementor-column-gap-default\">\n\t\t\t\t\t<div class=\"elementor-column elementor-col-100 elementor-top-column elementor-element elementor-element-fb7b6b2\" data-id=\"fb7b6b2\" data-element_type=\"column\">\n\t\t\t<div class=\"elementor-widget-wrap elementor-element-populated\">\n\t\t\t\t\t\t<div class=\"elementor-element elementor-element-a9a9ea4 elementor-widget elementor-widget-heading\" data-id=\"a9a9ea4\" data-element_type=\"widget\" data-widget_type=\"heading.default\">\n\t\t\t\t<div class=\"elementor-widget-container\">\n\t\t\t\t\t<h3 class=\"elementor-heading-title elementor-size-default\">Presentaci\u00f3n de solicitud<\/h3>\t\t\t\t<\/div>\n\t\t\t\t<\/div>\n\t\t\t\t\t<\/div>\n\t\t<\/div>\n\t\t\t\t\t<\/div>\n\t\t<\/section>\n\t\t\t\t<section class=\"elementor-section elementor-top-section elementor-element elementor-element-79b8786 elementor-section-boxed elementor-section-height-default elementor-section-height-default\" data-id=\"79b8786\" data-element_type=\"section\">\n\t\t\t\t\t\t<div class=\"elementor-container elementor-column-gap-default\">\n\t\t\t\t\t<div class=\"elementor-column elementor-col-100 elementor-top-column elementor-element elementor-element-3133fb5\" data-id=\"3133fb5\" data-element_type=\"column\">\n\t\t\t<div class=\"elementor-widget-wrap elementor-element-populated\">\n\t\t\t\t\t\t<div class=\"elementor-element elementor-element-5099495 elementor-widget elementor-widget-text-editor\" data-id=\"5099495\" data-element_type=\"widget\" data-widget_type=\"text-editor.default\">\n\t\t\t\t<div class=\"elementor-widget-container\">\n\t\t\t\t\t\t\t\t\t<ul><li><strong>Plazo: desde el d\u00eda 1 de septiembre hasta el d\u00eda 18 de septiembre de 2025<\/strong>, ambos inclusive, seg\u00fan el horario peninsular espa\u00f1ol estipulado por el Real Instituto y Observatorio de la Armada.<\/li><li><strong>Tasa de derechos de examen<\/strong>. En la titulaci\u00f3n de Enfermer\u00eda la tasa ser\u00e1 de <strong>23,33 euros<\/strong> (veintitr\u00e9s con treinta y tres c\u00e9ntimos). Se ingresar\u00e1n en el Tesoro P\u00fablico a trav\u00e9s de pago electr\u00f3nico o mediante su abono en las entidades financieras colaboradoras.<\/li><\/ul>\t\t\t\t\t\t\t\t<\/div>\n\t\t\t\t<\/div>\n\t\t\t\t\t<\/div>\n\t\t<\/div>\n\t\t\t\t\t<\/div>\n\t\t<\/section>\n\t\t\t\t<section class=\"elementor-section elementor-top-section elementor-element elementor-element-d6cab5f elementor-section-boxed elementor-section-height-default elementor-section-height-default\" data-id=\"d6cab5f\" data-element_type=\"section\">\n\t\t\t\t\t\t<div class=\"elementor-container elementor-column-gap-default\">\n\t\t\t\t\t<div class=\"elementor-column elementor-col-100 elementor-top-column elementor-element elementor-element-f70e1c0\" data-id=\"f70e1c0\" data-element_type=\"column\">\n\t\t\t<div class=\"elementor-widget-wrap elementor-element-populated\">\n\t\t\t\t\t\t<div class=\"elementor-element elementor-element-6194bfd elementor-widget elementor-widget-heading\" data-id=\"6194bfd\" data-element_type=\"widget\" data-widget_type=\"heading.default\">\n\t\t\t\t<div class=\"elementor-widget-container\">\n\t\t\t\t\t<h3 class=\"elementor-heading-title elementor-size-default\">Celebraci\u00f3n del ejercicio<\/h3>\t\t\t\t<\/div>\n\t\t\t\t<\/div>\n\t\t\t\t\t<\/div>\n\t\t<\/div>\n\t\t\t\t\t<\/div>\n\t\t<\/section>\n\t\t\t\t<section class=\"elementor-section elementor-top-section elementor-element elementor-element-85434fb elementor-section-boxed elementor-section-height-default elementor-section-height-default\" data-id=\"85434fb\" data-element_type=\"section\">\n\t\t\t\t\t\t<div class=\"elementor-container elementor-column-gap-default\">\n\t\t\t\t\t<div class=\"elementor-column elementor-col-100 elementor-top-column elementor-element elementor-element-9019005\" data-id=\"9019005\" data-element_type=\"column\">\n\t\t\t<div class=\"elementor-widget-wrap elementor-element-populated\">\n\t\t\t\t\t\t<div class=\"elementor-element elementor-element-0d67f33 elementor-widget elementor-widget-text-editor\" data-id=\"0d67f33\" data-element_type=\"widget\" data-widget_type=\"text-editor.default\">\n\t\t\t\t<div class=\"elementor-widget-container\">\n\t\t\t\t\t\t\t\t\t<p><strong>24 de enero de 2026.<\/strong><\/p><ul><li>El llamamiento e identificaci\u00f3n de las personas convocadas en cada mesa de examen ser\u00e1 a las 13:30 horas (12:30 horas en la Comunidad Aut\u00f3noma de Canarias).<\/li><li>Terminado el llamamiento y a partir de las 14:00 horas (13:00 horas en la Comunidad Aut\u00f3noma de Canarias) comenzar\u00e1 el ejercicio.<\/li><\/ul>\t\t\t\t\t\t\t\t<\/div>\n\t\t\t\t<\/div>\n\t\t\t\t\t<\/div>\n\t\t<\/div>\n\t\t\t\t\t<\/div>\n\t\t<\/section>\n\t\t\t\t<section class=\"elementor-section elementor-top-section elementor-element elementor-element-6bb6f25 elementor-section-boxed elementor-section-height-default elementor-section-height-default\" data-id=\"6bb6f25\" data-element_type=\"section\">\n\t\t\t\t\t\t<div class=\"elementor-container elementor-column-gap-default\">\n\t\t\t\t\t<div class=\"elementor-column elementor-col-100 elementor-top-column elementor-element elementor-element-c91a1ad\" data-id=\"c91a1ad\" data-element_type=\"column\">\n\t\t\t<div class=\"elementor-widget-wrap elementor-element-populated\">\n\t\t\t\t\t\t<div class=\"elementor-element elementor-element-e7f9c55 elementor-widget elementor-widget-heading\" data-id=\"e7f9c55\" data-element_type=\"widget\" data-widget_type=\"heading.default\">\n\t\t\t\t<div class=\"elementor-widget-container\">\n\t\t\t\t\t<h3 class=\"elementor-heading-title elementor-size-default\">Desarrollo de las pruebas selectivas<\/h3>\t\t\t\t<\/div>\n\t\t\t\t<\/div>\n\t\t\t\t\t<\/div>\n\t\t<\/div>\n\t\t\t\t\t<\/div>\n\t\t<\/section>\n\t\t\t\t<section class=\"elementor-section elementor-top-section elementor-element elementor-element-4c48fd1 elementor-section-boxed elementor-section-height-default elementor-section-height-default\" data-id=\"4c48fd1\" data-element_type=\"section\">\n\t\t\t\t\t\t<div class=\"elementor-container elementor-column-gap-default\">\n\t\t\t\t\t<div class=\"elementor-column elementor-col-100 elementor-top-column elementor-element elementor-element-fae4cd2\" data-id=\"fae4cd2\" data-element_type=\"column\">\n\t\t\t<div class=\"elementor-widget-wrap elementor-element-populated\">\n\t\t\t\t\t\t<div class=\"elementor-element elementor-element-7c912b8 elementor-widget elementor-widget-text-editor\" data-id=\"7c912b8\" data-element_type=\"widget\" data-widget_type=\"text-editor.default\">\n\t\t\t\t<div class=\"elementor-widget-container\">\n\t\t\t\t\t\t\t\t\t<ul><li>La prueba selectiva consistir\u00e1 en contestar un cuestionario de 200 preguntas m\u00e1s 10 preguntas de reserva.<\/li><li>Cada pregunta constar\u00e1 de cuatro opciones de respuesta, de las que solo una de ellas ser\u00e1 la correcta.<\/li><li>El ejercicio tendr\u00e1 una duraci\u00f3n de cuatro horas y media.<\/li><li>Cada respuesta correcta recibir\u00e1 una valoraci\u00f3n de tres puntos, se restar\u00e1 un punto por cada una de las respuestas incorrectas y las preguntas no contestadas no se valorar\u00e1n.<\/li><\/ul>\t\t\t\t\t\t\t\t<\/div>\n\t\t\t\t<\/div>\n\t\t\t\t\t<\/div>\n\t\t<\/div>\n\t\t\t\t\t<\/div>\n\t\t<\/section>\n\t\t\t\t<section class=\"elementor-section elementor-top-section elementor-element elementor-element-7939913 elementor-section-boxed elementor-section-height-default elementor-section-height-default\" data-id=\"7939913\" data-element_type=\"section\">\n\t\t\t\t\t\t<div class=\"elementor-container elementor-column-gap-default\">\n\t\t\t\t\t<div class=\"elementor-column elementor-col-100 elementor-top-column elementor-element elementor-element-982d0d9\" data-id=\"982d0d9\" data-element_type=\"column\">\n\t\t\t<div class=\"elementor-widget-wrap elementor-element-populated\">\n\t\t\t\t\t\t<div class=\"elementor-element elementor-element-9d392ea elementor-widget elementor-widget-text-editor\" data-id=\"9d392ea\" data-element_type=\"widget\" data-widget_type=\"text-editor.default\">\n\t\t\t\t<div class=\"elementor-widget-container\">\n\t\t\t\t\t\t\t\t\t<p class=\"p1\">Disclaimer\/aviso:<\/p><p class=\"p1\">La informaci\u00f3n provista en los post del blog de Formantia no constituye ni pretende constituir asesoramiento legal personalizado; toda la informaci\u00f3n facilitada es solo para fines informativos generales y pueden no constituir informaci\u00f3n exhaustiva.<\/p><p class=\"p1\">En la medida que el blog contenga enlaces a otros contenidos de terceros, dichos enlaces son solo para la ampliar la informaci\u00f3n del lector, usuario o navegador; Formantia no recomienda ni respalda dicho contenido.<\/p><p class=\"p1\">Se renuncia expresamente a toda responsabilidad con respecto a las acciones tomadas o no tomadas en base al contenido de los post del blog.<\/p>\t\t\t\t\t\t\t\t<\/div>\n\t\t\t\t<\/div>\n\t\t\t\t\t<\/div>\n\t\t<\/div>\n\t\t\t\t\t<\/div>\n\t\t<\/section>\n\t\t\t\t<\/div>\n\t\t","protected":false},"excerpt":{"rendered":"<p>Orden SND\/928\/2025, de 14 de agosto, por la que se aprueba la oferta de plazas y la convocatoria de pruebas selectivas 2025 para el acceso en el a\u00f1o 2026 a plazas de formaci\u00f3n sanitaria especializada para las titulaciones universitarias de grado\/licenciatura\/diplomatura de Medicina, Farmacia, Enfermer\u00eda y del \u00e1mbito de la Psicolog\u00eda, la Qu\u00edmica, la Biolog\u00eda [&hellip;]<\/p>\n","protected":false},"author":16,"featured_media":43604,"comment_status":"closed","ping_status":"open","sticky":false,"template":"","format":"standard","meta":{"_seopress_robots_primary_cat":"none","footnotes":""},"categories":[184],"tags":[189],"class_list":["post-43595","post","type-post","status-publish","format-standard","has-post-thumbnail","hentry","category-convocatorias","tag-eir","entry"],"_links":{"self":[{"href":"https:\/\/formantia.es\/blog\/wp-json\/wp\/v2\/posts\/43595","targetHints":{"allow":["GET"]}}],"collection":[{"href":"https:\/\/formantia.es\/blog\/wp-json\/wp\/v2\/posts"}],"about":[{"href":"https:\/\/formantia.es\/blog\/wp-json\/wp\/v2\/types\/post"}],"author":[{"embeddable":true,"href":"https:\/\/formantia.es\/blog\/wp-json\/wp\/v2\/users\/16"}],"replies":[{"embeddable":true,"href":"https:\/\/formantia.es\/blog\/wp-json\/wp\/v2\/comments?post=43595"}],"version-history":[{"count":13,"href":"https:\/\/formantia.es\/blog\/wp-json\/wp\/v2\/posts\/43595\/revisions"}],"predecessor-version":[{"id":44206,"href":"https:\/\/formantia.es\/blog\/wp-json\/wp\/v2\/posts\/43595\/revisions\/44206"}],"wp:featuredmedia":[{"embeddable":true,"href":"https:\/\/formantia.es\/blog\/wp-json\/wp\/v2\/media\/43604"}],"wp:attachment":[{"href":"https:\/\/formantia.es\/blog\/wp-json\/wp\/v2\/media?parent=43595"}],"wp:term":[{"taxonomy":"category","embeddable":true,"href":"https:\/\/formantia.es\/blog\/wp-json\/wp\/v2\/categories?post=43595"},{"taxonomy":"post_tag","embeddable":true,"href":"https:\/\/formantia.es\/blog\/wp-json\/wp\/v2\/tags?post=43595"}],"curies":[{"name":"wp","href":"https:\/\/api.w.org\/{rel}","templated":true}]}}