{"id":43568,"date":"2025-08-20T11:42:26","date_gmt":"2025-08-20T09:42:26","guid":{"rendered":"https:\/\/formantia.es\/blog\/?p=43568"},"modified":"2025-08-20T11:42:26","modified_gmt":"2025-08-20T09:42:26","slug":"higienista-tecnico-superior-higiene-bucodental-asturias-servicio-de-salud-del-principado-designacion-del-tribunal-de-seleccion-de-los-procesos-selectivos-20-08-2025","status":"publish","type":"post","link":"https:\/\/formantia.es\/blog\/higienista-tecnico-superior-higiene-bucodental-asturias-servicio-de-salud-del-principado-designacion-del-tribunal-de-seleccion-de-los-procesos-selectivos-20-08-2025\/","title":{"rendered":"El Servicio de Salud del Principado de Asturias acuerda la designaci\u00f3n del Tribunal de Selecci\u00f3n de los procesos selectivos de Higienista \u2013 T\u00e9cnico Superior Higiene Bucodental"},"content":{"rendered":"\t\t<div data-elementor-type=\"wp-post\" data-elementor-id=\"43568\" class=\"elementor elementor-43568\" data-elementor-post-type=\"post\">\n\t\t\t\t\t\t<section class=\"elementor-section elementor-top-section elementor-element elementor-element-b49e748 elementor-section-boxed elementor-section-height-default elementor-section-height-default\" data-id=\"b49e748\" data-element_type=\"section\">\n\t\t\t\t\t\t<div class=\"elementor-container elementor-column-gap-default\">\n\t\t\t\t\t<div class=\"elementor-column elementor-col-100 elementor-top-column elementor-element elementor-element-a62dcc8\" data-id=\"a62dcc8\" data-element_type=\"column\">\n\t\t\t<div class=\"elementor-widget-wrap elementor-element-populated\">\n\t\t\t\t\t\t<div class=\"elementor-element elementor-element-e376c51 elementor-widget elementor-widget-text-editor\" data-id=\"e376c51\" data-element_type=\"widget\" data-widget_type=\"text-editor.default\">\n\t\t\t\t<div class=\"elementor-widget-container\">\n\t\t\t\t\t\t\t\t\t<p><em>Resoluci\u00f3n de 4 de agosto de 2025, de la Direcci\u00f3n de Profesionales del Servicio de Salud del Principado de Asturias, por la que se acuerda la designaci\u00f3n del Tribunal de Selecci\u00f3n de los procesos selectivos para el acceso a plazas de personal estatutario fijo de las Categor\u00edas incluidas en el Grupo C1 de clasificaci\u00f3n del personal sanitario, Higienista Dental, T\u00e9cnico Especialista de Laboratorio y T\u00e9cnico Especialista de Radiodiagn\u00f3stico, convocados por las correspondientes Resoluciones de 28 de abril de 2025, de la Direcci\u00f3n Gerencia del Servicio de Salud del Principado de Asturias.<\/em><\/p>\t\t\t\t\t\t\t\t<\/div>\n\t\t\t\t<\/div>\n\t\t\t\t\t<\/div>\n\t\t<\/div>\n\t\t\t\t\t<\/div>\n\t\t<\/section>\n\t\t\t\t<section class=\"elementor-section elementor-top-section elementor-element elementor-element-264afba elementor-section-boxed elementor-section-height-default elementor-section-height-default\" data-id=\"264afba\" data-element_type=\"section\">\n\t\t\t\t\t\t<div class=\"elementor-container elementor-column-gap-default\">\n\t\t\t\t\t<div class=\"elementor-column elementor-col-100 elementor-top-column elementor-element elementor-element-76b8268\" data-id=\"76b8268\" data-element_type=\"column\">\n\t\t\t<div class=\"elementor-widget-wrap elementor-element-populated\">\n\t\t\t\t\t\t<div class=\"elementor-element elementor-element-7dad49f elementor-widget elementor-widget-text-editor\" data-id=\"7dad49f\" data-element_type=\"widget\" data-widget_type=\"text-editor.default\">\n\t\t\t\t<div class=\"elementor-widget-container\">\n\t\t\t\t\t\t\t\t\t<p>\ud83d\udc49 <a href=\"https:\/\/miprincipado.asturias.es\/bopa\/2025\/08\/20\/2025-06829.pdf\" target=\"_blank\" rel=\"noopener\">Consulta aqu\u00ed toda la informaci\u00f3n<\/a><\/p>\t\t\t\t\t\t\t\t<\/div>\n\t\t\t\t<\/div>\n\t\t\t\t\t<\/div>\n\t\t<\/div>\n\t\t\t\t\t<\/div>\n\t\t<\/section>\n\t\t\t\t<section class=\"elementor-section elementor-top-section elementor-element elementor-element-60a79b0 elementor-section-boxed elementor-section-height-default elementor-section-height-default\" data-id=\"60a79b0\" data-element_type=\"section\">\n\t\t\t\t\t\t<div class=\"elementor-container elementor-column-gap-default\">\n\t\t\t\t\t<div class=\"elementor-column elementor-col-100 elementor-top-column elementor-element elementor-element-238ca4e\" data-id=\"238ca4e\" data-element_type=\"column\">\n\t\t\t<div class=\"elementor-widget-wrap elementor-element-populated\">\n\t\t\t\t\t\t<div class=\"elementor-element elementor-element-f4adcd0 elementor-widget elementor-widget-heading\" data-id=\"f4adcd0\" data-element_type=\"widget\" data-widget_type=\"heading.default\">\n\t\t\t\t<div class=\"elementor-widget-container\">\n\t\t\t\t\t<h3 class=\"elementor-heading-title elementor-size-default\">Plazo<\/h3>\t\t\t\t<\/div>\n\t\t\t\t<\/div>\n\t\t\t\t\t<\/div>\n\t\t<\/div>\n\t\t\t\t\t<\/div>\n\t\t<\/section>\n\t\t\t\t<section class=\"elementor-section elementor-top-section elementor-element elementor-element-2dab401 elementor-section-boxed elementor-section-height-default elementor-section-height-default\" data-id=\"2dab401\" data-element_type=\"section\">\n\t\t\t\t\t\t<div class=\"elementor-container elementor-column-gap-default\">\n\t\t\t\t\t<div class=\"elementor-column elementor-col-100 elementor-top-column elementor-element elementor-element-12a60b4\" data-id=\"12a60b4\" data-element_type=\"column\">\n\t\t\t<div class=\"elementor-widget-wrap elementor-element-populated\">\n\t\t\t\t\t\t<div class=\"elementor-element elementor-element-2766f5f elementor-widget elementor-widget-text-editor\" data-id=\"2766f5f\" data-element_type=\"widget\" data-widget_type=\"text-editor.default\">\n\t\t\t\t<div class=\"elementor-widget-container\">\n\t\t\t\t\t\t\t\t\t<p>Contra la presente Resoluci\u00f3n, que no agota la v\u00eda administrativa, cabe interponer recurso de alzada en el plazo de un mes contado desde el d\u00eda siguiente al de su publicaci\u00f3n.<\/p>\t\t\t\t\t\t\t\t<\/div>\n\t\t\t\t<\/div>\n\t\t\t\t\t<\/div>\n\t\t<\/div>\n\t\t\t\t\t<\/div>\n\t\t<\/section>\n\t\t\t\t<section class=\"elementor-section elementor-top-section elementor-element elementor-element-66a6590 elementor-section-boxed elementor-section-height-default elementor-section-height-default\" data-id=\"66a6590\" data-element_type=\"section\">\n\t\t\t\t\t\t<div class=\"elementor-container elementor-column-gap-default\">\n\t\t\t\t\t<div class=\"elementor-column elementor-col-100 elementor-top-column elementor-element elementor-element-4557038\" data-id=\"4557038\" data-element_type=\"column\">\n\t\t\t<div class=\"elementor-widget-wrap elementor-element-populated\">\n\t\t\t\t\t\t<div class=\"elementor-element elementor-element-f80e45d elementor-widget elementor-widget-text-editor\" data-id=\"f80e45d\" data-element_type=\"widget\" data-widget_type=\"text-editor.default\">\n\t\t\t\t<div class=\"elementor-widget-container\">\n\t\t\t\t\t\t\t\t\t<p class=\"p1\">Disclaimer\/aviso:<\/p><p class=\"p1\">La informaci\u00f3n provista en los post del blog de Formantia no constituye ni pretende constituir asesoramiento legal personalizado; toda la informaci\u00f3n facilitada es solo para fines informativos generales y pueden no constituir informaci\u00f3n exhaustiva.<\/p><p class=\"p1\">En la medida que el blog contenga enlaces a otros contenidos de terceros, dichos enlaces son solo para la ampliar la informaci\u00f3n del lector, usuario o navegador; Formantia no recomienda ni respalda dicho contenido.<\/p><p class=\"p1\">Se renuncia expresamente a toda responsabilidad con respecto a las acciones tomadas o no tomadas en base al contenido de los post del blog.<\/p>\t\t\t\t\t\t\t\t<\/div>\n\t\t\t\t<\/div>\n\t\t\t\t\t<\/div>\n\t\t<\/div>\n\t\t\t\t\t<\/div>\n\t\t<\/section>\n\t\t\t\t<\/div>\n\t\t","protected":false},"excerpt":{"rendered":"<p>Resoluci\u00f3n de 4 de agosto de 2025, de la Direcci\u00f3n de Profesionales del Servicio de Salud del Principado de Asturias, por la que se acuerda la designaci\u00f3n del Tribunal de Selecci\u00f3n de los procesos selectivos para el acceso a plazas de personal estatutario fijo de las Categor\u00edas incluidas en el Grupo C1 de clasificaci\u00f3n del [&hellip;]<\/p>\n","protected":false},"author":16,"featured_media":43562,"comment_status":"closed","ping_status":"open","sticky":false,"template":"","format":"standard","meta":{"_seopress_robots_primary_cat":"none","footnotes":""},"categories":[186],"tags":[190],"class_list":["post-43568","post","type-post","status-publish","format-standard","has-post-thumbnail","hentry","category-noticias","tag-thb","entry"],"_links":{"self":[{"href":"https:\/\/formantia.es\/blog\/wp-json\/wp\/v2\/posts\/43568","targetHints":{"allow":["GET"]}}],"collection":[{"href":"https:\/\/formantia.es\/blog\/wp-json\/wp\/v2\/posts"}],"about":[{"href":"https:\/\/formantia.es\/blog\/wp-json\/wp\/v2\/types\/post"}],"author":[{"embeddable":true,"href":"https:\/\/formantia.es\/blog\/wp-json\/wp\/v2\/users\/16"}],"replies":[{"embeddable":true,"href":"https:\/\/formantia.es\/blog\/wp-json\/wp\/v2\/comments?post=43568"}],"version-history":[{"count":8,"href":"https:\/\/formantia.es\/blog\/wp-json\/wp\/v2\/posts\/43568\/revisions"}],"predecessor-version":[{"id":43578,"href":"https:\/\/formantia.es\/blog\/wp-json\/wp\/v2\/posts\/43568\/revisions\/43578"}],"wp:featuredmedia":[{"embeddable":true,"href":"https:\/\/formantia.es\/blog\/wp-json\/wp\/v2\/media\/43562"}],"wp:attachment":[{"href":"https:\/\/formantia.es\/blog\/wp-json\/wp\/v2\/media?parent=43568"}],"wp:term":[{"taxonomy":"category","embeddable":true,"href":"https:\/\/formantia.es\/blog\/wp-json\/wp\/v2\/categories?post=43568"},{"taxonomy":"post_tag","embeddable":true,"href":"https:\/\/formantia.es\/blog\/wp-json\/wp\/v2\/tags?post=43568"}],"curies":[{"name":"wp","href":"https:\/\/api.w.org\/{rel}","templated":true}]}}