{"id":43546,"date":"2025-08-19T11:33:49","date_gmt":"2025-08-19T09:33:49","guid":{"rendered":"https:\/\/formantia.es\/blog\/?p=43546"},"modified":"2025-08-19T11:33:49","modified_gmt":"2025-08-19T09:33:49","slug":"tcae-auxiliar-de-enfermeria-cantabria-servicio-de-salud-nombramiento-de-personal-estatutario-fijo-y-relacion-complementaria-de-personas-aspirantes-19-08-2025","status":"publish","type":"post","link":"https:\/\/formantia.es\/blog\/tcae-auxiliar-de-enfermeria-cantabria-servicio-de-salud-nombramiento-de-personal-estatutario-fijo-y-relacion-complementaria-de-personas-aspirantes-19-08-2025\/","title":{"rendered":"El Servicio C\u00e1ntabro de Salud nombra personal estatutario fijo y acude a la relaci\u00f3n complementaria de personas aspirantes de TCAE &#8211; Auxiliar de Enfermer\u00eda"},"content":{"rendered":"\t\t<div data-elementor-type=\"wp-post\" data-elementor-id=\"43546\" class=\"elementor elementor-43546\" data-elementor-post-type=\"post\">\n\t\t\t\t\t\t<section class=\"elementor-section elementor-top-section elementor-element elementor-element-e105512 elementor-section-boxed elementor-section-height-default elementor-section-height-default\" data-id=\"e105512\" data-element_type=\"section\">\n\t\t\t\t\t\t<div class=\"elementor-container elementor-column-gap-default\">\n\t\t\t\t\t<div class=\"elementor-column elementor-col-100 elementor-top-column elementor-element elementor-element-2273a3a\" data-id=\"2273a3a\" data-element_type=\"column\">\n\t\t\t<div class=\"elementor-widget-wrap elementor-element-populated\">\n\t\t\t\t\t\t<div class=\"elementor-element elementor-element-2799a99 elementor-widget elementor-widget-text-editor\" data-id=\"2799a99\" data-element_type=\"widget\" data-widget_type=\"text-editor.default\">\n\t\t\t\t<div class=\"elementor-widget-container\">\n\t\t\t\t\t\t\t\t\t<p><em>Resoluci\u00f3n, por la que se hace p\u00fablico el nombramiento de Personal Estatutario Fijo en la categor\u00eda estatutaria de T\u00e9cnico\/a en Cuidados Auxiliares de Enfermer\u00eda en las Instituciones Sanitarias de la Comunidad Aut\u00f3noma de Cantabria, convocada por la Orden SAN\/43\/2021, de 28 de diciembre, y adjudicaci\u00f3n de plazas, declaraci\u00f3n de personas deca\u00eddas, as\u00ed como octava relaci\u00f3n complementaria de aspirantes que han superado las pruebas selectivas y plazas ofertadas.<\/em><\/p>\t\t\t\t\t\t\t\t<\/div>\n\t\t\t\t<\/div>\n\t\t\t\t\t<\/div>\n\t\t<\/div>\n\t\t\t\t\t<\/div>\n\t\t<\/section>\n\t\t\t\t<section class=\"elementor-section elementor-top-section elementor-element elementor-element-c513311 elementor-section-boxed elementor-section-height-default elementor-section-height-default\" data-id=\"c513311\" data-element_type=\"section\">\n\t\t\t\t\t\t<div class=\"elementor-container elementor-column-gap-default\">\n\t\t\t\t\t<div class=\"elementor-column elementor-col-100 elementor-top-column elementor-element elementor-element-aac3820\" data-id=\"aac3820\" data-element_type=\"column\">\n\t\t\t<div class=\"elementor-widget-wrap elementor-element-populated\">\n\t\t\t\t\t\t<div class=\"elementor-element elementor-element-2d9411a elementor-widget elementor-widget-text-editor\" data-id=\"2d9411a\" data-element_type=\"widget\" data-widget_type=\"text-editor.default\">\n\t\t\t\t<div class=\"elementor-widget-container\">\n\t\t\t\t\t\t\t\t\t<p>\ud83d\udc49 <a href=\"https:\/\/boc.cantabria.es\/boces\/verAnuncioAction.do?idAnuBlob=423772\" target=\"_blank\" rel=\"noopener\">Consulta aqu\u00ed toda la informaci\u00f3n<\/a><\/p>\t\t\t\t\t\t\t\t<\/div>\n\t\t\t\t<\/div>\n\t\t\t\t\t<\/div>\n\t\t<\/div>\n\t\t\t\t\t<\/div>\n\t\t<\/section>\n\t\t\t\t<section class=\"elementor-section elementor-top-section elementor-element elementor-element-6a64159 elementor-section-boxed elementor-section-height-default elementor-section-height-default\" data-id=\"6a64159\" data-element_type=\"section\">\n\t\t\t\t\t\t<div class=\"elementor-container elementor-column-gap-default\">\n\t\t\t\t\t<div class=\"elementor-column elementor-col-100 elementor-top-column elementor-element elementor-element-e0c80e0\" data-id=\"e0c80e0\" data-element_type=\"column\">\n\t\t\t<div class=\"elementor-widget-wrap elementor-element-populated\">\n\t\t\t\t\t\t<div class=\"elementor-element elementor-element-e52fad6 elementor-widget elementor-widget-text-editor\" data-id=\"e52fad6\" data-element_type=\"widget\" data-widget_type=\"text-editor.default\">\n\t\t\t\t<div class=\"elementor-widget-container\">\n\t\t\t\t\t\t\t\t\t<p>Nombramientos en el Anexo I.<\/p><p>Octava relaci\u00f3n complementaria de los aspirantes que han superado el proceso selectivo en el Anexo III.<\/p>\t\t\t\t\t\t\t\t<\/div>\n\t\t\t\t<\/div>\n\t\t\t\t\t<\/div>\n\t\t<\/div>\n\t\t\t\t\t<\/div>\n\t\t<\/section>\n\t\t\t\t<section class=\"elementor-section elementor-top-section elementor-element elementor-element-1fbddd2 elementor-section-boxed elementor-section-height-default elementor-section-height-default\" data-id=\"1fbddd2\" data-element_type=\"section\">\n\t\t\t\t\t\t<div class=\"elementor-container elementor-column-gap-default\">\n\t\t\t\t\t<div class=\"elementor-column elementor-col-100 elementor-top-column elementor-element elementor-element-9ff2142\" data-id=\"9ff2142\" data-element_type=\"column\">\n\t\t\t<div class=\"elementor-widget-wrap elementor-element-populated\">\n\t\t\t\t\t\t<div class=\"elementor-element elementor-element-e5c2b2c elementor-widget elementor-widget-heading\" data-id=\"e5c2b2c\" data-element_type=\"widget\" data-widget_type=\"heading.default\">\n\t\t\t\t<div class=\"elementor-widget-container\">\n\t\t\t\t\t<h3 class=\"elementor-heading-title elementor-size-default\">Plazos<\/h3>\t\t\t\t<\/div>\n\t\t\t\t<\/div>\n\t\t\t\t\t<\/div>\n\t\t<\/div>\n\t\t\t\t\t<\/div>\n\t\t<\/section>\n\t\t\t\t<section class=\"elementor-section elementor-top-section elementor-element elementor-element-cee78d5 elementor-section-boxed elementor-section-height-default elementor-section-height-default\" data-id=\"cee78d5\" data-element_type=\"section\">\n\t\t\t\t\t\t<div class=\"elementor-container elementor-column-gap-default\">\n\t\t\t\t\t<div class=\"elementor-column elementor-col-100 elementor-top-column elementor-element elementor-element-e0842b5\" data-id=\"e0842b5\" data-element_type=\"column\">\n\t\t\t<div class=\"elementor-widget-wrap elementor-element-populated\">\n\t\t\t\t\t\t<div class=\"elementor-element elementor-element-afd4906 elementor-widget elementor-widget-text-editor\" data-id=\"afd4906\" data-element_type=\"widget\" data-widget_type=\"text-editor.default\">\n\t\t\t\t<div class=\"elementor-widget-container\">\n\t\t\t\t\t\t\t\t\t<p>La toma de posesi\u00f3n deber\u00e1 efectuarse en la Direcci\u00f3n Gerencia a la que se encuentre adscrita la plaza adjudicada, en el plazo de un mes a partir del d\u00eda siguiente al de la publicaci\u00f3n de esta resoluci\u00f3n.<\/p><p>Las personas relacionadas en el Anexo III, dispondr\u00e1n de un plazo de veinte d\u00edas naturales, contados a partir del d\u00eda siguiente al de la publicaci\u00f3n de esta resoluci\u00f3n, para la presentaci\u00f3n de la documentaci\u00f3n.<\/p>\t\t\t\t\t\t\t\t<\/div>\n\t\t\t\t<\/div>\n\t\t\t\t\t<\/div>\n\t\t<\/div>\n\t\t\t\t\t<\/div>\n\t\t<\/section>\n\t\t\t\t<section class=\"elementor-section elementor-top-section elementor-element elementor-element-9505a5b elementor-section-boxed elementor-section-height-default elementor-section-height-default\" data-id=\"9505a5b\" data-element_type=\"section\">\n\t\t\t\t\t\t<div class=\"elementor-container elementor-column-gap-default\">\n\t\t\t\t\t<div class=\"elementor-column elementor-col-100 elementor-top-column elementor-element elementor-element-1bd3dad\" data-id=\"1bd3dad\" data-element_type=\"column\">\n\t\t\t<div class=\"elementor-widget-wrap elementor-element-populated\">\n\t\t\t\t\t\t<div class=\"elementor-element elementor-element-512cb66 elementor-widget elementor-widget-text-editor\" data-id=\"512cb66\" data-element_type=\"widget\" data-widget_type=\"text-editor.default\">\n\t\t\t\t<div class=\"elementor-widget-container\">\n\t\t\t\t\t\t\t\t\t<p class=\"p1\">Disclaimer\/aviso:<\/p><p class=\"p1\">La informaci\u00f3n provista en los post del blog de Formantia no constituye ni pretende constituir asesoramiento legal personalizado; toda la informaci\u00f3n facilitada es solo para fines informativos generales y pueden no constituir informaci\u00f3n exhaustiva.<\/p><p class=\"p1\">En la medida que el blog contenga enlaces a otros contenidos de terceros, dichos enlaces son solo para la ampliar la informaci\u00f3n del lector, usuario o navegador; Formantia no recomienda ni respalda dicho contenido.<\/p><p class=\"p1\">Se renuncia expresamente a toda responsabilidad con respecto a las acciones tomadas o no tomadas en base al contenido de los post del blog.<\/p>\t\t\t\t\t\t\t\t<\/div>\n\t\t\t\t<\/div>\n\t\t\t\t\t<\/div>\n\t\t<\/div>\n\t\t\t\t\t<\/div>\n\t\t<\/section>\n\t\t\t\t<\/div>\n\t\t","protected":false},"excerpt":{"rendered":"<p>Resoluci\u00f3n, por la que se hace p\u00fablico el nombramiento de Personal Estatutario Fijo en la categor\u00eda estatutaria de T\u00e9cnico\/a en Cuidados Auxiliares de Enfermer\u00eda en las Instituciones Sanitarias de la Comunidad Aut\u00f3noma de Cantabria, convocada por la Orden SAN\/43\/2021, de 28 de diciembre, y adjudicaci\u00f3n de plazas, declaraci\u00f3n de personas deca\u00eddas, as\u00ed como octava relaci\u00f3n [&hellip;]<\/p>\n","protected":false},"author":16,"featured_media":43549,"comment_status":"closed","ping_status":"open","sticky":false,"template":"","format":"standard","meta":{"_seopress_robots_primary_cat":"none","footnotes":""},"categories":[186],"tags":[40],"class_list":["post-43546","post","type-post","status-publish","format-standard","has-post-thumbnail","hentry","category-noticias","tag-tcae","entry"],"_links":{"self":[{"href":"https:\/\/formantia.es\/blog\/wp-json\/wp\/v2\/posts\/43546","targetHints":{"allow":["GET"]}}],"collection":[{"href":"https:\/\/formantia.es\/blog\/wp-json\/wp\/v2\/posts"}],"about":[{"href":"https:\/\/formantia.es\/blog\/wp-json\/wp\/v2\/types\/post"}],"author":[{"embeddable":true,"href":"https:\/\/formantia.es\/blog\/wp-json\/wp\/v2\/users\/16"}],"replies":[{"embeddable":true,"href":"https:\/\/formantia.es\/blog\/wp-json\/wp\/v2\/comments?post=43546"}],"version-history":[{"count":6,"href":"https:\/\/formantia.es\/blog\/wp-json\/wp\/v2\/posts\/43546\/revisions"}],"predecessor-version":[{"id":43555,"href":"https:\/\/formantia.es\/blog\/wp-json\/wp\/v2\/posts\/43546\/revisions\/43555"}],"wp:featuredmedia":[{"embeddable":true,"href":"https:\/\/formantia.es\/blog\/wp-json\/wp\/v2\/media\/43549"}],"wp:attachment":[{"href":"https:\/\/formantia.es\/blog\/wp-json\/wp\/v2\/media?parent=43546"}],"wp:term":[{"taxonomy":"category","embeddable":true,"href":"https:\/\/formantia.es\/blog\/wp-json\/wp\/v2\/categories?post=43546"},{"taxonomy":"post_tag","embeddable":true,"href":"https:\/\/formantia.es\/blog\/wp-json\/wp\/v2\/tags?post=43546"}],"curies":[{"name":"wp","href":"https:\/\/api.w.org\/{rel}","templated":true}]}}