{"id":43537,"date":"2025-08-18T11:04:45","date_gmt":"2025-08-18T09:04:45","guid":{"rendered":"https:\/\/formantia.es\/blog\/?p=43537"},"modified":"2025-08-19T11:09:28","modified_gmt":"2025-08-19T09:09:28","slug":"enfermeria-andalucia-servicio-de-salud-nombramiento-de-personal-estatutario-fijo-y-relacion-complementaria-de-personas-aspirantes-18-08-2025","status":"publish","type":"post","link":"https:\/\/formantia.es\/blog\/enfermeria-andalucia-servicio-de-salud-nombramiento-de-personal-estatutario-fijo-y-relacion-complementaria-de-personas-aspirantes-18-08-2025\/","title":{"rendered":"El Servicio Andaluz de Salud nombra personal estatutario fijo y acude a la relaci\u00f3n complementaria de personas aspirantes de Enfermer\u00eda"},"content":{"rendered":"\t\t<div data-elementor-type=\"wp-post\" data-elementor-id=\"43537\" class=\"elementor elementor-43537\" data-elementor-post-type=\"post\">\n\t\t\t\t\t\t<section class=\"elementor-section elementor-top-section elementor-element elementor-element-5949793 elementor-section-boxed elementor-section-height-default elementor-section-height-default\" data-id=\"5949793\" data-element_type=\"section\">\n\t\t\t\t\t\t<div class=\"elementor-container elementor-column-gap-default\">\n\t\t\t\t\t<div class=\"elementor-column elementor-col-100 elementor-top-column elementor-element elementor-element-9976884\" data-id=\"9976884\" data-element_type=\"column\">\n\t\t\t<div class=\"elementor-widget-wrap elementor-element-populated\">\n\t\t\t\t\t\t<div class=\"elementor-element elementor-element-c3ebd0c elementor-widget elementor-widget-text-editor\" data-id=\"c3ebd0c\" data-element_type=\"widget\" data-widget_type=\"text-editor.default\">\n\t\t\t\t<div class=\"elementor-widget-container\">\n\t\t\t\t\t\t\t\t\t<p><em>Resoluci\u00f3n de 12 de agosto de 2025, de la Direcci\u00f3n General de Personal del Servicio Andaluz de Salud, por la que se nombra personal estatutario fijo en la categor\u00eda de Enfermero\/a, por el sistema de acceso libre, a las personas aspirantes que han superado el proceso selectivo de concurso-oposici\u00f3n, convocado mediante Resoluci\u00f3n de 22 de diciembre de 2022, se declaran deca\u00eddas las personas que se citan y se acude a la relaci\u00f3n complementaria de aspirantes, requiri\u00e9ndoles presentaci\u00f3n de solicitudes de petici\u00f3n de centro de destino.<\/em><\/p>\t\t\t\t\t\t\t\t<\/div>\n\t\t\t\t<\/div>\n\t\t\t\t\t<\/div>\n\t\t<\/div>\n\t\t\t\t\t<\/div>\n\t\t<\/section>\n\t\t\t\t<section class=\"elementor-section elementor-top-section elementor-element elementor-element-ef74f4f elementor-section-boxed elementor-section-height-default elementor-section-height-default\" data-id=\"ef74f4f\" data-element_type=\"section\">\n\t\t\t\t\t\t<div class=\"elementor-container elementor-column-gap-default\">\n\t\t\t\t\t<div class=\"elementor-column elementor-col-100 elementor-top-column elementor-element elementor-element-2009633\" data-id=\"2009633\" data-element_type=\"column\">\n\t\t\t<div class=\"elementor-widget-wrap elementor-element-populated\">\n\t\t\t\t\t\t<div class=\"elementor-element elementor-element-c743b59 elementor-widget elementor-widget-text-editor\" data-id=\"c743b59\" data-element_type=\"widget\" data-widget_type=\"text-editor.default\">\n\t\t\t\t<div class=\"elementor-widget-container\">\n\t\t\t\t\t\t\t\t\t<p>\ud83d\udc49 <a href=\"https:\/\/www.juntadeandalucia.es\/eboja\/2025\/157\/BOJA25-157-00005-11338-01_00324936.pdf\" target=\"_blank\" rel=\"noopener\">Consulta aqu\u00ed toda la informaci\u00f3n<\/a><\/p>\t\t\t\t\t\t\t\t<\/div>\n\t\t\t\t<\/div>\n\t\t\t\t\t<\/div>\n\t\t<\/div>\n\t\t\t\t\t<\/div>\n\t\t<\/section>\n\t\t\t\t<section class=\"elementor-section elementor-top-section elementor-element elementor-element-b4ff486 elementor-section-boxed elementor-section-height-default elementor-section-height-default\" data-id=\"b4ff486\" data-element_type=\"section\">\n\t\t\t\t\t\t<div class=\"elementor-container elementor-column-gap-default\">\n\t\t\t\t\t<div class=\"elementor-column elementor-col-100 elementor-top-column elementor-element elementor-element-aa8e86b\" data-id=\"aa8e86b\" data-element_type=\"column\">\n\t\t\t<div class=\"elementor-widget-wrap elementor-element-populated\">\n\t\t\t\t\t\t<div class=\"elementor-element elementor-element-d7290f6 elementor-widget elementor-widget-text-editor\" data-id=\"d7290f6\" data-element_type=\"widget\" data-widget_type=\"text-editor.default\">\n\t\t\t\t<div class=\"elementor-widget-container\">\n\t\t\t\t\t\t\t\t\t<p>ANEXO I. Aspirantes nombrados personal estatutario fijo<\/p><p>ANEXO II. Personas aspirantes que se declaran deca\u00eddas<\/p><p>ANEXO III. Personas aspirantes a las que se requiere para realizar petici\u00f3n de centro de destino<\/p>\t\t\t\t\t\t\t\t<\/div>\n\t\t\t\t<\/div>\n\t\t\t\t\t<\/div>\n\t\t<\/div>\n\t\t\t\t\t<\/div>\n\t\t<\/section>\n\t\t\t\t<section class=\"elementor-section elementor-top-section elementor-element elementor-element-4ddd47a elementor-section-boxed elementor-section-height-default elementor-section-height-default\" data-id=\"4ddd47a\" data-element_type=\"section\">\n\t\t\t\t\t\t<div class=\"elementor-container elementor-column-gap-default\">\n\t\t\t\t\t<div class=\"elementor-column elementor-col-100 elementor-top-column elementor-element elementor-element-0084440\" data-id=\"0084440\" data-element_type=\"column\">\n\t\t\t<div class=\"elementor-widget-wrap elementor-element-populated\">\n\t\t\t\t\t\t<div class=\"elementor-element elementor-element-be208a8 elementor-widget elementor-widget-heading\" data-id=\"be208a8\" data-element_type=\"widget\" data-widget_type=\"heading.default\">\n\t\t\t\t<div class=\"elementor-widget-container\">\n\t\t\t\t\t<h3 class=\"elementor-heading-title elementor-size-default\">Plazos<\/h3>\t\t\t\t<\/div>\n\t\t\t\t<\/div>\n\t\t\t\t\t<\/div>\n\t\t<\/div>\n\t\t\t\t\t<\/div>\n\t\t<\/section>\n\t\t\t\t<section class=\"elementor-section elementor-top-section elementor-element elementor-element-cdb0847 elementor-section-boxed elementor-section-height-default elementor-section-height-default\" data-id=\"cdb0847\" data-element_type=\"section\">\n\t\t\t\t\t\t<div class=\"elementor-container elementor-column-gap-default\">\n\t\t\t\t\t<div class=\"elementor-column elementor-col-100 elementor-top-column elementor-element elementor-element-f9e4e8f\" data-id=\"f9e4e8f\" data-element_type=\"column\">\n\t\t\t<div class=\"elementor-widget-wrap elementor-element-populated\">\n\t\t\t\t\t\t<div class=\"elementor-element elementor-element-812d727 elementor-widget elementor-widget-text-editor\" data-id=\"812d727\" data-element_type=\"widget\" data-widget_type=\"text-editor.default\">\n\t\t\t\t<div class=\"elementor-widget-container\">\n\t\t\t\t\t\t\t\t\t<p>El plazo de toma de posesi\u00f3n ser\u00e1 de un mes improrrogable, contado a partir del primer d\u00eda h\u00e1bil siguiente al de publicaci\u00f3n de la presente. Perder\u00e1n los derechos derivados de su participaci\u00f3n en las pruebas selectivas quienes, transcurrido dicho plazo, no se hayan incorporado a su destino, salvo causa justificada as\u00ed apreciada por esta Direcci\u00f3n General.<\/p><p>En el plazo de 5 d\u00edas h\u00e1biles, a contar desde el d\u00eda h\u00e1bil siguiente al de publicaci\u00f3n de la presente resoluci\u00f3n, las personas aspirantes que se relaciona en el Anexo III de esta resoluci\u00f3n deber\u00e1n presentar la solicitud de petici\u00f3n de centro de destino.<\/p>\t\t\t\t\t\t\t\t<\/div>\n\t\t\t\t<\/div>\n\t\t\t\t\t<\/div>\n\t\t<\/div>\n\t\t\t\t\t<\/div>\n\t\t<\/section>\n\t\t\t\t<section class=\"elementor-section elementor-top-section elementor-element elementor-element-07e12b5 elementor-section-boxed elementor-section-height-default elementor-section-height-default\" data-id=\"07e12b5\" data-element_type=\"section\">\n\t\t\t\t\t\t<div class=\"elementor-container elementor-column-gap-default\">\n\t\t\t\t\t<div class=\"elementor-column elementor-col-100 elementor-top-column elementor-element elementor-element-a8ad1b0\" data-id=\"a8ad1b0\" data-element_type=\"column\">\n\t\t\t<div class=\"elementor-widget-wrap elementor-element-populated\">\n\t\t\t\t\t\t<div class=\"elementor-element elementor-element-33e69f0 elementor-widget elementor-widget-text-editor\" data-id=\"33e69f0\" data-element_type=\"widget\" data-widget_type=\"text-editor.default\">\n\t\t\t\t<div class=\"elementor-widget-container\">\n\t\t\t\t\t\t\t\t\t<p class=\"p1\">Disclaimer\/aviso:<\/p><p class=\"p1\">La informaci\u00f3n provista en los post del blog de Formantia no constituye ni pretende constituir asesoramiento legal personalizado; toda la informaci\u00f3n facilitada es solo para fines informativos generales y pueden no constituir informaci\u00f3n exhaustiva.<\/p><p class=\"p1\">En la medida que el blog contenga enlaces a otros contenidos de terceros, dichos enlaces son solo para la ampliar la informaci\u00f3n del lector, usuario o navegador; Formantia no recomienda ni respalda dicho contenido.<\/p><p class=\"p1\">Se renuncia expresamente a toda responsabilidad con respecto a las acciones tomadas o no tomadas en base al contenido de los post del blog.<\/p>\t\t\t\t\t\t\t\t<\/div>\n\t\t\t\t<\/div>\n\t\t\t\t\t<\/div>\n\t\t<\/div>\n\t\t\t\t\t<\/div>\n\t\t<\/section>\n\t\t\t\t<\/div>\n\t\t","protected":false},"excerpt":{"rendered":"<p>Resoluci\u00f3n de 12 de agosto de 2025, de la Direcci\u00f3n General de Personal del Servicio Andaluz de Salud, por la que se nombra personal estatutario fijo en la categor\u00eda de Enfermero\/a, por el sistema de acceso libre, a las personas aspirantes que han superado el proceso selectivo de concurso-oposici\u00f3n, convocado mediante Resoluci\u00f3n de 22 de [&hellip;]<\/p>\n","protected":false},"author":16,"featured_media":43506,"comment_status":"closed","ping_status":"open","sticky":false,"template":"","format":"standard","meta":{"_seopress_robots_primary_cat":"none","footnotes":""},"categories":[186],"tags":[23],"class_list":["post-43537","post","type-post","status-publish","format-standard","has-post-thumbnail","hentry","category-noticias","tag-enfermeria","entry"],"_links":{"self":[{"href":"https:\/\/formantia.es\/blog\/wp-json\/wp\/v2\/posts\/43537","targetHints":{"allow":["GET"]}}],"collection":[{"href":"https:\/\/formantia.es\/blog\/wp-json\/wp\/v2\/posts"}],"about":[{"href":"https:\/\/formantia.es\/blog\/wp-json\/wp\/v2\/types\/post"}],"author":[{"embeddable":true,"href":"https:\/\/formantia.es\/blog\/wp-json\/wp\/v2\/users\/16"}],"replies":[{"embeddable":true,"href":"https:\/\/formantia.es\/blog\/wp-json\/wp\/v2\/comments?post=43537"}],"version-history":[{"count":5,"href":"https:\/\/formantia.es\/blog\/wp-json\/wp\/v2\/posts\/43537\/revisions"}],"predecessor-version":[{"id":43544,"href":"https:\/\/formantia.es\/blog\/wp-json\/wp\/v2\/posts\/43537\/revisions\/43544"}],"wp:featuredmedia":[{"embeddable":true,"href":"https:\/\/formantia.es\/blog\/wp-json\/wp\/v2\/media\/43506"}],"wp:attachment":[{"href":"https:\/\/formantia.es\/blog\/wp-json\/wp\/v2\/media?parent=43537"}],"wp:term":[{"taxonomy":"category","embeddable":true,"href":"https:\/\/formantia.es\/blog\/wp-json\/wp\/v2\/categories?post=43537"},{"taxonomy":"post_tag","embeddable":true,"href":"https:\/\/formantia.es\/blog\/wp-json\/wp\/v2\/tags?post=43537"}],"curies":[{"name":"wp","href":"https:\/\/api.w.org\/{rel}","templated":true}]}}