{"id":43500,"date":"2025-08-04T10:55:05","date_gmt":"2025-08-04T08:55:05","guid":{"rendered":"https:\/\/formantia.es\/blog\/?p=43500"},"modified":"2025-08-19T11:05:26","modified_gmt":"2025-08-19T09:05:26","slug":"enfermeria-cantabria-servicio-de-salud-nombramiento-de-personal-estatutario-fijo-y-relacion-complementaria-de-personas-aspirantes-04-08-2025","status":"publish","type":"post","link":"https:\/\/formantia.es\/blog\/enfermeria-cantabria-servicio-de-salud-nombramiento-de-personal-estatutario-fijo-y-relacion-complementaria-de-personas-aspirantes-04-08-2025\/","title":{"rendered":"El Servicio C\u00e1ntabro de Salud nombra personal estatutario fijo y acude a la relaci\u00f3n complementaria de personas aspirantes de Enfermer\u00eda"},"content":{"rendered":"\t\t<div data-elementor-type=\"wp-post\" data-elementor-id=\"43500\" class=\"elementor elementor-43500\" data-elementor-post-type=\"post\">\n\t\t\t\t\t\t<section class=\"elementor-section elementor-top-section elementor-element elementor-element-b67ed66 elementor-section-boxed elementor-section-height-default elementor-section-height-default\" data-id=\"b67ed66\" data-element_type=\"section\">\n\t\t\t\t\t\t<div class=\"elementor-container elementor-column-gap-default\">\n\t\t\t\t\t<div class=\"elementor-column elementor-col-100 elementor-top-column elementor-element elementor-element-e45f30e\" data-id=\"e45f30e\" data-element_type=\"column\">\n\t\t\t<div class=\"elementor-widget-wrap elementor-element-populated\">\n\t\t\t\t\t\t<div class=\"elementor-element elementor-element-905f606 elementor-widget elementor-widget-text-editor\" data-id=\"905f606\" data-element_type=\"widget\" data-widget_type=\"text-editor.default\">\n\t\t\t\t<div class=\"elementor-widget-container\">\n\t\t\t\t\t\t\t\t\t<p><em>Resoluci\u00f3n por la que se efect\u00faa el nombramiento de Personal Estatutario Fijo en la categor\u00eda estatutaria de Enfermero\/a de Instituciones Sanitarias de la Comunidad Aut\u00f3noma de Cantabria, convocada mediante la Orden SAN\/137\/2022 de 29 de diciembre, y adjudicaci\u00f3n de plazas, as\u00ed como, declaraci\u00f3n deca\u00eddas en el derecho al nombramiento, y publicaci\u00f3n de la tercera relaci\u00f3n complementaria de aspirantes que han superado el proceso selectivo y oferta de plazas.<\/em><\/p>\t\t\t\t\t\t\t\t<\/div>\n\t\t\t\t<\/div>\n\t\t\t\t\t<\/div>\n\t\t<\/div>\n\t\t\t\t\t<\/div>\n\t\t<\/section>\n\t\t\t\t<section class=\"elementor-section elementor-top-section elementor-element elementor-element-452b66a elementor-section-boxed elementor-section-height-default elementor-section-height-default\" data-id=\"452b66a\" data-element_type=\"section\">\n\t\t\t\t\t\t<div class=\"elementor-container elementor-column-gap-default\">\n\t\t\t\t\t<div class=\"elementor-column elementor-col-100 elementor-top-column elementor-element elementor-element-fd75ddf\" data-id=\"fd75ddf\" data-element_type=\"column\">\n\t\t\t<div class=\"elementor-widget-wrap elementor-element-populated\">\n\t\t\t\t\t\t<div class=\"elementor-element elementor-element-fffec95 elementor-widget elementor-widget-text-editor\" data-id=\"fffec95\" data-element_type=\"widget\" data-widget_type=\"text-editor.default\">\n\t\t\t\t<div class=\"elementor-widget-container\">\n\t\t\t\t\t\t\t\t\t<p>\ud83d\udc49 <a href=\"https:\/\/procesos-seleccion.scsalud.es\/storage\/ope\/49\/1754295193-BOC.%20Nombramiento%20y%20adjud.%20plazas,%20deca%C3%ADdas%20y%20tercera%20complementaria%20y%20oferta%20de%20plazas.pdf\" target=\"_blank\" rel=\"noopener\">Consulta aqu\u00ed toda la informaci\u00f3n<\/a><\/p>\t\t\t\t\t\t\t\t<\/div>\n\t\t\t\t<\/div>\n\t\t\t\t\t<\/div>\n\t\t<\/div>\n\t\t\t\t\t<\/div>\n\t\t<\/section>\n\t\t\t\t<section class=\"elementor-section elementor-top-section elementor-element elementor-element-42fb844 elementor-section-boxed elementor-section-height-default elementor-section-height-default\" data-id=\"42fb844\" data-element_type=\"section\">\n\t\t\t\t\t\t<div class=\"elementor-container elementor-column-gap-default\">\n\t\t\t\t\t<div class=\"elementor-column elementor-col-100 elementor-top-column elementor-element elementor-element-0dae59a\" data-id=\"0dae59a\" data-element_type=\"column\">\n\t\t\t<div class=\"elementor-widget-wrap elementor-element-populated\">\n\t\t\t\t\t\t<div class=\"elementor-element elementor-element-63d1303 elementor-widget elementor-widget-text-editor\" data-id=\"63d1303\" data-element_type=\"widget\" data-widget_type=\"text-editor.default\">\n\t\t\t\t<div class=\"elementor-widget-container\">\n\t\t\t\t\t\t\t\t\t<p>Nombramientos en el Anexo I.<\/p><p>Tercera relaci\u00f3n complementaria de los aspirantes que han superado el proceso selectivo en el Anexo III.<\/p>\t\t\t\t\t\t\t\t<\/div>\n\t\t\t\t<\/div>\n\t\t\t\t\t<\/div>\n\t\t<\/div>\n\t\t\t\t\t<\/div>\n\t\t<\/section>\n\t\t\t\t<section class=\"elementor-section elementor-top-section elementor-element elementor-element-2966fde elementor-section-boxed elementor-section-height-default elementor-section-height-default\" data-id=\"2966fde\" data-element_type=\"section\">\n\t\t\t\t\t\t<div class=\"elementor-container elementor-column-gap-default\">\n\t\t\t\t\t<div class=\"elementor-column elementor-col-100 elementor-top-column elementor-element elementor-element-e16c7ee\" data-id=\"e16c7ee\" data-element_type=\"column\">\n\t\t\t<div class=\"elementor-widget-wrap elementor-element-populated\">\n\t\t\t\t\t\t<div class=\"elementor-element elementor-element-4f216b9 elementor-widget elementor-widget-heading\" data-id=\"4f216b9\" data-element_type=\"widget\" data-widget_type=\"heading.default\">\n\t\t\t\t<div class=\"elementor-widget-container\">\n\t\t\t\t\t<h3 class=\"elementor-heading-title elementor-size-default\">Plazos<\/h3>\t\t\t\t<\/div>\n\t\t\t\t<\/div>\n\t\t\t\t\t<\/div>\n\t\t<\/div>\n\t\t\t\t\t<\/div>\n\t\t<\/section>\n\t\t\t\t<section class=\"elementor-section elementor-top-section elementor-element elementor-element-e37c686 elementor-section-boxed elementor-section-height-default elementor-section-height-default\" data-id=\"e37c686\" data-element_type=\"section\">\n\t\t\t\t\t\t<div class=\"elementor-container elementor-column-gap-default\">\n\t\t\t\t\t<div class=\"elementor-column elementor-col-100 elementor-top-column elementor-element elementor-element-9c01e43\" data-id=\"9c01e43\" data-element_type=\"column\">\n\t\t\t<div class=\"elementor-widget-wrap elementor-element-populated\">\n\t\t\t\t\t\t<div class=\"elementor-element elementor-element-73c1428 elementor-widget elementor-widget-text-editor\" data-id=\"73c1428\" data-element_type=\"widget\" data-widget_type=\"text-editor.default\">\n\t\t\t\t<div class=\"elementor-widget-container\">\n\t\t\t\t\t\t\t\t\t<p>La toma de posesi\u00f3n deber\u00e1 efectuarse en la Direcci\u00f3n Gerencia a la que se encuentre adscrita la plaza adjudicada, en el plazo de un mes a partir del d\u00eda siguiente al de la publicaci\u00f3n de esta resoluci\u00f3n.<\/p><p>Las personas relacionadas en el Anexo III, dispondr\u00e1n de un plazo de veinte d\u00edas naturales, contados a partir del d\u00eda siguiente al de la publicaci\u00f3n de esta resoluci\u00f3n, para la presentaci\u00f3n, ante la Direcci\u00f3n Gerencia del Servicio C\u00e1ntabro de Salud, de la documentaci\u00f3n.<\/p>\t\t\t\t\t\t\t\t<\/div>\n\t\t\t\t<\/div>\n\t\t\t\t\t<\/div>\n\t\t<\/div>\n\t\t\t\t\t<\/div>\n\t\t<\/section>\n\t\t\t\t<section class=\"elementor-section elementor-top-section elementor-element elementor-element-10c4604 elementor-section-boxed elementor-section-height-default elementor-section-height-default\" data-id=\"10c4604\" data-element_type=\"section\">\n\t\t\t\t\t\t<div class=\"elementor-container elementor-column-gap-default\">\n\t\t\t\t\t<div class=\"elementor-column elementor-col-100 elementor-top-column elementor-element elementor-element-5d2f701\" data-id=\"5d2f701\" data-element_type=\"column\">\n\t\t\t<div class=\"elementor-widget-wrap elementor-element-populated\">\n\t\t\t\t\t\t<div class=\"elementor-element elementor-element-97dd9f7 elementor-widget elementor-widget-text-editor\" data-id=\"97dd9f7\" data-element_type=\"widget\" data-widget_type=\"text-editor.default\">\n\t\t\t\t<div class=\"elementor-widget-container\">\n\t\t\t\t\t\t\t\t\t<p class=\"p1\">Disclaimer\/aviso:<\/p><p class=\"p1\">La informaci\u00f3n provista en los post del blog de Formantia no constituye ni pretende constituir asesoramiento legal personalizado; toda la informaci\u00f3n facilitada es solo para fines informativos generales y pueden no constituir informaci\u00f3n exhaustiva.<\/p><p class=\"p1\">En la medida que el blog contenga enlaces a otros contenidos de terceros, dichos enlaces son solo para la ampliar la informaci\u00f3n del lector, usuario o navegador; Formantia no recomienda ni respalda dicho contenido.<\/p><p class=\"p1\">Se renuncia expresamente a toda responsabilidad con respecto a las acciones tomadas o no tomadas en base al contenido de los post del blog.<\/p>\t\t\t\t\t\t\t\t<\/div>\n\t\t\t\t<\/div>\n\t\t\t\t\t<\/div>\n\t\t<\/div>\n\t\t\t\t\t<\/div>\n\t\t<\/section>\n\t\t\t\t<\/div>\n\t\t","protected":false},"excerpt":{"rendered":"<p>Resoluci\u00f3n por la que se efect\u00faa el nombramiento de Personal Estatutario Fijo en la categor\u00eda estatutaria de Enfermero\/a de Instituciones Sanitarias de la Comunidad Aut\u00f3noma de Cantabria, convocada mediante la Orden SAN\/137\/2022 de 29 de diciembre, y adjudicaci\u00f3n de plazas, as\u00ed como, declaraci\u00f3n deca\u00eddas en el derecho al nombramiento, y publicaci\u00f3n de la tercera relaci\u00f3n [&hellip;]<\/p>\n","protected":false},"author":16,"featured_media":43505,"comment_status":"closed","ping_status":"open","sticky":false,"template":"","format":"standard","meta":{"_seopress_robots_primary_cat":"none","footnotes":""},"categories":[186],"tags":[23],"class_list":["post-43500","post","type-post","status-publish","format-standard","has-post-thumbnail","hentry","category-noticias","tag-enfermeria","entry"],"_links":{"self":[{"href":"https:\/\/formantia.es\/blog\/wp-json\/wp\/v2\/posts\/43500","targetHints":{"allow":["GET"]}}],"collection":[{"href":"https:\/\/formantia.es\/blog\/wp-json\/wp\/v2\/posts"}],"about":[{"href":"https:\/\/formantia.es\/blog\/wp-json\/wp\/v2\/types\/post"}],"author":[{"embeddable":true,"href":"https:\/\/formantia.es\/blog\/wp-json\/wp\/v2\/users\/16"}],"replies":[{"embeddable":true,"href":"https:\/\/formantia.es\/blog\/wp-json\/wp\/v2\/comments?post=43500"}],"version-history":[{"count":5,"href":"https:\/\/formantia.es\/blog\/wp-json\/wp\/v2\/posts\/43500\/revisions"}],"predecessor-version":[{"id":43512,"href":"https:\/\/formantia.es\/blog\/wp-json\/wp\/v2\/posts\/43500\/revisions\/43512"}],"wp:featuredmedia":[{"embeddable":true,"href":"https:\/\/formantia.es\/blog\/wp-json\/wp\/v2\/media\/43505"}],"wp:attachment":[{"href":"https:\/\/formantia.es\/blog\/wp-json\/wp\/v2\/media?parent=43500"}],"wp:term":[{"taxonomy":"category","embeddable":true,"href":"https:\/\/formantia.es\/blog\/wp-json\/wp\/v2\/categories?post=43500"},{"taxonomy":"post_tag","embeddable":true,"href":"https:\/\/formantia.es\/blog\/wp-json\/wp\/v2\/tags?post=43500"}],"curies":[{"name":"wp","href":"https:\/\/api.w.org\/{rel}","templated":true}]}}