{"id":43491,"date":"2025-08-14T16:08:02","date_gmt":"2025-08-14T14:08:02","guid":{"rendered":"https:\/\/formantia.es\/blog\/?p=43491"},"modified":"2025-08-14T16:08:02","modified_gmt":"2025-08-14T14:08:02","slug":"enfermeria-servicio-madrileno-de-salud-procede-a-declarar-la-perdida-de-derechos-de-varias-aspirantes-en-el-concurso-de-meritos-por-el-sistema-de-turno-libre-07-08-2025","status":"publish","type":"post","link":"https:\/\/formantia.es\/blog\/enfermeria-servicio-madrileno-de-salud-procede-a-declarar-la-perdida-de-derechos-de-varias-aspirantes-en-el-concurso-de-meritos-por-el-sistema-de-turno-libre-07-08-2025\/","title":{"rendered":"El Servicio Madrile\u00f1o de Salud procede a declarar la p\u00e9rdida de derechos de varias aspirantes en el Concurso de M\u00e9ritos por el sistema de turno libre de Enfermer\u00eda"},"content":{"rendered":"\t\t<div data-elementor-type=\"wp-post\" data-elementor-id=\"43491\" class=\"elementor elementor-43491\" data-elementor-post-type=\"post\">\n\t\t\t\t\t\t<section class=\"elementor-section elementor-top-section elementor-element elementor-element-368d560 elementor-section-boxed elementor-section-height-default elementor-section-height-default\" data-id=\"368d560\" data-element_type=\"section\">\n\t\t\t\t\t\t<div class=\"elementor-container elementor-column-gap-default\">\n\t\t\t\t\t<div class=\"elementor-column elementor-col-100 elementor-top-column elementor-element elementor-element-3bd5f2e\" data-id=\"3bd5f2e\" data-element_type=\"column\">\n\t\t\t<div class=\"elementor-widget-wrap elementor-element-populated\">\n\t\t\t\t\t\t<div class=\"elementor-element elementor-element-ce3066e elementor-widget elementor-widget-text-editor\" data-id=\"ce3066e\" data-element_type=\"widget\" data-widget_type=\"text-editor.default\">\n\t\t\t\t<div class=\"elementor-widget-container\">\n\t\t\t\t\t\t\t\t\t<p><em>Resoluci\u00f3n de 5 de agosto de 2025 de la Direcci\u00f3n General de Recursos Humanos y Relaciones Laborales del Servicio Madrile\u00f1o de Salud, por la que se procede a declarar la p\u00e9rdida de derechos de varias aspirantes en el Concurso de M\u00e9ritos por el sistema de turno libre para el acceso a la condici\u00f3n de personal estatutario fijo en la categor\u00eda de Enfermero del Servicio Madrile\u00f1o de Salud, por distintas causas.<\/em><\/p>\t\t\t\t\t\t\t\t<\/div>\n\t\t\t\t<\/div>\n\t\t\t\t\t<\/div>\n\t\t<\/div>\n\t\t\t\t\t<\/div>\n\t\t<\/section>\n\t\t\t\t<section class=\"elementor-section elementor-top-section elementor-element elementor-element-109565e elementor-section-boxed elementor-section-height-default elementor-section-height-default\" data-id=\"109565e\" data-element_type=\"section\">\n\t\t\t\t\t\t<div class=\"elementor-container elementor-column-gap-default\">\n\t\t\t\t\t<div class=\"elementor-column elementor-col-100 elementor-top-column elementor-element elementor-element-e8decba\" data-id=\"e8decba\" data-element_type=\"column\">\n\t\t\t<div class=\"elementor-widget-wrap elementor-element-populated\">\n\t\t\t\t\t\t<div class=\"elementor-element elementor-element-4d59af0 elementor-widget elementor-widget-text-editor\" data-id=\"4d59af0\" data-element_type=\"widget\" data-widget_type=\"text-editor.default\">\n\t\t\t\t<div class=\"elementor-widget-container\">\n\t\t\t\t\t\t\t\t\t<p>\ud83d\udc49 <a href=\"https:\/\/www.comunidad.madrid\/sites\/default\/files\/doc\/sanidad\/rrhh\/rrhh-ope-3362-sani_a2-enfermero_a_07-08-2025-exclu.pdf\" target=\"_blank\" rel=\"noopener\">Consulta aqu\u00ed toda la informaci\u00f3n<\/a><\/p>\t\t\t\t\t\t\t\t<\/div>\n\t\t\t\t<\/div>\n\t\t\t\t\t<\/div>\n\t\t<\/div>\n\t\t\t\t\t<\/div>\n\t\t<\/section>\n\t\t\t\t<section class=\"elementor-section elementor-top-section elementor-element elementor-element-cac8241 elementor-section-boxed elementor-section-height-default elementor-section-height-default\" data-id=\"cac8241\" data-element_type=\"section\">\n\t\t\t\t\t\t<div class=\"elementor-container elementor-column-gap-default\">\n\t\t\t\t\t<div class=\"elementor-column elementor-col-100 elementor-top-column elementor-element elementor-element-2050894\" data-id=\"2050894\" data-element_type=\"column\">\n\t\t\t<div class=\"elementor-widget-wrap elementor-element-populated\">\n\t\t\t\t\t\t<div class=\"elementor-element elementor-element-158e80d elementor-widget elementor-widget-heading\" data-id=\"158e80d\" data-element_type=\"widget\" data-widget_type=\"heading.default\">\n\t\t\t\t<div class=\"elementor-widget-container\">\n\t\t\t\t\t<h3 class=\"elementor-heading-title elementor-size-default\">Plazo<\/h3>\t\t\t\t<\/div>\n\t\t\t\t<\/div>\n\t\t\t\t\t<\/div>\n\t\t<\/div>\n\t\t\t\t\t<\/div>\n\t\t<\/section>\n\t\t\t\t<section class=\"elementor-section elementor-top-section elementor-element elementor-element-da0d3a1 elementor-section-boxed elementor-section-height-default elementor-section-height-default\" data-id=\"da0d3a1\" data-element_type=\"section\">\n\t\t\t\t\t\t<div class=\"elementor-container elementor-column-gap-default\">\n\t\t\t\t\t<div class=\"elementor-column elementor-col-100 elementor-top-column elementor-element elementor-element-ffbb47c\" data-id=\"ffbb47c\" data-element_type=\"column\">\n\t\t\t<div class=\"elementor-widget-wrap elementor-element-populated\">\n\t\t\t\t\t\t<div class=\"elementor-element elementor-element-9c9fa25 elementor-widget elementor-widget-text-editor\" data-id=\"9c9fa25\" data-element_type=\"widget\" data-widget_type=\"text-editor.default\">\n\t\t\t\t<div class=\"elementor-widget-container\">\n\t\t\t\t\t\t\t\t\t<p>Contra la presente Resoluci\u00f3n, que no pone fin a la v\u00eda administrativa, los interesados podr\u00e1n interponer recurso de alzada ante el mismo \u00f3rgano que la ha dictado o ante la Viceconsejer\u00eda de Sanidad y Direcci\u00f3n General del SERMAS en el plazo de un mes, contado a partir del d\u00eda siguiente a su publicaci\u00f3n, conforme a lo dispuesto en los art\u00edculos 121 y 122 de la Ley 39\/2015, de 1 de octubre, del Procedimiento Administrativo Com\u00fan de las Administraciones P\u00fablicas, sin perjuicio de cualquier otro recurso que se estime procedente interponer para mejor defensa de sus intereses a trav\u00e9s del siguiente enlace <a href=\"https:\/\/sede.comunidad.madrid\/denuncias-reclamaciones-recursos\/recurso-alzada-sanidad\" target=\"_blank\" rel=\"noopener\">https:\/\/sede.comunidad.madrid\/denuncias-reclamaciones-recursos\/recurso-alzada-sanidad<\/a><\/p>\t\t\t\t\t\t\t\t<\/div>\n\t\t\t\t<\/div>\n\t\t\t\t\t<\/div>\n\t\t<\/div>\n\t\t\t\t\t<\/div>\n\t\t<\/section>\n\t\t\t\t<section class=\"elementor-section elementor-top-section elementor-element elementor-element-21ac7e5 elementor-section-boxed elementor-section-height-default elementor-section-height-default\" data-id=\"21ac7e5\" data-element_type=\"section\">\n\t\t\t\t\t\t<div class=\"elementor-container elementor-column-gap-default\">\n\t\t\t\t\t<div class=\"elementor-column elementor-col-100 elementor-top-column elementor-element elementor-element-8738a46\" data-id=\"8738a46\" data-element_type=\"column\">\n\t\t\t<div class=\"elementor-widget-wrap elementor-element-populated\">\n\t\t\t\t\t\t<div class=\"elementor-element elementor-element-1608da0 elementor-widget elementor-widget-text-editor\" data-id=\"1608da0\" data-element_type=\"widget\" data-widget_type=\"text-editor.default\">\n\t\t\t\t<div class=\"elementor-widget-container\">\n\t\t\t\t\t\t\t\t\t<p class=\"p1\">Disclaimer\/aviso:<\/p>\n<p class=\"p1\">La informaci\u00f3n provista en los post del blog de Formantia no constituye ni pretende constituir asesoramiento legal personalizado; toda la informaci\u00f3n facilitada es solo para fines informativos generales y pueden no constituir informaci\u00f3n exhaustiva.<\/p>\n<p class=\"p1\">En la medida que el blog contenga enlaces a otros contenidos de terceros, dichos enlaces son solo para la ampliar la informaci\u00f3n del lector, usuario o navegador; Formantia no recomienda ni respalda dicho contenido.<\/p>\n<p class=\"p1\">Se renuncia expresamente a toda responsabilidad con respecto a las acciones tomadas o no tomadas en base al contenido de los post del blog.<\/p>\t\t\t\t\t\t\t\t<\/div>\n\t\t\t\t<\/div>\n\t\t\t\t\t<\/div>\n\t\t<\/div>\n\t\t\t\t\t<\/div>\n\t\t<\/section>\n\t\t\t\t<\/div>\n\t\t","protected":false},"excerpt":{"rendered":"<p>Resoluci\u00f3n de 5 de agosto de 2025 de la Direcci\u00f3n General de Recursos Humanos y Relaciones Laborales del Servicio Madrile\u00f1o de Salud, por la que se procede a declarar la p\u00e9rdida de derechos de varias aspirantes en el Concurso de M\u00e9ritos por el sistema de turno libre para el acceso a la condici\u00f3n de personal [&hellip;]<\/p>\n","protected":false},"author":15,"featured_media":43495,"comment_status":"closed","ping_status":"open","sticky":false,"template":"","format":"standard","meta":{"_seopress_robots_primary_cat":"none","footnotes":""},"categories":[184,186],"tags":[23],"class_list":["post-43491","post","type-post","status-publish","format-standard","has-post-thumbnail","hentry","category-convocatorias","category-noticias","tag-enfermeria","entry"],"_links":{"self":[{"href":"https:\/\/formantia.es\/blog\/wp-json\/wp\/v2\/posts\/43491","targetHints":{"allow":["GET"]}}],"collection":[{"href":"https:\/\/formantia.es\/blog\/wp-json\/wp\/v2\/posts"}],"about":[{"href":"https:\/\/formantia.es\/blog\/wp-json\/wp\/v2\/types\/post"}],"author":[{"embeddable":true,"href":"https:\/\/formantia.es\/blog\/wp-json\/wp\/v2\/users\/15"}],"replies":[{"embeddable":true,"href":"https:\/\/formantia.es\/blog\/wp-json\/wp\/v2\/comments?post=43491"}],"version-history":[{"count":4,"href":"https:\/\/formantia.es\/blog\/wp-json\/wp\/v2\/posts\/43491\/revisions"}],"predecessor-version":[{"id":43498,"href":"https:\/\/formantia.es\/blog\/wp-json\/wp\/v2\/posts\/43491\/revisions\/43498"}],"wp:featuredmedia":[{"embeddable":true,"href":"https:\/\/formantia.es\/blog\/wp-json\/wp\/v2\/media\/43495"}],"wp:attachment":[{"href":"https:\/\/formantia.es\/blog\/wp-json\/wp\/v2\/media?parent=43491"}],"wp:term":[{"taxonomy":"category","embeddable":true,"href":"https:\/\/formantia.es\/blog\/wp-json\/wp\/v2\/categories?post=43491"},{"taxonomy":"post_tag","embeddable":true,"href":"https:\/\/formantia.es\/blog\/wp-json\/wp\/v2\/tags?post=43491"}],"curies":[{"name":"wp","href":"https:\/\/api.w.org\/{rel}","templated":true}]}}