{"id":43393,"date":"2025-08-07T16:02:08","date_gmt":"2025-08-07T14:02:08","guid":{"rendered":"https:\/\/formantia.es\/blog\/?p=43393"},"modified":"2025-08-07T16:02:08","modified_gmt":"2025-08-07T14:02:08","slug":"tecnico-superior-laboratorio-servicio-de-salud-del-principado-de-asturias-aprueba-listas-provisionales-aspirantes-admitidos-y-excluidos-en-el-proceso-selectivo-04-08-2025","status":"publish","type":"post","link":"https:\/\/formantia.es\/blog\/tecnico-superior-laboratorio-servicio-de-salud-del-principado-de-asturias-aprueba-listas-provisionales-aspirantes-admitidos-y-excluidos-en-el-proceso-selectivo-04-08-2025\/","title":{"rendered":"El Servicio de Salud del Principado de Asturias aprueba las listas provisionales de aspirantes admitidos y excluidos en el proceso selectivo de T\u00e9cnico Especialista de Laboratorio"},"content":{"rendered":"\t\t<div data-elementor-type=\"wp-post\" data-elementor-id=\"43393\" class=\"elementor elementor-43393\" data-elementor-post-type=\"post\">\n\t\t\t\t\t\t<section class=\"elementor-section elementor-top-section elementor-element elementor-element-a9c447e elementor-section-boxed elementor-section-height-default elementor-section-height-default\" data-id=\"a9c447e\" data-element_type=\"section\">\n\t\t\t\t\t\t<div class=\"elementor-container elementor-column-gap-default\">\n\t\t\t\t\t<div class=\"elementor-column elementor-col-100 elementor-top-column elementor-element elementor-element-5cbb0bb\" data-id=\"5cbb0bb\" data-element_type=\"column\">\n\t\t\t<div class=\"elementor-widget-wrap elementor-element-populated\">\n\t\t\t\t\t\t<div class=\"elementor-element elementor-element-24bb3aa elementor-widget elementor-widget-text-editor\" data-id=\"24bb3aa\" data-element_type=\"widget\" data-widget_type=\"text-editor.default\">\n\t\t\t\t<div class=\"elementor-widget-container\">\n\t\t\t\t\t\t\t\t\t<p><em>Resoluci\u00f3n de la Direcci\u00f3n de Profesionales del Servicio de Salud del Principado de Asturias, por la que se aprueban las listas provisionales de aspirantes admitidos y excluidos en el procedimiento selectivo para el acceso, mediante el sistema de concurso-oposici\u00f3n, a 57 plazas de personal estatutario fijo de la categor\u00eda de T\u00e9cnico Especialista De Laboratorio, convocado por Resoluci\u00f3n de la Direcci\u00f3n Gerencia del Servicio de Salud del Principado de Asturias (BOPA 13-V-2025).<\/em><\/p>\t\t\t\t\t\t\t\t<\/div>\n\t\t\t\t<\/div>\n\t\t\t\t\t<\/div>\n\t\t<\/div>\n\t\t\t\t\t<\/div>\n\t\t<\/section>\n\t\t\t\t<section class=\"elementor-section elementor-top-section elementor-element elementor-element-4b2c9c4 elementor-section-boxed elementor-section-height-default elementor-section-height-default\" data-id=\"4b2c9c4\" data-element_type=\"section\">\n\t\t\t\t\t\t<div class=\"elementor-container elementor-column-gap-default\">\n\t\t\t\t\t<div class=\"elementor-column elementor-col-100 elementor-top-column elementor-element elementor-element-45cdad4\" data-id=\"45cdad4\" data-element_type=\"column\">\n\t\t\t<div class=\"elementor-widget-wrap elementor-element-populated\">\n\t\t\t\t\t\t<div class=\"elementor-element elementor-element-860f89b elementor-widget elementor-widget-text-editor\" data-id=\"860f89b\" data-element_type=\"widget\" data-widget_type=\"text-editor.default\">\n\t\t\t\t<div class=\"elementor-widget-container\">\n\t\t\t\t\t\t\t\t\t<p>\ud83d\udc49 <a href=\"https:\/\/www.astursalud.es\/documents\/35439\/1481803\/RESOLUCION+PROVISIONAL+ADMITIDOS+TEL+.pdf\/9affe123-efe2-c1d6-fc8a-3c0ebbe30414?t=1754394598299\" target=\"_blank\" rel=\"noopener\">Consulta aqu\u00ed la Resoluci\u00f3n<\/a><\/p>\t\t\t\t\t\t\t\t<\/div>\n\t\t\t\t<\/div>\n\t\t\t\t\t<\/div>\n\t\t<\/div>\n\t\t\t\t\t<\/div>\n\t\t<\/section>\n\t\t\t\t<section class=\"elementor-section elementor-top-section elementor-element elementor-element-e70d23a elementor-section-boxed elementor-section-height-default elementor-section-height-default\" data-id=\"e70d23a\" data-element_type=\"section\">\n\t\t\t\t\t\t<div class=\"elementor-container elementor-column-gap-default\">\n\t\t\t\t\t<div class=\"elementor-column elementor-col-100 elementor-top-column elementor-element elementor-element-4f5a687\" data-id=\"4f5a687\" data-element_type=\"column\">\n\t\t\t<div class=\"elementor-widget-wrap elementor-element-populated\">\n\t\t\t\t\t\t<div class=\"elementor-element elementor-element-f3ada2e elementor-widget elementor-widget-heading\" data-id=\"f3ada2e\" data-element_type=\"widget\" data-widget_type=\"heading.default\">\n\t\t\t\t<div class=\"elementor-widget-container\">\n\t\t\t\t\t<h3 class=\"elementor-heading-title elementor-size-default\">Plazo<\/h3>\t\t\t\t<\/div>\n\t\t\t\t<\/div>\n\t\t\t\t\t<\/div>\n\t\t<\/div>\n\t\t\t\t\t<\/div>\n\t\t<\/section>\n\t\t\t\t<section class=\"elementor-section elementor-top-section elementor-element elementor-element-fcfe3ae elementor-section-boxed elementor-section-height-default elementor-section-height-default\" data-id=\"fcfe3ae\" data-element_type=\"section\">\n\t\t\t\t\t\t<div class=\"elementor-container elementor-column-gap-default\">\n\t\t\t\t\t<div class=\"elementor-column elementor-col-100 elementor-top-column elementor-element elementor-element-a56e536\" data-id=\"a56e536\" data-element_type=\"column\">\n\t\t\t<div class=\"elementor-widget-wrap elementor-element-populated\">\n\t\t\t\t\t\t<div class=\"elementor-element elementor-element-35f66d6 elementor-widget elementor-widget-text-editor\" data-id=\"35f66d6\" data-element_type=\"widget\" data-widget_type=\"text-editor.default\">\n\t\t\t\t<div class=\"elementor-widget-container\">\n\t\t\t\t\t\t\t\t\t<p>Se abre un plazo de <strong>diez d\u00edas h\u00e1biles<\/strong>, contados a partir del d\u00eda siguiente al de la publicaci\u00f3n de la presente Resoluci\u00f3n, para que los aspirantes excluidos, as\u00ed como los omitidos por no figurar en la lista de admitidos ni en la de excluidos, puedan subsanar el defecto que haya motivado su exclusi\u00f3n, siempre que este sea subsanable, o su no inclusi\u00f3n expresa.<\/p><p>Los candidatos excluidos por la falta de registro de su solicitud son requeridos mediante esta Resoluci\u00f3n para que en el plazo de diez d\u00edas h\u00e1biles contados a partir del d\u00eda siguiente al de la publicaci\u00f3n de la misma, subsanen el defecto motivador de su exclusi\u00f3n. A tal fin deber\u00e1n acceder (mediante id\u00e9ntica autenticaci\u00f3n a la realizada para la inscripci\u00f3n) durante dicho plazo, a la aplicaci\u00f3n ValoraT d\u00f3nde tendr\u00e1n habilitada la posibilidad de registrar su solicitud de forma telem\u00e1tica. Trascurrido dicho plazo sin hacerlo decaer\u00e1n de su derecho.<\/p><p>Asimismo, aquellos aspirantes que hayan detectado errores en la consignaci\u00f3n de sus datos personales podr\u00e1n manifestarlo en el mismo plazo.<\/p><p>Finalizado el plazo de alegaciones y una vez efectuadas las rectificaciones que procedan se publicar\u00e1n en el BOPA las listas definitivas de admitidos y excluidos.<\/p>\t\t\t\t\t\t\t\t<\/div>\n\t\t\t\t<\/div>\n\t\t\t\t\t<\/div>\n\t\t<\/div>\n\t\t\t\t\t<\/div>\n\t\t<\/section>\n\t\t\t\t<section class=\"elementor-section elementor-top-section elementor-element elementor-element-b41a3ae elementor-section-boxed elementor-section-height-default elementor-section-height-default\" data-id=\"b41a3ae\" data-element_type=\"section\">\n\t\t\t\t\t\t<div class=\"elementor-container elementor-column-gap-default\">\n\t\t\t\t\t<div class=\"elementor-column elementor-col-100 elementor-top-column elementor-element elementor-element-e930935\" data-id=\"e930935\" data-element_type=\"column\">\n\t\t\t<div class=\"elementor-widget-wrap elementor-element-populated\">\n\t\t\t\t\t\t<div class=\"elementor-element elementor-element-863b246 elementor-widget elementor-widget-text-editor\" data-id=\"863b246\" data-element_type=\"widget\" data-widget_type=\"text-editor.default\">\n\t\t\t\t<div class=\"elementor-widget-container\">\n\t\t\t\t\t\t\t\t\t<p>\ud83d\udc49 <a href=\"https:\/\/www.astursalud.es\/noticias\/-\/noticias\/resoluci-c3-b3n-de-28-de-abril-de-2025-de-la-direcci-c3-b3n-gerencia-del-servicio-de-salud-del-principado-de-asturias-por-la-que-se-convoca-concurso-oposici-c3-b3n-para-el-acceso-a-13-plazas-de-personal-estatutario-fijo-de-la-categor-c3-ada-de-t-c3-a9cnic\" target=\"_blank\" rel=\"noopener\">Consulta aqu\u00ed las Listas provisionales de admitidos y excluidos<\/a><\/p>\t\t\t\t\t\t\t\t<\/div>\n\t\t\t\t<\/div>\n\t\t\t\t\t<\/div>\n\t\t<\/div>\n\t\t\t\t\t<\/div>\n\t\t<\/section>\n\t\t\t\t<section class=\"elementor-section elementor-top-section elementor-element elementor-element-a2f011f elementor-section-boxed elementor-section-height-default elementor-section-height-default\" data-id=\"a2f011f\" data-element_type=\"section\">\n\t\t\t\t\t\t<div class=\"elementor-container elementor-column-gap-default\">\n\t\t\t\t\t<div class=\"elementor-column elementor-col-100 elementor-top-column elementor-element elementor-element-193109e\" data-id=\"193109e\" data-element_type=\"column\">\n\t\t\t<div class=\"elementor-widget-wrap elementor-element-populated\">\n\t\t\t\t\t\t<div class=\"elementor-element elementor-element-feaac06 elementor-widget elementor-widget-text-editor\" data-id=\"feaac06\" data-element_type=\"widget\" data-widget_type=\"text-editor.default\">\n\t\t\t\t<div class=\"elementor-widget-container\">\n\t\t\t\t\t\t\t\t\t<ul><li>Anexo I-I Admitidos Turno Libre \u2013 Cupo General<\/li><li>Anexo I-II Admitidos Turno Libre \u2013 Discapacidad<\/li><li>Anexo I-III Admitidos Turno Promoci\u00f3n \u2013 Cupo General<\/li><li>Anexo II-I Excluidos Turno Libre \u2013 Cupo General<\/li><li>Anexo II-II Excluidos Turno Libre \u2013 Discapacidad<\/li><li>Anexo II-III Excluidos Turno Promoci\u00f3n \u2013 Cupo General<\/li><\/ul>\t\t\t\t\t\t\t\t<\/div>\n\t\t\t\t<\/div>\n\t\t\t\t\t<\/div>\n\t\t<\/div>\n\t\t\t\t\t<\/div>\n\t\t<\/section>\n\t\t\t\t<section class=\"elementor-section elementor-top-section elementor-element elementor-element-a6f18cd elementor-section-boxed elementor-section-height-default elementor-section-height-default\" data-id=\"a6f18cd\" data-element_type=\"section\">\n\t\t\t\t\t\t<div class=\"elementor-container elementor-column-gap-default\">\n\t\t\t\t\t<div class=\"elementor-column elementor-col-100 elementor-top-column elementor-element elementor-element-13e62d0\" data-id=\"13e62d0\" data-element_type=\"column\">\n\t\t\t<div class=\"elementor-widget-wrap elementor-element-populated\">\n\t\t\t\t\t\t<div class=\"elementor-element elementor-element-47589b3 elementor-widget elementor-widget-text-editor\" data-id=\"47589b3\" data-element_type=\"widget\" data-widget_type=\"text-editor.default\">\n\t\t\t\t<div class=\"elementor-widget-container\">\n\t\t\t\t\t\t\t\t\t<p class=\"p1\">Disclaimer\/aviso:<\/p>\n<p class=\"p1\">La informaci\u00f3n provista en los post del blog de Formantia no constituye ni pretende constituir asesoramiento legal personalizado; toda la informaci\u00f3n facilitada es solo para fines informativos generales y pueden no constituir informaci\u00f3n exhaustiva.<\/p>\n<p class=\"p1\">En la medida que el blog contenga enlaces a otros contenidos de terceros, dichos enlaces son solo para la ampliar la informaci\u00f3n del lector, usuario o navegador; Formantia no recomienda ni respalda dicho contenido.<\/p>\n<p class=\"p1\">Se renuncia expresamente a toda responsabilidad con respecto a las acciones tomadas o no tomadas en base al contenido de los post del blog.<\/p>\t\t\t\t\t\t\t\t<\/div>\n\t\t\t\t<\/div>\n\t\t\t\t\t<\/div>\n\t\t<\/div>\n\t\t\t\t\t<\/div>\n\t\t<\/section>\n\t\t\t\t<\/div>\n\t\t","protected":false},"excerpt":{"rendered":"<p>Resoluci\u00f3n de la Direcci\u00f3n de Profesionales del Servicio de Salud del Principado de Asturias, por la que se aprueban las listas provisionales de aspirantes admitidos y excluidos en el procedimiento selectivo para el acceso, mediante el sistema de concurso-oposici\u00f3n, a 57 plazas de personal estatutario fijo de la categor\u00eda de T\u00e9cnico Especialista De Laboratorio, convocado [&hellip;]<\/p>\n","protected":false},"author":15,"featured_media":43397,"comment_status":"closed","ping_status":"open","sticky":false,"template":"","format":"standard","meta":{"_seopress_robots_primary_cat":"none","footnotes":""},"categories":[184,186],"tags":[42],"class_list":["post-43393","post","type-post","status-publish","format-standard","has-post-thumbnail","hentry","category-convocatorias","category-noticias","tag-tel","entry"],"_links":{"self":[{"href":"https:\/\/formantia.es\/blog\/wp-json\/wp\/v2\/posts\/43393","targetHints":{"allow":["GET"]}}],"collection":[{"href":"https:\/\/formantia.es\/blog\/wp-json\/wp\/v2\/posts"}],"about":[{"href":"https:\/\/formantia.es\/blog\/wp-json\/wp\/v2\/types\/post"}],"author":[{"embeddable":true,"href":"https:\/\/formantia.es\/blog\/wp-json\/wp\/v2\/users\/15"}],"replies":[{"embeddable":true,"href":"https:\/\/formantia.es\/blog\/wp-json\/wp\/v2\/comments?post=43393"}],"version-history":[{"count":4,"href":"https:\/\/formantia.es\/blog\/wp-json\/wp\/v2\/posts\/43393\/revisions"}],"predecessor-version":[{"id":43400,"href":"https:\/\/formantia.es\/blog\/wp-json\/wp\/v2\/posts\/43393\/revisions\/43400"}],"wp:featuredmedia":[{"embeddable":true,"href":"https:\/\/formantia.es\/blog\/wp-json\/wp\/v2\/media\/43397"}],"wp:attachment":[{"href":"https:\/\/formantia.es\/blog\/wp-json\/wp\/v2\/media?parent=43393"}],"wp:term":[{"taxonomy":"category","embeddable":true,"href":"https:\/\/formantia.es\/blog\/wp-json\/wp\/v2\/categories?post=43393"},{"taxonomy":"post_tag","embeddable":true,"href":"https:\/\/formantia.es\/blog\/wp-json\/wp\/v2\/tags?post=43393"}],"curies":[{"name":"wp","href":"https:\/\/api.w.org\/{rel}","templated":true}]}}