{"id":43356,"date":"2025-08-07T15:52:53","date_gmt":"2025-08-07T13:52:53","guid":{"rendered":"https:\/\/formantia.es\/blog\/?p=43356"},"modified":"2025-08-07T15:54:23","modified_gmt":"2025-08-07T13:54:23","slug":"enfermeria-servicio-de-salud-del-principado-de-asturias-aprueba-listas-provisionales-aspirantes-admitidos-y-excluidos-en-el-proceso-selectivo-04-08-2025","status":"publish","type":"post","link":"https:\/\/formantia.es\/blog\/enfermeria-servicio-de-salud-del-principado-de-asturias-aprueba-listas-provisionales-aspirantes-admitidos-y-excluidos-en-el-proceso-selectivo-04-08-2025\/","title":{"rendered":"El Servicio de Salud del Principado de Asturias aprueba las listas provisionales de aspirantes admitidos y excluidos en el proceso selectivo de Enfermer\u00eda"},"content":{"rendered":"\t\t<div data-elementor-type=\"wp-post\" data-elementor-id=\"43356\" class=\"elementor elementor-43356\" data-elementor-post-type=\"post\">\n\t\t\t\t\t\t<section class=\"elementor-section elementor-top-section elementor-element elementor-element-27eebc0 elementor-section-boxed elementor-section-height-default elementor-section-height-default\" data-id=\"27eebc0\" data-element_type=\"section\">\n\t\t\t\t\t\t<div class=\"elementor-container elementor-column-gap-default\">\n\t\t\t\t\t<div class=\"elementor-column elementor-col-100 elementor-top-column elementor-element elementor-element-678188e\" data-id=\"678188e\" data-element_type=\"column\">\n\t\t\t<div class=\"elementor-widget-wrap elementor-element-populated\">\n\t\t\t\t\t\t<div class=\"elementor-element elementor-element-04c835a elementor-widget elementor-widget-text-editor\" data-id=\"04c835a\" data-element_type=\"widget\" data-widget_type=\"text-editor.default\">\n\t\t\t\t<div class=\"elementor-widget-container\">\n\t\t\t\t\t\t\t\t\t<p style=\"text-align: justify;\"><em>Resoluci\u00f3n de la Direcci\u00f3n de Profesionales del Servicio de Salud del Principado de Asturias, por la que se aprueban las listas provisionales de aspirantes admitidos y excluidos en el procedimiento selectivo para el acceso, mediante el sistema de concurso-oposici\u00f3n, a 299 plazas de personal estatutario fijo de la categor\u00eda de Enfermer\u00eda, convocado por Resoluci\u00f3n de la Direcci\u00f3n Gerencia del Servicio de Salud del Principado de Asturias (BOPA 13\/V\/2025).<\/em><\/p>\t\t\t\t\t\t\t\t<\/div>\n\t\t\t\t<\/div>\n\t\t\t\t\t<\/div>\n\t\t<\/div>\n\t\t\t\t\t<\/div>\n\t\t<\/section>\n\t\t\t\t<section class=\"elementor-section elementor-top-section elementor-element elementor-element-bb46ffc elementor-section-boxed elementor-section-height-default elementor-section-height-default\" data-id=\"bb46ffc\" data-element_type=\"section\">\n\t\t\t\t\t\t<div class=\"elementor-container elementor-column-gap-default\">\n\t\t\t\t\t<div class=\"elementor-column elementor-col-100 elementor-top-column elementor-element elementor-element-4535df9\" data-id=\"4535df9\" data-element_type=\"column\">\n\t\t\t<div class=\"elementor-widget-wrap elementor-element-populated\">\n\t\t\t\t\t\t<div class=\"elementor-element elementor-element-4a9dd1c elementor-widget elementor-widget-text-editor\" data-id=\"4a9dd1c\" data-element_type=\"widget\" data-widget_type=\"text-editor.default\">\n\t\t\t\t<div class=\"elementor-widget-container\">\n\t\t\t\t\t\t\t\t\t<p style=\"text-align: center;\">\ud83d\udc49 <a href=\"https:\/\/www.astursalud.es\/documents\/35439\/1481803\/RESOLUCION++ENFERMERIA.pdf\/f28eabb9-d93c-9c89-448e-0974da2fabd6?t=1754377079366\" target=\"_blank\" rel=\"noopener\">Consulta aqu\u00ed la Resoluci\u00f3n<\/a><\/p>\t\t\t\t\t\t\t\t<\/div>\n\t\t\t\t<\/div>\n\t\t\t\t\t<\/div>\n\t\t<\/div>\n\t\t\t\t\t<\/div>\n\t\t<\/section>\n\t\t\t\t<section class=\"elementor-section elementor-top-section elementor-element elementor-element-42db5ef elementor-section-boxed elementor-section-height-default elementor-section-height-default\" data-id=\"42db5ef\" data-element_type=\"section\">\n\t\t\t\t\t\t<div class=\"elementor-container elementor-column-gap-default\">\n\t\t\t\t\t<div class=\"elementor-column elementor-col-100 elementor-top-column elementor-element elementor-element-b503cbc\" data-id=\"b503cbc\" data-element_type=\"column\">\n\t\t\t<div class=\"elementor-widget-wrap elementor-element-populated\">\n\t\t\t\t\t\t<div class=\"elementor-element elementor-element-bb3c791 elementor-widget elementor-widget-heading\" data-id=\"bb3c791\" data-element_type=\"widget\" data-widget_type=\"heading.default\">\n\t\t\t\t<div class=\"elementor-widget-container\">\n\t\t\t\t\t<h3 class=\"elementor-heading-title elementor-size-default\">Plazo<\/h3>\t\t\t\t<\/div>\n\t\t\t\t<\/div>\n\t\t\t\t\t<\/div>\n\t\t<\/div>\n\t\t\t\t\t<\/div>\n\t\t<\/section>\n\t\t\t\t<section class=\"elementor-section elementor-top-section elementor-element elementor-element-f99af84 elementor-section-boxed elementor-section-height-default elementor-section-height-default\" data-id=\"f99af84\" data-element_type=\"section\">\n\t\t\t\t\t\t<div class=\"elementor-container elementor-column-gap-default\">\n\t\t\t\t\t<div class=\"elementor-column elementor-col-100 elementor-top-column elementor-element elementor-element-aae91f3\" data-id=\"aae91f3\" data-element_type=\"column\">\n\t\t\t<div class=\"elementor-widget-wrap elementor-element-populated\">\n\t\t\t\t\t\t<div class=\"elementor-element elementor-element-862cb36 elementor-widget elementor-widget-text-editor\" data-id=\"862cb36\" data-element_type=\"widget\" data-widget_type=\"text-editor.default\">\n\t\t\t\t<div class=\"elementor-widget-container\">\n\t\t\t\t\t\t\t\t\t<p style=\"text-align: justify;\">Se abre un <strong>plazo de diez d\u00edas h\u00e1biles<\/strong>, contados a partir del d\u00eda siguiente al de la publicaci\u00f3n de la presente Resoluci\u00f3n, para que los aspirantes <strong>excluidos<\/strong>, as\u00ed como los <strong>omitidos<\/strong> por no figurar en la lista de admitidos ni en la de excluidos, puedan subsanar el defecto que haya motivado su exclusi\u00f3n, siempre que este sea subsanable, o su no inclusi\u00f3n expresa.<\/p><p style=\"text-align: justify;\">Los candidatos excluidos por la falta de registro de su solicitud son requeridos mediante esta Resoluci\u00f3n para que en el plazo de diez d\u00edas h\u00e1biles contados a partir del d\u00eda siguiente al de la publicaci\u00f3n de la misma, subsanen el defecto motivador de su exclusi\u00f3n. A tal fin deber\u00e1n acceder (mediante id\u00e9ntica autenticaci\u00f3n a la realizada para la inscripci\u00f3n) durante dicho plazo, a la aplicaci\u00f3n ValoraT d\u00f3nde tendr\u00e1n habilitada la posibilidad de registrar su solicitud de forma telem\u00e1tica. Trascurrido dicho plazo sin hacerlo decaer\u00e1n de su derecho.<\/p><p style=\"text-align: justify;\">Asimismo, aquellos aspirantes que hayan detectado errores en la consignaci\u00f3n de sus datos personales podr\u00e1n manifestarlo en el mismo plazo.<\/p><p style=\"text-align: justify;\">Finalizado el plazo de alegaciones y una vez efectuadas las rectificaciones que procedan se publicar\u00e1n en el BOPA las listas definitivas de admitidos y excluidos.<\/p>\t\t\t\t\t\t\t\t<\/div>\n\t\t\t\t<\/div>\n\t\t\t\t\t<\/div>\n\t\t<\/div>\n\t\t\t\t\t<\/div>\n\t\t<\/section>\n\t\t\t\t<section class=\"elementor-section elementor-top-section elementor-element elementor-element-abc2686 elementor-section-boxed elementor-section-height-default elementor-section-height-default\" data-id=\"abc2686\" data-element_type=\"section\">\n\t\t\t\t\t\t<div class=\"elementor-container elementor-column-gap-default\">\n\t\t\t\t\t<div class=\"elementor-column elementor-col-100 elementor-top-column elementor-element elementor-element-3b5ad37\" data-id=\"3b5ad37\" data-element_type=\"column\">\n\t\t\t<div class=\"elementor-widget-wrap elementor-element-populated\">\n\t\t\t\t\t\t<div class=\"elementor-element elementor-element-b42171e elementor-widget elementor-widget-text-editor\" data-id=\"b42171e\" data-element_type=\"widget\" data-widget_type=\"text-editor.default\">\n\t\t\t\t<div class=\"elementor-widget-container\">\n\t\t\t\t\t\t\t\t\t<p style=\"text-align: center;\">\ud83d\udc49 <a href=\"https:\/\/www.astursalud.es\/noticias\/-\/noticias\/resoluci-c3-b3n-de-28-de-abril-de-2025-de-la-direcci-c3-b3n-gerencia-del-servicio-de-salud-del-principado-de-asturias-por-la-que-se-convoca-concurso-oposici-c3-b3n-para-el-acceso-a-261-plazas-de-personal-estatutario-fijo-de-la-categor-c3-ada-de-t-c3-a9cni\" target=\"_blank\" rel=\"noopener\">Consulta aqu\u00ed las Listas provisionales de admitidos y excluidos<\/a><\/p>\t\t\t\t\t\t\t\t<\/div>\n\t\t\t\t<\/div>\n\t\t\t\t\t<\/div>\n\t\t<\/div>\n\t\t\t\t\t<\/div>\n\t\t<\/section>\n\t\t\t\t<section class=\"elementor-section elementor-top-section elementor-element elementor-element-6deb460 elementor-section-boxed elementor-section-height-default elementor-section-height-default\" data-id=\"6deb460\" data-element_type=\"section\">\n\t\t\t\t\t\t<div class=\"elementor-container elementor-column-gap-default\">\n\t\t\t\t\t<div class=\"elementor-column elementor-col-100 elementor-top-column elementor-element elementor-element-690e91d\" data-id=\"690e91d\" data-element_type=\"column\">\n\t\t\t<div class=\"elementor-widget-wrap elementor-element-populated\">\n\t\t\t\t\t\t<div class=\"elementor-element elementor-element-2c67b39 elementor-widget elementor-widget-text-editor\" data-id=\"2c67b39\" data-element_type=\"widget\" data-widget_type=\"text-editor.default\">\n\t\t\t\t<div class=\"elementor-widget-container\">\n\t\t\t\t\t\t\t\t\t<ul><li style=\"text-align: left;\">Anexo I-I. Admitidos Turno Libre &#8211; Cupo General.<\/li><li style=\"text-align: left;\">Anexo I-II. Admitidos Turno Libre &#8211; Discapacidad.<\/li><li style=\"text-align: left;\">Anexo I &#8211; III. Admitidos Turno Promoci\u00f3n &#8211; Cupo General.<\/li><li style=\"text-align: left;\">Anexo II &#8211; I. Excluidos Turno Libre &#8211; Cupo General.<\/li><li style=\"text-align: left;\">Anexo II &#8211; II. Admitidos Turno Libre &#8211; Discapacidad.<\/li><li style=\"text-align: left;\">Anexo II &#8211; III. Excluidos Turno Promoci\u00f3n &#8211; Cupo General.<\/li><\/ul>\t\t\t\t\t\t\t\t<\/div>\n\t\t\t\t<\/div>\n\t\t\t\t\t<\/div>\n\t\t<\/div>\n\t\t\t\t\t<\/div>\n\t\t<\/section>\n\t\t\t\t<section class=\"elementor-section elementor-top-section elementor-element elementor-element-981a8b2 elementor-section-boxed elementor-section-height-default elementor-section-height-default\" data-id=\"981a8b2\" data-element_type=\"section\">\n\t\t\t\t\t\t<div class=\"elementor-container elementor-column-gap-default\">\n\t\t\t\t\t<div class=\"elementor-column elementor-col-100 elementor-top-column elementor-element elementor-element-b583d46\" data-id=\"b583d46\" data-element_type=\"column\">\n\t\t\t<div class=\"elementor-widget-wrap elementor-element-populated\">\n\t\t\t\t\t\t<div class=\"elementor-element elementor-element-d2117e5 elementor-widget elementor-widget-text-editor\" data-id=\"d2117e5\" data-element_type=\"widget\" data-widget_type=\"text-editor.default\">\n\t\t\t\t<div class=\"elementor-widget-container\">\n\t\t\t\t\t\t\t\t\t<p class=\"p1\">Disclaimer\/aviso:<\/p><p class=\"p1\">La informaci\u00f3n provista en los post del blog de Formantia no constituye ni pretende constituir asesoramiento legal personalizado; toda la informaci\u00f3n facilitada es solo para fines informativos generales y pueden no constituir informaci\u00f3n exhaustiva.<\/p><p class=\"p1\">En la medida que el blog contenga enlaces a otros contenidos de terceros, dichos enlaces son solo para la ampliar la informaci\u00f3n del lector, usuario o navegador; Formantia no recomienda ni respalda dicho contenido.<\/p><p class=\"p1\">Se renuncia expresamente a toda responsabilidad con respecto a las acciones tomadas o no tomadas en base al contenido de los post del blog.<\/p>\t\t\t\t\t\t\t\t<\/div>\n\t\t\t\t<\/div>\n\t\t\t\t\t<\/div>\n\t\t<\/div>\n\t\t\t\t\t<\/div>\n\t\t<\/section>\n\t\t\t\t<\/div>\n\t\t","protected":false},"excerpt":{"rendered":"<p>Resoluci\u00f3n de la Direcci\u00f3n de Profesionales del Servicio de Salud del Principado de Asturias, por la que se aprueban las listas provisionales de aspirantes admitidos y excluidos en el procedimiento selectivo para el acceso, mediante el sistema de concurso-oposici\u00f3n, a 299 plazas de personal estatutario fijo de la categor\u00eda de Enfermer\u00eda, convocado por Resoluci\u00f3n de [&hellip;]<\/p>\n","protected":false},"author":15,"featured_media":43360,"comment_status":"closed","ping_status":"open","sticky":false,"template":"","format":"standard","meta":{"_seopress_robots_primary_cat":"none","footnotes":""},"categories":[184,186],"tags":[23],"class_list":["post-43356","post","type-post","status-publish","format-standard","has-post-thumbnail","hentry","category-convocatorias","category-noticias","tag-enfermeria","entry"],"_links":{"self":[{"href":"https:\/\/formantia.es\/blog\/wp-json\/wp\/v2\/posts\/43356","targetHints":{"allow":["GET"]}}],"collection":[{"href":"https:\/\/formantia.es\/blog\/wp-json\/wp\/v2\/posts"}],"about":[{"href":"https:\/\/formantia.es\/blog\/wp-json\/wp\/v2\/types\/post"}],"author":[{"embeddable":true,"href":"https:\/\/formantia.es\/blog\/wp-json\/wp\/v2\/users\/15"}],"replies":[{"embeddable":true,"href":"https:\/\/formantia.es\/blog\/wp-json\/wp\/v2\/comments?post=43356"}],"version-history":[{"count":20,"href":"https:\/\/formantia.es\/blog\/wp-json\/wp\/v2\/posts\/43356\/revisions"}],"predecessor-version":[{"id":43380,"href":"https:\/\/formantia.es\/blog\/wp-json\/wp\/v2\/posts\/43356\/revisions\/43380"}],"wp:featuredmedia":[{"embeddable":true,"href":"https:\/\/formantia.es\/blog\/wp-json\/wp\/v2\/media\/43360"}],"wp:attachment":[{"href":"https:\/\/formantia.es\/blog\/wp-json\/wp\/v2\/media?parent=43356"}],"wp:term":[{"taxonomy":"category","embeddable":true,"href":"https:\/\/formantia.es\/blog\/wp-json\/wp\/v2\/categories?post=43356"},{"taxonomy":"post_tag","embeddable":true,"href":"https:\/\/formantia.es\/blog\/wp-json\/wp\/v2\/tags?post=43356"}],"curies":[{"name":"wp","href":"https:\/\/api.w.org\/{rel}","templated":true}]}}