{"id":41639,"date":"2025-07-07T10:35:45","date_gmt":"2025-07-07T08:35:45","guid":{"rendered":"https:\/\/formantia.es\/blog\/?p=41639"},"modified":"2025-07-07T10:35:45","modified_gmt":"2025-07-07T08:35:45","slug":"enfermeria-asturias-servicio-de-salud-del-principado-designacion-del-tribunal-de-seleccion-del-proceso-selectivo-07-07-2025","status":"publish","type":"post","link":"https:\/\/formantia.es\/blog\/enfermeria-asturias-servicio-de-salud-del-principado-designacion-del-tribunal-de-seleccion-del-proceso-selectivo-07-07-2025\/","title":{"rendered":"El Servicio de Salud del Principado de Asturias acuerda la designaci\u00f3n del Tribunal de Selecci\u00f3n del proceso selectivo de Enfermer\u00eda"},"content":{"rendered":"\t\t<div data-elementor-type=\"wp-post\" data-elementor-id=\"41639\" class=\"elementor elementor-41639\" data-elementor-post-type=\"post\">\n\t\t\t\t\t\t<section class=\"elementor-section elementor-top-section elementor-element elementor-element-8119cd9 elementor-section-boxed elementor-section-height-default elementor-section-height-default\" data-id=\"8119cd9\" data-element_type=\"section\">\n\t\t\t\t\t\t<div class=\"elementor-container elementor-column-gap-default\">\n\t\t\t\t\t<div class=\"elementor-column elementor-col-100 elementor-top-column elementor-element elementor-element-37d3a5a\" data-id=\"37d3a5a\" data-element_type=\"column\">\n\t\t\t<div class=\"elementor-widget-wrap elementor-element-populated\">\n\t\t\t\t\t\t<div class=\"elementor-element elementor-element-bdfae0d elementor-widget elementor-widget-text-editor\" data-id=\"bdfae0d\" data-element_type=\"widget\" data-widget_type=\"text-editor.default\">\n\t\t\t\t<div class=\"elementor-widget-container\">\n\t\t\t\t\t\t\t\t\t<p><em>Resoluci\u00f3n de 24 de junio de 2025, de la Direcci\u00f3n de Profesionales del Servicio de Salud del Principado de Asturias, por la que se acuerda la designaci\u00f3n del Tribunal de Selecci\u00f3n de los procesos selectivos para el acceso a plazas de personal estatutario fijo de las categor\u00edas incluidas en el Grupo B\/A2 de clasificaci\u00f3n del personal sanitario, Enfermera y Matrona, convocados por las correspondientes Resoluciones de 28 de abril de 2025, de la Direcci\u00f3n Gerencia del Servicio de Salud del Principado de Asturias.<\/em><\/p>\t\t\t\t\t\t\t\t<\/div>\n\t\t\t\t<\/div>\n\t\t\t\t\t<\/div>\n\t\t<\/div>\n\t\t\t\t\t<\/div>\n\t\t<\/section>\n\t\t\t\t<section class=\"elementor-section elementor-top-section elementor-element elementor-element-30e1bdb elementor-section-boxed elementor-section-height-default elementor-section-height-default\" data-id=\"30e1bdb\" data-element_type=\"section\">\n\t\t\t\t\t\t<div class=\"elementor-container elementor-column-gap-default\">\n\t\t\t\t\t<div class=\"elementor-column elementor-col-100 elementor-top-column elementor-element elementor-element-10377ee\" data-id=\"10377ee\" data-element_type=\"column\">\n\t\t\t<div class=\"elementor-widget-wrap elementor-element-populated\">\n\t\t\t\t\t\t<div class=\"elementor-element elementor-element-d7a9eab elementor-widget elementor-widget-text-editor\" data-id=\"d7a9eab\" data-element_type=\"widget\" data-widget_type=\"text-editor.default\">\n\t\t\t\t<div class=\"elementor-widget-container\">\n\t\t\t\t\t\t\t\t\t<p>\ud83d\udc49 <a href=\"https:\/\/sede.asturias.es\/bopa\/2025\/07\/07\/2025-05481.pdf\" target=\"_blank\" rel=\"noopener\">Consulta aqu\u00ed toda la informaci\u00f3n<\/a><\/p>\t\t\t\t\t\t\t\t<\/div>\n\t\t\t\t<\/div>\n\t\t\t\t\t<\/div>\n\t\t<\/div>\n\t\t\t\t\t<\/div>\n\t\t<\/section>\n\t\t\t\t<section class=\"elementor-section elementor-top-section elementor-element elementor-element-7fd1204 elementor-section-boxed elementor-section-height-default elementor-section-height-default\" data-id=\"7fd1204\" data-element_type=\"section\">\n\t\t\t\t\t\t<div class=\"elementor-container elementor-column-gap-default\">\n\t\t\t\t\t<div class=\"elementor-column elementor-col-100 elementor-top-column elementor-element elementor-element-674a3f2\" data-id=\"674a3f2\" data-element_type=\"column\">\n\t\t\t<div class=\"elementor-widget-wrap elementor-element-populated\">\n\t\t\t\t\t\t<div class=\"elementor-element elementor-element-90329ff elementor-widget elementor-widget-heading\" data-id=\"90329ff\" data-element_type=\"widget\" data-widget_type=\"heading.default\">\n\t\t\t\t<div class=\"elementor-widget-container\">\n\t\t\t\t\t<h3 class=\"elementor-heading-title elementor-size-default\">Plazo<\/h3>\t\t\t\t<\/div>\n\t\t\t\t<\/div>\n\t\t\t\t\t<\/div>\n\t\t<\/div>\n\t\t\t\t\t<\/div>\n\t\t<\/section>\n\t\t\t\t<section class=\"elementor-section elementor-top-section elementor-element elementor-element-d60a309 elementor-section-boxed elementor-section-height-default elementor-section-height-default\" data-id=\"d60a309\" data-element_type=\"section\">\n\t\t\t\t\t\t<div class=\"elementor-container elementor-column-gap-default\">\n\t\t\t\t\t<div class=\"elementor-column elementor-col-100 elementor-top-column elementor-element elementor-element-bcbf12c\" data-id=\"bcbf12c\" data-element_type=\"column\">\n\t\t\t<div class=\"elementor-widget-wrap elementor-element-populated\">\n\t\t\t\t\t\t<div class=\"elementor-element elementor-element-afab48b elementor-widget elementor-widget-text-editor\" data-id=\"afab48b\" data-element_type=\"widget\" data-widget_type=\"text-editor.default\">\n\t\t\t\t<div class=\"elementor-widget-container\">\n\t\t\t\t\t\t\t\t\t<p>Plazo de <strong>un mes<\/strong> contado desde el d\u00eda siguiente al de esta publicaci\u00f3n para interponer recurso de alzada.<\/p>\t\t\t\t\t\t\t\t<\/div>\n\t\t\t\t<\/div>\n\t\t\t\t\t<\/div>\n\t\t<\/div>\n\t\t\t\t\t<\/div>\n\t\t<\/section>\n\t\t\t\t<section class=\"elementor-section elementor-top-section elementor-element elementor-element-3a81b8d elementor-section-boxed elementor-section-height-default elementor-section-height-default\" data-id=\"3a81b8d\" data-element_type=\"section\">\n\t\t\t\t\t\t<div class=\"elementor-container elementor-column-gap-default\">\n\t\t\t\t\t<div class=\"elementor-column elementor-col-100 elementor-top-column elementor-element elementor-element-69e96f5\" data-id=\"69e96f5\" data-element_type=\"column\">\n\t\t\t<div class=\"elementor-widget-wrap elementor-element-populated\">\n\t\t\t\t\t\t<div class=\"elementor-element elementor-element-efd3df8 elementor-widget elementor-widget-text-editor\" data-id=\"efd3df8\" data-element_type=\"widget\" data-widget_type=\"text-editor.default\">\n\t\t\t\t<div class=\"elementor-widget-container\">\n\t\t\t\t\t\t\t\t\t<p class=\"p1\">Disclaimer\/aviso:<\/p><p class=\"p1\">La informaci\u00f3n provista en los post del blog de Formantia no constituye ni pretende constituir asesoramiento legal personalizado; toda la informaci\u00f3n facilitada es solo para fines informativos generales y pueden no constituir informaci\u00f3n exhaustiva.<\/p><p class=\"p1\">En la medida que el blog contenga enlaces a otros contenidos de terceros, dichos enlaces son solo para la ampliar la informaci\u00f3n del lector, usuario o navegador; Formantia no recomienda ni respalda dicho contenido.<\/p><p class=\"p1\">Se renuncia expresamente a toda responsabilidad con respecto a las acciones tomadas o no tomadas en base al contenido de los post del blog.<\/p>\t\t\t\t\t\t\t\t<\/div>\n\t\t\t\t<\/div>\n\t\t\t\t\t<\/div>\n\t\t<\/div>\n\t\t\t\t\t<\/div>\n\t\t<\/section>\n\t\t\t\t<\/div>\n\t\t","protected":false},"excerpt":{"rendered":"<p>Resoluci\u00f3n de 24 de junio de 2025, de la Direcci\u00f3n de Profesionales del Servicio de Salud del Principado de Asturias, por la que se acuerda la designaci\u00f3n del Tribunal de Selecci\u00f3n de los procesos selectivos para el acceso a plazas de personal estatutario fijo de las categor\u00edas incluidas en el Grupo B\/A2 de clasificaci\u00f3n del [&hellip;]<\/p>\n","protected":false},"author":16,"featured_media":41642,"comment_status":"closed","ping_status":"open","sticky":false,"template":"","format":"standard","meta":{"_seopress_robots_primary_cat":"none","footnotes":""},"categories":[186],"tags":[23],"class_list":["post-41639","post","type-post","status-publish","format-standard","has-post-thumbnail","hentry","category-noticias","tag-enfermeria","entry"],"_links":{"self":[{"href":"https:\/\/formantia.es\/blog\/wp-json\/wp\/v2\/posts\/41639","targetHints":{"allow":["GET"]}}],"collection":[{"href":"https:\/\/formantia.es\/blog\/wp-json\/wp\/v2\/posts"}],"about":[{"href":"https:\/\/formantia.es\/blog\/wp-json\/wp\/v2\/types\/post"}],"author":[{"embeddable":true,"href":"https:\/\/formantia.es\/blog\/wp-json\/wp\/v2\/users\/16"}],"replies":[{"embeddable":true,"href":"https:\/\/formantia.es\/blog\/wp-json\/wp\/v2\/comments?post=41639"}],"version-history":[{"count":5,"href":"https:\/\/formantia.es\/blog\/wp-json\/wp\/v2\/posts\/41639\/revisions"}],"predecessor-version":[{"id":41649,"href":"https:\/\/formantia.es\/blog\/wp-json\/wp\/v2\/posts\/41639\/revisions\/41649"}],"wp:featuredmedia":[{"embeddable":true,"href":"https:\/\/formantia.es\/blog\/wp-json\/wp\/v2\/media\/41642"}],"wp:attachment":[{"href":"https:\/\/formantia.es\/blog\/wp-json\/wp\/v2\/media?parent=41639"}],"wp:term":[{"taxonomy":"category","embeddable":true,"href":"https:\/\/formantia.es\/blog\/wp-json\/wp\/v2\/categories?post=41639"},{"taxonomy":"post_tag","embeddable":true,"href":"https:\/\/formantia.es\/blog\/wp-json\/wp\/v2\/tags?post=41639"}],"curies":[{"name":"wp","href":"https:\/\/api.w.org\/{rel}","templated":true}]}}