{"id":41510,"date":"2025-07-02T10:58:03","date_gmt":"2025-07-02T08:58:03","guid":{"rendered":"https:\/\/formantia.es\/blog\/?p=41510"},"modified":"2025-07-02T10:58:03","modified_gmt":"2025-07-02T08:58:03","slug":"enfermeria-andalucia-servicio-de-salud-nombramiento-de-personal-estatutario-y-relacion-complementaria-de-aspirantes-02-07-2025","status":"publish","type":"post","link":"https:\/\/formantia.es\/blog\/enfermeria-andalucia-servicio-de-salud-nombramiento-de-personal-estatutario-y-relacion-complementaria-de-aspirantes-02-07-2025\/","title":{"rendered":"El Servicio Andaluz de Salud nombra personal estatutario fijo de Enfermer\u00eda y acude a la relaci\u00f3n complementaria de aspirantes"},"content":{"rendered":"\t\t<div data-elementor-type=\"wp-post\" data-elementor-id=\"41510\" class=\"elementor elementor-41510\" data-elementor-post-type=\"post\">\n\t\t\t\t\t\t<section class=\"elementor-section elementor-top-section elementor-element elementor-element-d317b70 elementor-section-boxed elementor-section-height-default elementor-section-height-default\" data-id=\"d317b70\" data-element_type=\"section\">\n\t\t\t\t\t\t<div class=\"elementor-container elementor-column-gap-default\">\n\t\t\t\t\t<div class=\"elementor-column elementor-col-100 elementor-top-column elementor-element elementor-element-d5d0304\" data-id=\"d5d0304\" data-element_type=\"column\">\n\t\t\t<div class=\"elementor-widget-wrap elementor-element-populated\">\n\t\t\t\t\t\t<div class=\"elementor-element elementor-element-a481abe elementor-widget elementor-widget-text-editor\" data-id=\"a481abe\" data-element_type=\"widget\" data-widget_type=\"text-editor.default\">\n\t\t\t\t<div class=\"elementor-widget-container\">\n\t\t\t\t\t\t\t\t\t<p><em>Resoluci\u00f3n de 26 de junio de 2025, de la Direcci\u00f3n General de Personal del Servicio Andaluz de Salud, por la que se modifica la Resoluci\u00f3n de 9 de mayo de 2025, de la Direcci\u00f3n General de Personal del Servicio Andaluz de Salud, y por la que se nombra personal estatutario fijo en la categor\u00eda de Enfermero\/a, por el sistema de acceso libre, a las personas aspirantes que han superado el proceso selectivo de concurso-oposici\u00f3n, convocado mediante Resoluci\u00f3n de 22 de diciembre de 2022, se declaran deca\u00eddas las personas que se citan, se acude a la relaci\u00f3n complementaria de personas aspirantes a las que, siguiendo a las que superan el concurso-oposici\u00f3n, se les requiere presentaci\u00f3n de solicitudes de petici\u00f3n de centro de destino, se inicia el plazo para solicitar destino, y se anuncia la apertura de audiencia previa para las personas candidatas que se citan.<\/em><\/p>\t\t\t\t\t\t\t\t<\/div>\n\t\t\t\t<\/div>\n\t\t\t\t\t<\/div>\n\t\t<\/div>\n\t\t\t\t\t<\/div>\n\t\t<\/section>\n\t\t\t\t<section class=\"elementor-section elementor-top-section elementor-element elementor-element-8f1052f elementor-section-boxed elementor-section-height-default elementor-section-height-default\" data-id=\"8f1052f\" data-element_type=\"section\">\n\t\t\t\t\t\t<div class=\"elementor-container elementor-column-gap-default\">\n\t\t\t\t\t<div class=\"elementor-column elementor-col-100 elementor-top-column elementor-element elementor-element-745da7d\" data-id=\"745da7d\" data-element_type=\"column\">\n\t\t\t<div class=\"elementor-widget-wrap elementor-element-populated\">\n\t\t\t\t\t\t<div class=\"elementor-element elementor-element-071ac05 elementor-widget elementor-widget-text-editor\" data-id=\"071ac05\" data-element_type=\"widget\" data-widget_type=\"text-editor.default\">\n\t\t\t\t<div class=\"elementor-widget-container\">\n\t\t\t\t\t\t\t\t\t<p>\ud83d\udc49 <a href=\"https:\/\/www.juntadeandalucia.es\/eboja\/2025\/125\/BOJA25-125-00006-9284-01_00322883.pdf\" target=\"_blank\" rel=\"noopener\">Consulta aqu\u00ed toda la informaci\u00f3n<\/a><\/p>\t\t\t\t\t\t\t\t<\/div>\n\t\t\t\t<\/div>\n\t\t\t\t\t<\/div>\n\t\t<\/div>\n\t\t\t\t\t<\/div>\n\t\t<\/section>\n\t\t\t\t<section class=\"elementor-section elementor-top-section elementor-element elementor-element-652bda9 elementor-section-boxed elementor-section-height-default elementor-section-height-default\" data-id=\"652bda9\" data-element_type=\"section\">\n\t\t\t\t\t\t<div class=\"elementor-container elementor-column-gap-default\">\n\t\t\t\t\t<div class=\"elementor-column elementor-col-100 elementor-top-column elementor-element elementor-element-2e03a0c\" data-id=\"2e03a0c\" data-element_type=\"column\">\n\t\t\t<div class=\"elementor-widget-wrap elementor-element-populated\">\n\t\t\t\t\t\t<div class=\"elementor-element elementor-element-41adf56 elementor-widget elementor-widget-text-editor\" data-id=\"41adf56\" data-element_type=\"widget\" data-widget_type=\"text-editor.default\">\n\t\t\t\t<div class=\"elementor-widget-container\">\n\t\t\t\t\t\t\t\t\t<p>Nombramientos en Anexo I.<\/p><p>Relaci\u00f3n complementaria de las personas aspirantes a las que se acude en Anexo III.<\/p>\t\t\t\t\t\t\t\t<\/div>\n\t\t\t\t<\/div>\n\t\t\t\t\t<\/div>\n\t\t<\/div>\n\t\t\t\t\t<\/div>\n\t\t<\/section>\n\t\t\t\t<section class=\"elementor-section elementor-top-section elementor-element elementor-element-c985091 elementor-section-boxed elementor-section-height-default elementor-section-height-default\" data-id=\"c985091\" data-element_type=\"section\">\n\t\t\t\t\t\t<div class=\"elementor-container elementor-column-gap-default\">\n\t\t\t\t\t<div class=\"elementor-column elementor-col-100 elementor-top-column elementor-element elementor-element-4e6da90\" data-id=\"4e6da90\" data-element_type=\"column\">\n\t\t\t<div class=\"elementor-widget-wrap elementor-element-populated\">\n\t\t\t\t\t\t<div class=\"elementor-element elementor-element-5bde19a elementor-widget elementor-widget-heading\" data-id=\"5bde19a\" data-element_type=\"widget\" data-widget_type=\"heading.default\">\n\t\t\t\t<div class=\"elementor-widget-container\">\n\t\t\t\t\t<h3 class=\"elementor-heading-title elementor-size-default\">Plazo<\/h3>\t\t\t\t<\/div>\n\t\t\t\t<\/div>\n\t\t\t\t\t<\/div>\n\t\t<\/div>\n\t\t\t\t\t<\/div>\n\t\t<\/section>\n\t\t\t\t<section class=\"elementor-section elementor-top-section elementor-element elementor-element-73af178 elementor-section-boxed elementor-section-height-default elementor-section-height-default\" data-id=\"73af178\" data-element_type=\"section\">\n\t\t\t\t\t\t<div class=\"elementor-container elementor-column-gap-default\">\n\t\t\t\t\t<div class=\"elementor-column elementor-col-100 elementor-top-column elementor-element elementor-element-a76cf27\" data-id=\"a76cf27\" data-element_type=\"column\">\n\t\t\t<div class=\"elementor-widget-wrap elementor-element-populated\">\n\t\t\t\t\t\t<div class=\"elementor-element elementor-element-a4dc7fc elementor-widget elementor-widget-text-editor\" data-id=\"a4dc7fc\" data-element_type=\"widget\" data-widget_type=\"text-editor.default\">\n\t\t\t\t<div class=\"elementor-widget-container\">\n\t\t\t\t\t\t\t\t\t<p>El plazo de toma de posesi\u00f3n ser\u00e1 de un mes improrrogable, contado a partir del primer d\u00eda h\u00e1bil siguiente al de publicaci\u00f3n de la presente resoluci\u00f3n.<\/p><p>El plazo para presentar la solicitud de petici\u00f3n de centro de destino ser\u00e1 de 5 d\u00edas h\u00e1biles.<\/p>\t\t\t\t\t\t\t\t<\/div>\n\t\t\t\t<\/div>\n\t\t\t\t\t<\/div>\n\t\t<\/div>\n\t\t\t\t\t<\/div>\n\t\t<\/section>\n\t\t\t\t<section class=\"elementor-section elementor-top-section elementor-element elementor-element-100920e elementor-section-boxed elementor-section-height-default elementor-section-height-default\" data-id=\"100920e\" data-element_type=\"section\">\n\t\t\t\t\t\t<div class=\"elementor-container elementor-column-gap-default\">\n\t\t\t\t\t<div class=\"elementor-column elementor-col-100 elementor-top-column elementor-element elementor-element-d415900\" data-id=\"d415900\" data-element_type=\"column\">\n\t\t\t<div class=\"elementor-widget-wrap elementor-element-populated\">\n\t\t\t\t\t\t<div class=\"elementor-element elementor-element-03ca41d elementor-widget elementor-widget-text-editor\" data-id=\"03ca41d\" data-element_type=\"widget\" data-widget_type=\"text-editor.default\">\n\t\t\t\t<div class=\"elementor-widget-container\">\n\t\t\t\t\t\t\t\t\t<p class=\"p1\">Disclaimer\/aviso:<\/p><p class=\"p1\">La informaci\u00f3n provista en los post del blog de Formantia no constituye ni pretende constituir asesoramiento legal personalizado; toda la informaci\u00f3n facilitada es solo para fines informativos generales y pueden no constituir informaci\u00f3n exhaustiva.<\/p><p class=\"p1\">En la medida que el blog contenga enlaces a otros contenidos de terceros, dichos enlaces son solo para la ampliar la informaci\u00f3n del lector, usuario o navegador; Formantia no recomienda ni respalda dicho contenido.<\/p><p class=\"p1\">Se renuncia expresamente a toda responsabilidad con respecto a las acciones tomadas o no tomadas en base al contenido de los post del blog.<\/p>\t\t\t\t\t\t\t\t<\/div>\n\t\t\t\t<\/div>\n\t\t\t\t\t<\/div>\n\t\t<\/div>\n\t\t\t\t\t<\/div>\n\t\t<\/section>\n\t\t\t\t<\/div>\n\t\t","protected":false},"excerpt":{"rendered":"<p>Resoluci\u00f3n de 26 de junio de 2025, de la Direcci\u00f3n General de Personal del Servicio Andaluz de Salud, por la que se modifica la Resoluci\u00f3n de 9 de mayo de 2025, de la Direcci\u00f3n General de Personal del Servicio Andaluz de Salud, y por la que se nombra personal estatutario fijo en la categor\u00eda de [&hellip;]<\/p>\n","protected":false},"author":16,"featured_media":41490,"comment_status":"closed","ping_status":"open","sticky":false,"template":"","format":"standard","meta":{"_seopress_robots_primary_cat":"none","footnotes":""},"categories":[186],"tags":[23],"class_list":["post-41510","post","type-post","status-publish","format-standard","has-post-thumbnail","hentry","category-noticias","tag-enfermeria","entry"],"_links":{"self":[{"href":"https:\/\/formantia.es\/blog\/wp-json\/wp\/v2\/posts\/41510","targetHints":{"allow":["GET"]}}],"collection":[{"href":"https:\/\/formantia.es\/blog\/wp-json\/wp\/v2\/posts"}],"about":[{"href":"https:\/\/formantia.es\/blog\/wp-json\/wp\/v2\/types\/post"}],"author":[{"embeddable":true,"href":"https:\/\/formantia.es\/blog\/wp-json\/wp\/v2\/users\/16"}],"replies":[{"embeddable":true,"href":"https:\/\/formantia.es\/blog\/wp-json\/wp\/v2\/comments?post=41510"}],"version-history":[{"count":5,"href":"https:\/\/formantia.es\/blog\/wp-json\/wp\/v2\/posts\/41510\/revisions"}],"predecessor-version":[{"id":41517,"href":"https:\/\/formantia.es\/blog\/wp-json\/wp\/v2\/posts\/41510\/revisions\/41517"}],"wp:featuredmedia":[{"embeddable":true,"href":"https:\/\/formantia.es\/blog\/wp-json\/wp\/v2\/media\/41490"}],"wp:attachment":[{"href":"https:\/\/formantia.es\/blog\/wp-json\/wp\/v2\/media?parent=41510"}],"wp:term":[{"taxonomy":"category","embeddable":true,"href":"https:\/\/formantia.es\/blog\/wp-json\/wp\/v2\/categories?post=41510"},{"taxonomy":"post_tag","embeddable":true,"href":"https:\/\/formantia.es\/blog\/wp-json\/wp\/v2\/tags?post=41510"}],"curies":[{"name":"wp","href":"https:\/\/api.w.org\/{rel}","templated":true}]}}